{"id":57701,"date":"2010-12-13T18:11:30","date_gmt":"2010-12-13T17:11:30","guid":{"rendered":"https:\/\/www.claret.org\/vorbereitung-auf-die-generalversammlung-der-laien-claretiner\/"},"modified":"2010-12-13T18:11:30","modified_gmt":"2010-12-13T17:11:30","slug":"vorbereitung-auf-die-generalversammlung-der-laien-claretiner","status":"publish","type":"post","link":"https:\/\/www.claret.org\/fr\/vorbereitung-auf-die-generalversammlung-der-laien-claretiner\/","title":{"rendered":"Vorbereitung auf die Generalversammlung der Laien-Claretiner"},"content":{"rendered":"<p><strong>S\u00e3o Paulo,Brasilien.<\/strong> Drei Mitglieder der Generalkoordination der Bewegung der Laien-Claretiner Tino, Ferm\u00edn und Magda haben sich zusammen mit ihrem religi\u00f6sen Beirat P. Paul Smyth CMF, Generalvikar der Claretiner-Missionare, im Provinzialat der Brasilianischen Claretinerprovinz getroffen, um die n\u00e4chste Generalversammlung der Bewegung vorzubereiten, die im Juli 2011 in Aparecida do Norte stattfindet.<\/p>\n<p>An der Zusammenkunft haben auch Teresa Teixeira Bicheiro und Sheila Agricola, Mitglieder der Regionalkoordination der Bewegung, sowie P. Ozanilton Batista de Abreu CMF, Regionalbeirat der Bewegung in Brasilien, teilgenommen.<\/p>\n","protected":false},"excerpt":{"rendered":"<p>S\u00e3o Paulo,Brasilien. Drei Mitglieder der Generalkoordination der Bewegung der Laien-Claretiner Tino, Ferm\u00edn und Magda haben sich zusammen mit ihrem religi\u00f6sen Beirat P. Paul Smyth CMF, Generalvikar der Claretiner-Missionare, im Provinzialat der Brasilianischen Claretinerprovinz getroffen, um die n\u00e4chste Generalversammlung der Bewegung vorzubereiten, die im Juli 2011 in Aparecida do Norte stattfindet. An der Zusammenkunft haben auch [&hellip;]<\/p>\n","protected":false},"author":1,"featured_media":57695,"comment_status":"closed","ping_status":"closed","sticky":false,"template":"","format":"standard","meta":{"_et_pb_use_builder":"","_et_pb_old_content":"","_et_gb_content_width":"","footnotes":""},"categories":[362,532],"tags":[],"class_list":["post-57701","post","type-post","status-publish","format-standard","has-post-thumbnail","hentry","category-brasil-fr","category-famille-claretaine"],"jetpack_featured_media_url":"https:\/\/i0.wp.com\/www.claret.org\/wp-content\/uploads\/2019\/07\/Brasil_SC.jpg?fit=553%2C428&ssl=1","jetpack_sharing_enabled":true,"jetpack_shortlink":"https:\/\/wp.me\/pdaBmi-f0F","jetpack_likes_enabled":true,"_links":{"self":[{"href":"https:\/\/www.claret.org\/fr\/wp-json\/wp\/v2\/posts\/57701","targetHints":{"allow":["GET"]}}],"collection":[{"href":"https:\/\/www.claret.org\/fr\/wp-json\/wp\/v2\/posts"}],"about":[{"href":"https:\/\/www.claret.org\/fr\/wp-json\/wp\/v2\/types\/post"}],"author":[{"embeddable":true,"href":"https:\/\/www.claret.org\/fr\/wp-json\/wp\/v2\/users\/1"}],"replies":[{"embeddable":true,"href":"https:\/\/www.claret.org\/fr\/wp-json\/wp\/v2\/comments?post=57701"}],"version-history":[{"count":0,"href":"https:\/\/www.claret.org\/fr\/wp-json\/wp\/v2\/posts\/57701\/revisions"}],"wp:featuredmedia":[{"embeddable":true,"href":"https:\/\/www.claret.org\/fr\/wp-json\/wp\/v2\/media\/57695"}],"wp:attachment":[{"href":"https:\/\/www.claret.org\/fr\/wp-json\/wp\/v2\/media?parent=57701"}],"wp:term":[{"taxonomy":"category","embeddable":true,"href":"https:\/\/www.claret.org\/fr\/wp-json\/wp\/v2\/categories?post=57701"},{"taxonomy":"post_tag","embeddable":true,"href":"https:\/\/www.claret.org\/fr\/wp-json\/wp\/v2\/tags?post=57701"}],"curies":[{"name":"wp","href":"https:\/\/api.w.org\/{rel}","templated":true}]}}