{"id":62998,"date":"2019-10-01T21:57:25","date_gmt":"2019-10-01T19:57:25","guid":{"rendered":"https:\/\/www.claret.org\/le-pape-etablit-le-troisieme-dimanche-du-temps-ordinaire-en-tant-que-dimanche-de-la-parole-de-dieu\/"},"modified":"2019-10-01T21:57:25","modified_gmt":"2019-10-01T19:57:25","slug":"le-pape-etablit-le-troisieme-dimanche-du-temps-ordinaire-en-tant-que-dimanche-de-la-parole-de-dieu","status":"publish","type":"post","link":"https:\/\/www.claret.org\/fr\/le-pape-etablit-le-troisieme-dimanche-du-temps-ordinaire-en-tant-que-dimanche-de-la-parole-de-dieu\/","title":{"rendered":"LE PAPE \u00c9TABLIT LE TROISI\u00c8ME DIMANCHE DU TEMPS ORDINAIRE EN TANT QUE DIMANCHE DE LA PAROLE DE DIEU"},"content":{"rendered":"<p><strong>C<\/strong><strong>it\u00e9 du Vatican. <\/strong>\u00c0 travers sa Lettre Apostolique, Motu Proprio \u00ab <em>Aperuit illis \u00bb<\/em>, publi\u00e9e le lundi, F\u00eate de Saint J\u00e9r\u00f4me, 30 septembre, 2019, le Pape Fran\u00e7ois a d\u00e9clar\u00e9 le Troisi\u00e8me Dimanche du Temps Ordinaire comme Dimanche de la Parole de Dieu. Ce Dimanche va \u00eatre d\u00e9di\u00e9 \u00e0 la c\u00e9l\u00e9bration, \u00e9tude et diffusion de la Parole de Dieu. . La publication de \u00ab <em>Aperuit illis<\/em> \u00bb elle signale, aussi, le 1600 anniversaire de la mort de Saint J\u00e9r\u00f4me, l\u2019homme qui traduisit  la plupart de la Bible au latin, et qui \u00e9non\u00e7a le c\u00e9l\u00e8bre adage : \u00ab <em>L\u2019ignorance des \u00c9critures constitue ignorance du Christ<\/em> \u00bb. \u00ab <em>Aperuit illis<\/em> \u00bb nait de la description de Saint Luc sur comment le Christ ressuscit\u00e9 apparut \u00e0 ses disciples sur le chemin d\u2019\u00c9ma\u00fcs  et comment le Seigneur ouvrit leurs intelligences pour comprendre les \u00c9critures.<\/p>\n<p>Le Pape a signal\u00e9 la valeur oeucum\u00e9nique de la c\u00e9l\u00e9bration affirmant que \u00ab <em> les \u00c9critures signalent, pour ceux qui \u00e9coutent, le chemin vers l\u2019unit\u00e9 authentique et ferme<\/em> \u00bb. Le Pape invite les communaut\u00e9s locales \u00e0 trouver des fa\u00e7ons, pour <em>\u00ab  souligner ce dimanche avec une certaine solennit\u00e9 \u00ab. <\/em>Et il sugg\u00e8re introniser les textes sacr\u00e9s <em>afin de centrer l\u2019attention de l\u2019assembl\u00e9e sur la valeur normative de la Parole de Dieu<\/em> et, aussi pour lui donner au cours  de \u00ab<em> l\u2019hom\u00e9lie l\u2019honneur qu\u2019il se doit<\/em> \u00bb. Le Pape emphatise, \u00e9galement, voulant que la Bible appartient \u00ab <em>\u00e0  ceux qui sont appel\u00e9s \u00e0 \u00e9couter son message et \u00e0 se reconnaitre dans ses paroles<\/em> \u00ab. Elle constitue une Parole pour tous.<\/p>\n<p>En outre, il rappelle aux pasteurs de veiller sur leurs hom\u00e9lies et il les avertit concernant l\u2019improvisation ou faire des <em>longues <\/em>h<em>om\u00e9lies et p\u00e9dantes  ou se d\u00e9vier vers de sujets n\u2019ayant pas de rapport. <\/em>Il sugg\u00e8re user un langage simple et ad\u00e9quat, et profiter de cette occasion pour expliquer le contenu des Saintes \u00c9critures pouvant aider les fid\u00e8les \u00e0 l\u2019appliquer dans leur vie quotidienne.<\/p>\n<p>De m\u00eame, il mentionne la relevance  et le rapport entre \u00ab  <em>Saintes \u00c9critures et les Sacrements ; le r\u00f4le de l\u2019Esprit Saint chez les \u00c9critures \u00bb. <\/em>Il affirme que c\u2019est le Saint Esprit qui \u00ab   <em>fait des Saintes \u00c9critures la parole de Dieu, exp\u00e9riment\u00e9e et transmise dans la foi de son peuple saint \u00bb. <\/em>Le Pape Fran\u00e7ois nous invite \u00e0 \u00ab <em>nous laisser nourrir par elle, afin de reconnaitre et vivre pleinement notre relation avec Lui et avec nos fr\u00e8res et s\u0153urs<\/em> \u00bb.<\/p>\n<p>En guise de conclusion il affirme : \u00ab<em>le grand d\u00e9fi devant nous dans la vie : \u00e9couter la Sainte \u00c9criture et par apr\u00e8s pratiquer la mis\u00e9ricorde<\/em> \u00bb. Les Saintes \u00c9critures, affirme-t-il : \u00ab <em>Ont-elles la puissance  \u00e0 d\u2019ouvrir les yeux et nous permettre renoncer \u00e0 un individualisme \u00e9touffant et st\u00e9rile et, \u00e0 sa place, entreprendre un nouveau chemin de partage et de solidarit\u00e9 <\/em>\u00ab.<\/p>\n<p><span style=\"color: #ff0000;\"><strong>LINK TO THE COMPLETE TEXT:<\/strong> <\/span>[ <a href=\"http:\/\/w2.vatican.va\/content\/francesco\/ar\/motu_proprio\/documents\/papa-francesco-motu-proprio-20190930_aperuit-illis.html\" rel=\"nofollow noopener\" target=\"_blank\">AR<\/a>  &#8211; <a href=\"http:\/\/w2.vatican.va\/content\/francesco\/de\/motu_proprio\/documents\/papa-francesco-motu-proprio-20190930_aperuit-illis.html\" rel=\"nofollow noopener\" target=\"_blank\">DE<\/a>  &#8211; <a href=\"http:\/\/w2.vatican.va\/content\/francesco\/en\/motu_proprio\/documents\/papa-francesco-motu-proprio-20190930_aperuit-illis.html\" rel=\"nofollow noopener\" target=\"_blank\">EN<\/a>  &#8211; <a href=\"http:\/\/w2.vatican.va\/content\/francesco\/es\/motu_proprio\/documents\/papa-francesco-motu-proprio-20190930_aperuit-illis.html\" rel=\"nofollow noopener\" target=\"_blank\">ES<\/a>  &#8211; <a href=\"http:\/\/w2.vatican.va\/content\/francesco\/fr\/motu_proprio\/documents\/papa-francesco-motu-proprio-20190930_aperuit-illis.html\" rel=\"nofollow noopener\" target=\"_blank\">FR<\/a>  &#8211; <a href=\"http:\/\/w2.vatican.va\/content\/francesco\/it\/motu_proprio\/documents\/papa-francesco-motu-proprio-20190930_aperuit-illis.html\" rel=\"nofollow noopener\" target=\"_blank\">IT<\/a>  &#8211; <a href=\"http:\/\/w2.vatican.va\/content\/francesco\/pl\/motu_proprio\/documents\/papa-francesco-motu-proprio-20190930_aperuit-illis.html\" rel=\"nofollow noopener\" target=\"_blank\">PL<\/a>  &#8211; <a href=\"http:\/\/w2.vatican.va\/content\/francesco\/pt\/motu_proprio\/documents\/papa-francesco-motu-proprio-20190930_aperuit-illis.html\" rel=\"nofollow noopener\" target=\"_blank\">PT<\/a> ]<\/p>\n<p><\/p>\n","protected":false},"excerpt":{"rendered":"<p>Cit\u00e9 du Vatican. \u00c0 travers sa Lettre Apostolique, Motu Proprio \u00ab Aperuit illis \u00bb, publi\u00e9e le lundi, F\u00eate de Saint J\u00e9r\u00f4me, 30 septembre, 2019, le Pape Fran\u00e7ois a d\u00e9clar\u00e9 le Troisi\u00e8me Dimanche du Temps Ordinaire comme Dimanche de la Parole de Dieu. Ce Dimanche va \u00eatre d\u00e9di\u00e9 \u00e0 la c\u00e9l\u00e9bration, \u00e9tude et diffusion de la [&hellip;]<\/p>\n","protected":false},"author":2,"featured_media":62780,"comment_status":"closed","ping_status":"closed","sticky":false,"template":"","format":"standard","meta":{"_et_pb_use_builder":"","_et_pb_old_content":"","_et_gb_content_width":"","footnotes":""},"categories":[502],"tags":[],"class_list":["post-62998","post","type-post","status-publish","format-standard","has-post-thumbnail","hentry","category-nouvelles-ecclesiastiques"],"jetpack_featured_media_url":"https:\/\/i0.wp.com\/www.claret.org\/wp-content\/uploads\/2019\/10\/Aperuit-illis.jpg?fit=960%2C540&ssl=1","jetpack_sharing_enabled":true,"jetpack_shortlink":"https:\/\/wp.me\/pdaBmi-go6","jetpack_likes_enabled":true,"_links":{"self":[{"href":"https:\/\/www.claret.org\/fr\/wp-json\/wp\/v2\/posts\/62998","targetHints":{"allow":["GET"]}}],"collection":[{"href":"https:\/\/www.claret.org\/fr\/wp-json\/wp\/v2\/posts"}],"about":[{"href":"https:\/\/www.claret.org\/fr\/wp-json\/wp\/v2\/types\/post"}],"author":[{"embeddable":true,"href":"https:\/\/www.claret.org\/fr\/wp-json\/wp\/v2\/users\/2"}],"replies":[{"embeddable":true,"href":"https:\/\/www.claret.org\/fr\/wp-json\/wp\/v2\/comments?post=62998"}],"version-history":[{"count":0,"href":"https:\/\/www.claret.org\/fr\/wp-json\/wp\/v2\/posts\/62998\/revisions"}],"wp:featuredmedia":[{"embeddable":true,"href":"https:\/\/www.claret.org\/fr\/wp-json\/wp\/v2\/media\/62780"}],"wp:attachment":[{"href":"https:\/\/www.claret.org\/fr\/wp-json\/wp\/v2\/media?parent=62998"}],"wp:term":[{"taxonomy":"category","embeddable":true,"href":"https:\/\/www.claret.org\/fr\/wp-json\/wp\/v2\/categories?post=62998"},{"taxonomy":"post_tag","embeddable":true,"href":"https:\/\/www.claret.org\/fr\/wp-json\/wp\/v2\/tags?post=62998"}],"curies":[{"name":"wp","href":"https:\/\/api.w.org\/{rel}","templated":true}]}}