{"id":62999,"date":"2019-10-02T09:48:44","date_gmt":"2019-10-02T07:48:44","guid":{"rendered":"https:\/\/www.claret.org\/journees-de-partage-avant-les-sessions-intensives-du-gouvernement-general\/"},"modified":"2019-10-02T09:48:44","modified_gmt":"2019-10-02T07:48:44","slug":"journees-de-partage-avant-les-sessions-intensives-du-gouvernement-general","status":"publish","type":"post","link":"https:\/\/www.claret.org\/fr\/journees-de-partage-avant-les-sessions-intensives-du-gouvernement-general\/","title":{"rendered":"JOURN\u00c9ES DE PARTAGE AVANT LES SESSIONS INTENSIVES DU GOUVERNEMENT G\u00c9N\u00c9RAL"},"content":{"rendered":"<p><strong>N<\/strong><strong>emi, Italie. <\/strong>Quelques jours avant les sessions intensives du Gouvernement G\u00e9n\u00e9ral qui auront lieu au cours du mois d\u2019octobre, le P\u00e8re G\u00e9n\u00e9ral ainsi que les membres de son Conseil ont eu quelques jours  de coexistence, rencontre, r\u00e9flexion au Centre \u00ab <em>Ad Gentes<\/em> \u00bb \u00e0 Nemi. La dite rencontre a eu lieu, concr\u00e8tement d\u00e8s l\u2019apr\u00e8s-midi du 29 septembre jusqu\u2019\u00e0 midi du 1<sup>er<\/sup> octobre.<\/p>\n<p>Profitant de cette circonstance le Gouvernement G\u00e9n\u00e9ral  s\u2019est r\u00e9uni  avec le Gouvernement G\u00e9n\u00e9ral et l\u2019\u00c9conome G\u00e9n\u00e9rale des Religieuses de Marie Immacul\u00e9e-Missionnaires Clar\u00e9taines, le 1<sup>er<\/sup> octobre, \u00e0 9h.00 du matin. Lors de cette session conjointe on a r\u00e9alis\u00e9 \u00e0 partir de la  m\u00e9thodologie  \u00ab <em>investigation appr\u00e9ciative \u00bb,<\/em> un discernement conjoint ayant regard pour continuer  \u00e0 stimuler et concr\u00e9tiser la collaboration missionnaire entre les deux Gouvernements et les deux Congr\u00e9gations dans le cadre plus large de la Famille Clar\u00e9taine. Cette r\u00e9union a pris fin avec la c\u00e9l\u00e9bration de l\u2019Eucharistie et le repas fraternel.<\/p>\n<p>&nbsp;<\/p>\n<p>[envira-gallery id=\u00a0\u00bb62857&Prime;]<\/p>\n","protected":false},"excerpt":{"rendered":"<p>Nemi, Italie. Quelques jours avant les sessions intensives du Gouvernement G\u00e9n\u00e9ral qui auront lieu au cours du mois d\u2019octobre, le P\u00e8re G\u00e9n\u00e9ral ainsi que les membres de son Conseil ont eu quelques jours de coexistence, rencontre, r\u00e9flexion au Centre \u00ab Ad Gentes \u00bb \u00e0 Nemi. La dite rencontre a eu lieu, concr\u00e8tement d\u00e8s l\u2019apr\u00e8s-midi du [&hellip;]<\/p>\n","protected":false},"author":2,"featured_media":62860,"comment_status":"closed","ping_status":"closed","sticky":false,"template":"","format":"standard","meta":{"_et_pb_use_builder":"","_et_pb_old_content":"","_et_gb_content_width":"","footnotes":""},"categories":[532,521],"tags":[],"class_list":["post-62999","post","type-post","status-publish","format-standard","has-post-thumbnail","hentry","category-famille-claretaine","category-gouvernement-general"],"jetpack_featured_media_url":"https:\/\/i0.wp.com\/www.claret.org\/wp-content\/uploads\/2019\/10\/GG-20191002-GG-Convivencia-Octubre-2.jpeg?fit=1599%2C1200&ssl=1","jetpack_sharing_enabled":true,"jetpack_shortlink":"https:\/\/wp.me\/pdaBmi-go7","jetpack_likes_enabled":true,"_links":{"self":[{"href":"https:\/\/www.claret.org\/fr\/wp-json\/wp\/v2\/posts\/62999","targetHints":{"allow":["GET"]}}],"collection":[{"href":"https:\/\/www.claret.org\/fr\/wp-json\/wp\/v2\/posts"}],"about":[{"href":"https:\/\/www.claret.org\/fr\/wp-json\/wp\/v2\/types\/post"}],"author":[{"embeddable":true,"href":"https:\/\/www.claret.org\/fr\/wp-json\/wp\/v2\/users\/2"}],"replies":[{"embeddable":true,"href":"https:\/\/www.claret.org\/fr\/wp-json\/wp\/v2\/comments?post=62999"}],"version-history":[{"count":0,"href":"https:\/\/www.claret.org\/fr\/wp-json\/wp\/v2\/posts\/62999\/revisions"}],"wp:featuredmedia":[{"embeddable":true,"href":"https:\/\/www.claret.org\/fr\/wp-json\/wp\/v2\/media\/62860"}],"wp:attachment":[{"href":"https:\/\/www.claret.org\/fr\/wp-json\/wp\/v2\/media?parent=62999"}],"wp:term":[{"taxonomy":"category","embeddable":true,"href":"https:\/\/www.claret.org\/fr\/wp-json\/wp\/v2\/categories?post=62999"},{"taxonomy":"post_tag","embeddable":true,"href":"https:\/\/www.claret.org\/fr\/wp-json\/wp\/v2\/tags?post=62999"}],"curies":[{"name":"wp","href":"https:\/\/api.w.org\/{rel}","templated":true}]}}