{"id":65728,"date":"2019-10-21T09:22:27","date_gmt":"2019-10-21T07:22:27","guid":{"rendered":"https:\/\/www.claret.org\/presentation-anticipee-du-projet-de-la-congregation-de-lannee-claretaine\/"},"modified":"2019-10-21T09:22:27","modified_gmt":"2019-10-21T07:22:27","slug":"presentation-anticipee-du-projet-de-la-congregation-de-lannee-claretaine","status":"publish","type":"post","link":"https:\/\/www.claret.org\/fr\/presentation-anticipee-du-projet-de-la-congregation-de-lannee-claretaine\/","title":{"rendered":"Pr\u00e9sentation anticip\u00e9e du Projet de la congr\u00e9gation de \u00ab l\u2019Ann\u00e9e Clar\u00e9taine\u00bb"},"content":{"rendered":"<p><strong>Rome, Italie. <\/strong>Profitant le programme mensuel de formation permanente de la  communaut\u00e9 de la Curie G\u00e9n\u00e9rale, le Pr\u00e9fet G\u00e9n\u00e9ral de Spiritualit\u00e9, P. Gonzalo Fern\u00e1ndez CMF, a pr\u00e9sent\u00e9 , samedi matin, 19 octobre, 2019, le projet de \u00ab  l\u2019<em>Ann\u00e9e Clar\u00e9taine \u00bb <\/em>au <em>grand amphith\u00e9\u00e2tre <\/em> de la Curie G\u00e9n\u00e9rale. Avec lui se sont trouv\u00e9s  le P. Vicente Sanz CMF, Archiviste G\u00e9n\u00e9ral et Sup\u00e9rieur local de la Curie G\u00e9n\u00e9rale,   qui a \u00e9crit les sections historiques et des personnalit\u00e9s, et le P.  Louie Guades III, CMF des Services d\u2019Information du  Secr\u00e9tariat G\u00e9n\u00e9ral lequel a dessin\u00e9  d\u2019un fa\u00e7on artistique tout le livre et le site web .<\/p>\n<p>Le P. Gonzaloa expliqu\u00e9 aux assistants les objectifs et la vision du projet, l\u2019importance des diff\u00e9rentes sections, son emploi et d\u2019autres d\u00e9tails du projet. Les deux autres ont  rapport\u00e9 le processus qu\u2019ils ont r\u00e9alises  afin de parvenir au format final du projet. Le P. Gonzalo a exprim\u00e9 sa gratitude  \u00e0 tous les involucr\u00e9s : <em>CESC , <\/em>Centre Forge et d\u2019autres personnes.<\/p>\n<p>L\u2019application mobile pr\u00e9par\u00e9e \u00e0 la Province du Br\u00e9sil, tout comme le site web http:\/\/www.itercmf.org  qui va contenir  les mat\u00e9riaux compl\u00e9mentaires du livre, sera mise sur pied le 24 de ce mois-ci, F\u00eate du P\u00e8re Fondateur, Saint Antoine Marie Claret. Tous les Organismes majeurs  de langue espagnole ont re\u00e7u  les instructions au sujet de la distribution des copies imprim\u00e9es \u00e0 tous leurs membres temporels et prof\u00e8s perp\u00e9tuels (\u00c9tudiants, Fr\u00e8res, Ordonn\u00e9s) au cours des premiers jours de l\u2019Avent, et d\u2019une fa\u00e7on sp\u00e9ciale et c\u00e9r\u00e9moniale. Bient\u00f4t on va envoyer un guide de c\u00e9l\u00e9bration. Les copies en anglais vont \u00eatre distribu\u00e9es apr\u00e8s No\u00ebl. Le d\u00e9but officiel de l\u2019emploi du livre est le 1<sup>er<\/sup> janvier, 2020.<\/p>\n<p>R\u00e9pondant au xxv Chapitre G\u00e9n\u00e9ral \u00ab <em> l\u2019ann\u00e9e clar\u00e9taine  constitue un instrument \u00e0 usage quotidien accompagnant tous les missionnaires Clar\u00e9tains du monde, au cours de tous les jours de l\u2019ann\u00e9e, afin de  mieux conna\u00eetre  nos racines et raviver notre vie <\/em>\u00bb .Essentiellement il se compose de deux sections.<strong>section historique-<em>itin\u00e9raire <\/em><\/strong>de Saint Antoine Marie Claret, du 1<sup>er<\/sup> janvier jusqu\u2019au 31 d\u00e9cembre,<strong> <em>histoire <\/em><\/strong>de la Congr\u00e9gation  de Juillet 1849 \u00e0 janvier 2019, <em> personnages<\/em> notoires ayant eu un rapport avec Claret et\/ou la Congr\u00e9gation ; <strong>Section Spirituelle \u2013 <em>Autobiographie <\/em><\/strong>8janvier \u00e0 juin), les <strong><em>Constitutions <\/em><\/strong>( juillet \u00e0 novembre) et quelques-uns des Documents<strong><em> Capitulaires <\/em><\/strong>importants de notre Congr\u00e9gation ( novembre \u00e0 d\u00e9cembre), <strong><em>points  de r\u00e9flexion <\/em><\/strong>ayant rapport \u00e0 l\u2019<em>Autobiographie, <\/em>les <em>Constitutions <\/em>ou le <em>Document Capitulaire <\/em>ou <strong><em>citations<\/em><\/strong><\/p>\n<p>&nbsp;<\/p>\n<p>[envira-gallery id=\u00a0\u00bb64954&Prime;]<\/p>\n","protected":false},"excerpt":{"rendered":"<p>Rome, Italie. Profitant le programme mensuel de formation permanente de la communaut\u00e9 de la Curie G\u00e9n\u00e9rale, le Pr\u00e9fet G\u00e9n\u00e9ral de Spiritualit\u00e9, P. Gonzalo Fern\u00e1ndez CMF, a pr\u00e9sent\u00e9 , samedi matin, 19 octobre, 2019, le projet de \u00ab l\u2019Ann\u00e9e Clar\u00e9taine \u00bb au grand amphith\u00e9\u00e2tre de la Curie G\u00e9n\u00e9rale. Avec lui se sont trouv\u00e9s le P. Vicente [&hellip;]<\/p>\n","protected":false},"author":2,"featured_media":64986,"comment_status":"closed","ping_status":"closed","sticky":false,"template":"","format":"standard","meta":{"_et_pb_use_builder":"","_et_pb_old_content":"","_et_gb_content_width":"","footnotes":""},"categories":[521,588,615],"tags":[],"class_list":["post-65728","post","type-post","status-publish","format-standard","has-post-thumbnail","hentry","category-gouvernement-general","category-curie-generale","category-spiritualite"],"jetpack_featured_media_url":"https:\/\/i0.wp.com\/www.claret.org\/wp-content\/uploads\/2019\/10\/CG-20191019-Presentazione-del-Anno-Clarettiano-18.jpg?fit=3648%2C2736&ssl=1","jetpack_sharing_enabled":true,"jetpack_shortlink":"https:\/\/wp.me\/pdaBmi-h68","jetpack_likes_enabled":true,"_links":{"self":[{"href":"https:\/\/www.claret.org\/fr\/wp-json\/wp\/v2\/posts\/65728","targetHints":{"allow":["GET"]}}],"collection":[{"href":"https:\/\/www.claret.org\/fr\/wp-json\/wp\/v2\/posts"}],"about":[{"href":"https:\/\/www.claret.org\/fr\/wp-json\/wp\/v2\/types\/post"}],"author":[{"embeddable":true,"href":"https:\/\/www.claret.org\/fr\/wp-json\/wp\/v2\/users\/2"}],"replies":[{"embeddable":true,"href":"https:\/\/www.claret.org\/fr\/wp-json\/wp\/v2\/comments?post=65728"}],"version-history":[{"count":0,"href":"https:\/\/www.claret.org\/fr\/wp-json\/wp\/v2\/posts\/65728\/revisions"}],"wp:featuredmedia":[{"embeddable":true,"href":"https:\/\/www.claret.org\/fr\/wp-json\/wp\/v2\/media\/64986"}],"wp:attachment":[{"href":"https:\/\/www.claret.org\/fr\/wp-json\/wp\/v2\/media?parent=65728"}],"wp:term":[{"taxonomy":"category","embeddable":true,"href":"https:\/\/www.claret.org\/fr\/wp-json\/wp\/v2\/categories?post=65728"},{"taxonomy":"post_tag","embeddable":true,"href":"https:\/\/www.claret.org\/fr\/wp-json\/wp\/v2\/tags?post=65728"}],"curies":[{"name":"wp","href":"https:\/\/api.w.org\/{rel}","templated":true}]}}