{"id":73161,"date":"2020-01-24T00:00:02","date_gmt":"2020-01-23T23:00:02","guid":{"rendered":"https:\/\/www.claret.org\/une-annee-pleine-de-raisons-pour-celebrer\/"},"modified":"2020-01-24T00:00:02","modified_gmt":"2020-01-23T23:00:02","slug":"une-annee-pleine-de-raisons-pour-celebrer","status":"publish","type":"post","link":"https:\/\/www.claret.org\/fr\/une-annee-pleine-de-raisons-pour-celebrer\/","title":{"rendered":"Une ann\u00e9e pleine de raisons pour c\u00e9l\u00e9brer"},"content":{"rendered":"<p>L\u2019an 2020 que nous venons de commencer est plein d\u2019\u00e9ph\u00e9m\u00e9rides  clar\u00e9taines.  . Le 25 janvier s\u2019est initi\u00e9 au Chili  la comm\u00e9moraison  des 150  ans de la mort de Claret dont la conclusion aura lieu \u00e0 Vic le 24 octobre, neuf mois . Le temps d\u2019une grossesse \u2013 pour  \u00eatre en gestation  d\u2019une mani\u00e8re plus  authentique et actualis\u00e9e d\u2019\u00eatre clar\u00e9tains. En janvier nous allons  c\u00e9l\u00e9brer, aussi les 150 ans  de l\u2019arriv\u00e9e  des clar\u00e9tains en Am\u00e9rique, concr\u00e8tement, au Chili. Quelques jours apr\u00e8s, le 11 f\u00e9vrier nous allons nous souvenir les 150 ans de l\u2019approbation  d\u00e9finitive  de nos Constitutions. Tout au long de l\u2019ann\u00e9e nous allons c\u00e9l\u00e9brer les 125 ans  de l\u2019arriv\u00e9e au Br\u00e9sil et les 50  ans de notre pr\u00e9sence en Inde et au Cameroun.\u00c0 partir du 1<sup>er<\/sup> janvier  nous sommes en train de parcourir, ensemble,  l\u2019itin\u00e9raire spirituel et de formation  appel\u00e9 : <em>Ann\u00e9e Clar\u00e9taine  . <\/em>Afin d\u2019approfondir  la connaissance de  notre Fondateur , nous aurons trois \u00e9ditions du programme : <em>Rencontre avec Claret : <\/em>en fran\u00e7ais,(mai), anglais ( juin) et espagnol (septembre).<\/p>\n<p>Devant cette avalanche de comm\u00e9moraisons  et programmes, nous pouvons nous questionner  sur sa v\u00e9ritable signification et efficacit\u00e9 . Chez  l\u2019ensemble  on y trouve  un triple mouvement : vers le pass\u00e9,le pr\u00e9sent. Nous rappelons le pass\u00e9 afin de remercier  Dieu le chemin parcouru, mais, aussi, pour apprendre de  nos succ\u00e8s et erreurs. Nous nous ouvrons au pr\u00e9sent afin de nous questionner si nous sommes en train  de r\u00e9pondre avec lucidit\u00e9 et fid\u00e9lit\u00e9 ce dont Dieu attend de nous, aujourd\u2019hui. Nous contemplons l\u2019avenir  avec l\u2019espoir  que le r\u00eave de Claret  continue \u00e0 produire  fruits  de vitalit\u00e9 missionnaire dans les nouveaux contextes g\u00e9ographiques et culturels  dans ceux dont la Congr\u00e9gation est pr\u00e9sente.<\/p>\n<p>Si toutes ces initiatives  ne nous aident pas \u00e0 mieux r\u00e9pondre \u00e0 notre vocation  \u00e0 la saintet\u00e9, nous sommes en train  de perdre le temps et l\u2019argent. Dans l\u2019exhortation apostolique <em>Gaudete et Exultate<\/em>, le pape Fran\u00e7ois  nous rappelle  <em>qu\u2019il nous manque un esprit de saintet\u00e9 impr\u00e9gnant  aussi bien la solitude que le service, aussi bien l\u2019intimit\u00e9  que la t\u00e2che \u00e9vang\u00e9lisatrice , de telle fa\u00e7on que chaque instant soit expression d\u2019amour offert sous le regard du Seigneur. Ainsi, tous les moments vont devenir de marches sur notre  chemin de sanctification. <\/em>(n.31)<\/p>\n<p>Dieu veuille que toutes les comm\u00e9moraisons  clar\u00e9taines de cette ann\u00e9e 2020 constituent de marches nous aidant \u00e0 emprunter avec un pas ferme  notre chemin  de sanctification, et, donc, de  cr\u00e9dibilit\u00e9 et efficacit\u00e9 missionnaire !<\/p>\n<p>&nbsp;<\/p>\n<p><strong>Gonzalo Fern\u00e1ndez Sanz , CMF<\/strong><\/p>\n<p><em>Pr\u00e9fet G\u00e9n\u00e9ral de Spiritualit\u00e9<\/em><\/p>\n","protected":false},"excerpt":{"rendered":"<p>L\u2019an 2020 que nous venons de commencer est plein d\u2019\u00e9ph\u00e9m\u00e9rides clar\u00e9taines. . Le 25 janvier s\u2019est initi\u00e9 au Chili la comm\u00e9moraison des 150 ans de la mort de Claret dont la conclusion aura lieu \u00e0 Vic le 24 octobre, neuf mois . Le temps d\u2019une grossesse \u2013 pour \u00eatre en gestation d\u2019une mani\u00e8re plus authentique [&hellip;]<\/p>\n","protected":false},"author":2,"featured_media":72570,"comment_status":"closed","ping_status":"closed","sticky":false,"template":"","format":"standard","meta":{"_et_pb_use_builder":"","_et_pb_old_content":"","_et_gb_content_width":"","footnotes":""},"categories":[538,603],"tags":[],"class_list":["post-73161","post","type-post","status-publish","format-standard","has-post-thumbnail","hentry","category-anniversaires","category-table-daffichage"],"jetpack_featured_media_url":"https:\/\/i0.wp.com\/www.claret.org\/wp-content\/uploads\/2018\/03\/gold-bcak.jpg?fit=612%2C408&ssl=1","jetpack_sharing_enabled":true,"jetpack_shortlink":"https:\/\/wp.me\/pdaBmi-j21","jetpack_likes_enabled":true,"_links":{"self":[{"href":"https:\/\/www.claret.org\/fr\/wp-json\/wp\/v2\/posts\/73161","targetHints":{"allow":["GET"]}}],"collection":[{"href":"https:\/\/www.claret.org\/fr\/wp-json\/wp\/v2\/posts"}],"about":[{"href":"https:\/\/www.claret.org\/fr\/wp-json\/wp\/v2\/types\/post"}],"author":[{"embeddable":true,"href":"https:\/\/www.claret.org\/fr\/wp-json\/wp\/v2\/users\/2"}],"replies":[{"embeddable":true,"href":"https:\/\/www.claret.org\/fr\/wp-json\/wp\/v2\/comments?post=73161"}],"version-history":[{"count":0,"href":"https:\/\/www.claret.org\/fr\/wp-json\/wp\/v2\/posts\/73161\/revisions"}],"wp:featuredmedia":[{"embeddable":true,"href":"https:\/\/www.claret.org\/fr\/wp-json\/wp\/v2\/media\/72570"}],"wp:attachment":[{"href":"https:\/\/www.claret.org\/fr\/wp-json\/wp\/v2\/media?parent=73161"}],"wp:term":[{"taxonomy":"category","embeddable":true,"href":"https:\/\/www.claret.org\/fr\/wp-json\/wp\/v2\/categories?post=73161"},{"taxonomy":"post_tag","embeddable":true,"href":"https:\/\/www.claret.org\/fr\/wp-json\/wp\/v2\/tags?post=73161"}],"curies":[{"name":"wp","href":"https:\/\/api.w.org\/{rel}","templated":true}]}}