{"id":75355,"date":"2020-02-21T09:01:30","date_gmt":"2020-02-21T08:01:30","guid":{"rendered":"https:\/\/www.claret.org\/non-classifiee\/fr-celedonio-gurbindo-ezcurdia\/"},"modified":"2020-02-21T09:01:30","modified_gmt":"2020-02-21T08:01:30","slug":"fr-celedonio-gurbindo-ezcurdia","status":"publish","type":"post","link":"https:\/\/www.claret.org\/fr\/fr-celedonio-gurbindo-ezcurdia\/","title":{"rendered":"Fr. CELEDONIO GURBINDO EZCURDIA"},"content":{"rendered":"<p>Il est d\u00e9c\u00e9d\u00e9 le 21 f\u00e9vrier 2020 \u00e0 Colmenar Viejo, en Espagne.<\/p>\n<p>Il avait 90 ans.<\/p>\n<p>Et il appartenait \u00e0 la Province de Santiago.<\/p>\n<p>Qu&rsquo;il repose dans la Paix du Seigneur.<\/p>\n","protected":false},"excerpt":{"rendered":"<p>Il est d\u00e9c\u00e9d\u00e9 le 21 f\u00e9vrier 2020 \u00e0 Colmenar Viejo, en Espagne. Il avait 90 ans. Et il appartenait \u00e0 la Province de Santiago. Qu&rsquo;il repose dans la Paix du Seigneur.<\/p>\n","protected":false},"author":3,"featured_media":75347,"comment_status":"closed","ping_status":"closed","sticky":false,"template":"","format":"standard","meta":{"_et_pb_use_builder":"","_et_pb_old_content":"","_et_gb_content_width":"","footnotes":""},"categories":[559],"tags":[],"class_list":["post-75355","post","type-post","status-publish","format-standard","has-post-thumbnail","hentry","category-decede"],"jetpack_featured_media_url":"https:\/\/i0.wp.com\/www.claret.org\/wp-content\/uploads\/2020\/02\/1286267643GurbindoECeledonio21.jpg?fit=393%2C516&ssl=1","jetpack_sharing_enabled":true,"jetpack_shortlink":"https:\/\/wp.me\/pdaBmi-jBp","jetpack_likes_enabled":true,"_links":{"self":[{"href":"https:\/\/www.claret.org\/fr\/wp-json\/wp\/v2\/posts\/75355","targetHints":{"allow":["GET"]}}],"collection":[{"href":"https:\/\/www.claret.org\/fr\/wp-json\/wp\/v2\/posts"}],"about":[{"href":"https:\/\/www.claret.org\/fr\/wp-json\/wp\/v2\/types\/post"}],"author":[{"embeddable":true,"href":"https:\/\/www.claret.org\/fr\/wp-json\/wp\/v2\/users\/3"}],"replies":[{"embeddable":true,"href":"https:\/\/www.claret.org\/fr\/wp-json\/wp\/v2\/comments?post=75355"}],"version-history":[{"count":0,"href":"https:\/\/www.claret.org\/fr\/wp-json\/wp\/v2\/posts\/75355\/revisions"}],"wp:featuredmedia":[{"embeddable":true,"href":"https:\/\/www.claret.org\/fr\/wp-json\/wp\/v2\/media\/75347"}],"wp:attachment":[{"href":"https:\/\/www.claret.org\/fr\/wp-json\/wp\/v2\/media?parent=75355"}],"wp:term":[{"taxonomy":"category","embeddable":true,"href":"https:\/\/www.claret.org\/fr\/wp-json\/wp\/v2\/categories?post=75355"},{"taxonomy":"post_tag","embeddable":true,"href":"https:\/\/www.claret.org\/fr\/wp-json\/wp\/v2\/tags?post=75355"}],"curies":[{"name":"wp","href":"https:\/\/api.w.org\/{rel}","templated":true}]}}