{"id":76963,"date":"2020-03-27T23:58:15","date_gmt":"2020-03-27T22:58:15","guid":{"rendered":"https:\/\/www.claret.org\/non-classifiee\/effrayes-et-perdus-au-seigneur-limporte-til-su-nous-perissons\/"},"modified":"2020-04-03T10:23:51","modified_gmt":"2020-04-03T08:23:51","slug":"effrayes-et-perdus-au-seigneur-limporte-til-su-nous-perissons","status":"publish","type":"post","link":"https:\/\/www.claret.org\/fr\/effrayes-et-perdus-au-seigneur-limporte-til-su-nous-perissons\/","title":{"rendered":"EFFRAY\u00c9S ET PERDUS, AU SEIGNEUR L\u2019IMPORTE-T\u2019IL SU NOUS P\u00c9RISSONS ?"},"content":{"rendered":"<p><strong>Place Saint Pierre, Cit\u00e9 du Vatican.  <\/strong>Effray\u00e9s et perdus comme les disciples dans l\u2019\u00c9vangile \u00ab  <em> nous a pris  par surprise  une temp\u00eate  inattendue  et turbulente. Nous nous sommes rendus compte que nous nous trouvons dans la m\u00eame barque, tous fragiles et d\u00e9sorient\u00e9s , mais en m\u00eame temps  essentiels et n\u00e9cessaires, tous appel\u00e9s  \u00e0 ramer  ensemble, chacun de nous  ayant besoin de consoler l\u2019autre \u00bb <\/em>Ce sont des paroles, prononc\u00e9es  dans une place d\u00e9serte de Saint Pierre et avec une pluie constante, du Pape Fran\u00e7ois  avec lesquelles  il ouvrit  sa m\u00e9ditation  au cours de l\u2019extraordinaire moment de pri\u00e8re le soir du 27 mars, 2020.<\/p>\n<p><img data-recalc-dims=\"1\" loading=\"lazy\" decoding=\"async\" class=\"alignnone size-large wp-image-76843\" src=\"https:\/\/i0.wp.com\/www.claret.org\/wp-content\/uploads\/2020\/03\/IMG_20200327_203942.jpg?resize=1024%2C580&#038;ssl=1\" alt=\"\" width=\"1024\" height=\"580\" title=\"\" srcset=\"https:\/\/i0.wp.com\/www.claret.org\/wp-content\/uploads\/2020\/03\/IMG_20200327_203942.jpg?resize=1024%2C580&amp;ssl=1 1024w, https:\/\/i0.wp.com\/www.claret.org\/wp-content\/uploads\/2020\/03\/IMG_20200327_203942.jpg?resize=300%2C170&amp;ssl=1 300w, https:\/\/i0.wp.com\/www.claret.org\/wp-content\/uploads\/2020\/03\/IMG_20200327_203942.jpg?resize=768%2C435&amp;ssl=1 768w, https:\/\/i0.wp.com\/www.claret.org\/wp-content\/uploads\/2020\/03\/IMG_20200327_203942.jpg?resize=1536%2C870&amp;ssl=1 1536w, https:\/\/i0.wp.com\/www.claret.org\/wp-content\/uploads\/2020\/03\/IMG_20200327_203942.jpg?resize=1080%2C612&amp;ssl=1 1080w, https:\/\/i0.wp.com\/www.claret.org\/wp-content\/uploads\/2020\/03\/IMG_20200327_203942.jpg?w=1906&amp;ssl=1 1906w\" sizes=\"(max-width: 1024px) 100vw, 1024px\" \/><\/p>\n<p>Le Pape a parl\u00e9 \u00e0 la ville de Rome et au monde \u00e0 travers  <em>Facebook, YouTube, <\/em>t\u00e9l\u00e9vision et radio. Quatre fois a-t-il pos\u00e9  la m\u00eame question  de J\u00e9sus \u00e0 ses disciples : \u00ab <em> Pourquoi avec vous ? N\u2019avez .vous pas ?<\/em> Il a parl\u00e9 sur ce que le Seigneur nous demande. Les siennes \u00e9taient  de paroles d\u2019encouragement, paroles d\u2019esp\u00e9rance. J\u00e9sus , a-t-il affirm\u00e9,  nous appelle  \u00e0 nous convertir, il nous appelle \u00e0 la foi. Celui-ci est \u00ab  <em>un moment  pour choisir  ce qu\u2019importe et ce qui passe, un temps  pour s\u00e9parer ce qui est n\u00e9cessaire de ce qu\u2019il ne l\u2019est pas <\/em>\u00bb Un temps de  nous tourner vers J\u00e9sus et lui pr\u00e9senter nos craintes. Le Pape nous a insist\u00e9  \u00e0 nous encrer  dans la Croix du Christ parce que \u00ab <em> par Sa Croix nous avons \u00e9t\u00e9 gu\u00e9ris et embrass\u00e9s afin que rien ni personne puisse nous s\u00e9parer de son amour r\u00e9dempteur \u00bb . <\/em>Il nous a invit\u00e9, donc, , \u00e0 embrasser le Seigneur pour embrasser  l\u2019esp\u00e9rance.<\/p>\n<p><img data-recalc-dims=\"1\" loading=\"lazy\" decoding=\"async\" class=\"alignnone size-large wp-image-76850\" src=\"https:\/\/i0.wp.com\/www.claret.org\/wp-content\/uploads\/2020\/03\/IMG_20200327_235736-1.jpg?resize=1024%2C578&#038;ssl=1\" alt=\"\" width=\"1024\" height=\"578\" title=\"\" srcset=\"https:\/\/i0.wp.com\/www.claret.org\/wp-content\/uploads\/2020\/03\/IMG_20200327_235736-1.jpg?resize=1024%2C578&amp;ssl=1 1024w, https:\/\/i0.wp.com\/www.claret.org\/wp-content\/uploads\/2020\/03\/IMG_20200327_235736-1.jpg?resize=300%2C169&amp;ssl=1 300w, https:\/\/i0.wp.com\/www.claret.org\/wp-content\/uploads\/2020\/03\/IMG_20200327_235736-1.jpg?resize=768%2C433&amp;ssl=1 768w, https:\/\/i0.wp.com\/www.claret.org\/wp-content\/uploads\/2020\/03\/IMG_20200327_235736-1.jpg?resize=1536%2C866&amp;ssl=1 1536w, https:\/\/i0.wp.com\/www.claret.org\/wp-content\/uploads\/2020\/03\/IMG_20200327_235736-1.jpg?resize=1080%2C609&amp;ssl=1 1080w, https:\/\/i0.wp.com\/www.claret.org\/wp-content\/uploads\/2020\/03\/IMG_20200327_235736-1.jpg?w=1915&amp;ssl=1 1915w\" sizes=\"(max-width: 1024px) 100vw, 1024px\" \/><\/p>\n<p>Il a conclu sa m\u00e9ditation  confiant le tout au Seigneur, depuis le lieu symbolique  o\u00f9 le successeur de Pierre  il a prononc\u00e9  des paroles  de foi solide comme une roche <em>et \u00e0 travers l\u2019intercession de Marie , Sant\u00e9 du Peuple et \u00c9toile  de la Mer orageuse .<\/em>Depuis la colonnade embrassant Rome et le monde entier il a donne la b\u00e9n\u00e9diction de Dieu. \u00ab <em>Seigneur puisse-tu b\u00e9nir le monde, tu apportes  sant\u00e9 \u00e0 nos corps , et tu consoles  nos c\u0153urs, Tu nous demandes  de ne pas avoir peur.  Cependant, notre foi est faible et nous avons peur, Mais Toi, Saigneur tu nous laisseras pas \u00e0 la merci de la temp\u00eate . Dites- nous \u00e0 nouveau  \u00ab  N\u2019ayez pas peur ( Mt 28, 5), Et nous,  ensemble avec Pierre \u00ab  nous te confions  toutes nos anxi\u00e9t\u00e9s, afin que tu prennes soin de   nous \u00bb <\/em> (cf. <em> 1 Pe. , 5-7)<\/em><\/p>\n<p>Ci-dessous  les liens avec les textes complets et originaux de la m\u00e9ditation du Pape Fran\u00e7ois: <span class=\"translation\">[ <a href=\"http:\/\/w2.vatican.va\/content\/francesco\/ar\/homilies\/2020\/documents\/papa-francesco_20200327_omelia-epidemia.html\" rel=\"nofollow noopener\" target=\"_blank\">AR<\/a> &#8211; <a href=\"http:\/\/w2.vatican.va\/content\/francesco\/de\/homilies\/2020\/documents\/papa-francesco_20200327_omelia-epidemia.html\" rel=\"nofollow noopener\" target=\"_blank\">DE<\/a> &#8211; <a href=\"http:\/\/w2.vatican.va\/content\/francesco\/en\/homilies\/2020\/documents\/papa-francesco_20200327_omelia-epidemia.html\" rel=\"nofollow noopener\" target=\"_blank\">EN<\/a> &#8211; <a href=\"http:\/\/w2.vatican.va\/content\/francesco\/es\/homilies\/2020\/documents\/papa-francesco_20200327_omelia-epidemia.html\" rel=\"nofollow noopener\" target=\"_blank\">ES<\/a> &#8211; <a href=\"http:\/\/w2.vatican.va\/content\/francesco\/fr\/homilies\/2020\/documents\/papa-francesco_20200327_omelia-epidemia.html\" rel=\"nofollow noopener\" target=\"_blank\">FR<\/a> &#8211; <a href=\"http:\/\/w2.vatican.va\/content\/francesco\/it\/homilies\/2020\/documents\/papa-francesco_20200327_omelia-epidemia.html\" rel=\"nofollow noopener\" target=\"_blank\">IT<\/a> &#8211; <a href=\"http:\/\/w2.vatican.va\/content\/francesco\/pt\/homilies\/2020\/documents\/papa-francesco_20200327_omelia-epidemia.html\" rel=\"nofollow noopener\" target=\"_blank\">PT<\/a> ] <\/span><\/p>\n<p>Le Pape est rest\u00e9 un certain temps  priant devant les deux images  qui ont accompagn\u00e9s le  peuple romain  pendant des si\u00e8cles .l\u2019antienne ic\u00f4ne de Maria Salus Populi Romani et le crucifix miraculeux  qu\u2019est gard\u00e9  \u00e0 l\u2019\u00b4\u00e9glise  Sam Marcello, a la Via del Corso.<\/p>\n<p>Apr\u00e8s une br\u00e8ve p\u00e9riode d\u2019adoration du Tr\u00e8s Saint Sacrement, le Pape Fran\u00e7ois a donn\u00e9 une b\u00e9n\u00e9diction extraordinaire \u00e0 la Ville et au Monde.<\/p>\n<p><img data-recalc-dims=\"1\" loading=\"lazy\" decoding=\"async\" class=\"alignnone size-large wp-image-76856\" src=\"https:\/\/i0.wp.com\/www.claret.org\/wp-content\/uploads\/2020\/03\/IMG_20200327_210224.jpg?resize=1024%2C616&#038;ssl=1\" alt=\"\" width=\"1024\" height=\"616\" title=\"\" srcset=\"https:\/\/i0.wp.com\/www.claret.org\/wp-content\/uploads\/2020\/03\/IMG_20200327_210224.jpg?resize=1024%2C616&amp;ssl=1 1024w, https:\/\/i0.wp.com\/www.claret.org\/wp-content\/uploads\/2020\/03\/IMG_20200327_210224.jpg?resize=300%2C180&amp;ssl=1 300w, https:\/\/i0.wp.com\/www.claret.org\/wp-content\/uploads\/2020\/03\/IMG_20200327_210224.jpg?resize=768%2C462&amp;ssl=1 768w, https:\/\/i0.wp.com\/www.claret.org\/wp-content\/uploads\/2020\/03\/IMG_20200327_210224.jpg?resize=1080%2C650&amp;ssl=1 1080w, https:\/\/i0.wp.com\/www.claret.org\/wp-content\/uploads\/2020\/03\/IMG_20200327_210224.jpg?resize=627%2C376&amp;ssl=1 627w, https:\/\/i0.wp.com\/www.claret.org\/wp-content\/uploads\/2020\/03\/IMG_20200327_210224.jpg?resize=440%2C264&amp;ssl=1 440w, https:\/\/i0.wp.com\/www.claret.org\/wp-content\/uploads\/2020\/03\/IMG_20200327_210224.jpg?w=1340&amp;ssl=1 1340w\" sizes=\"(max-width: 1024px) 100vw, 1024px\" \/><\/p>\n<p>Tandis que le Pape parlait, Italie annon\u00e7ait  chez ses plateformes de r\u00e9seaux sociaux le plus grand nombre de morts. 969 en 24 heures Que leurs \u00e2nes  reposent en Dieu \u00e9ternellement.<\/p>\n<p>Nous continuons de prier les uns pour les autres pendant que nous nous pr\u00e9parons  a affronter  ce climat orageux dans nos vies, et nous le faisons sans crainte et avec foi.<\/p>\n<div class=\"text-wrap tlid-copy-target\">\n<div class=\"result-shield-container tlid-copy-target\" tabindex=\"0\"><span class=\"tlid-translation translation\" lang=\"fr\"><span class=\"\" title=\"\">Le Seigneur se soucie-t-il de nous?<\/span> <span title=\"\">Oui, il s&rsquo;en soucie.<\/span> <span class=\"\" title=\"\">Tout ce que nous avons \u00e0 faire est de lui faire confiance et d&rsquo;avoir foi.<\/span> <span class=\"\" title=\"\">Cette pand\u00e9mie prendra fin.<\/span><\/span><\/div>\n<\/div>\n<p><img data-recalc-dims=\"1\" loading=\"lazy\" decoding=\"async\" class=\"alignnone size-large wp-image-76863\" src=\"https:\/\/i0.wp.com\/www.claret.org\/wp-content\/uploads\/2020\/03\/IMG_20200327_204646.jpg?resize=1024%2C572&#038;ssl=1\" alt=\"\" width=\"1024\" height=\"572\" title=\"\" srcset=\"https:\/\/i0.wp.com\/www.claret.org\/wp-content\/uploads\/2020\/03\/IMG_20200327_204646.jpg?resize=1024%2C572&amp;ssl=1 1024w, https:\/\/i0.wp.com\/www.claret.org\/wp-content\/uploads\/2020\/03\/IMG_20200327_204646.jpg?resize=300%2C168&amp;ssl=1 300w, https:\/\/i0.wp.com\/www.claret.org\/wp-content\/uploads\/2020\/03\/IMG_20200327_204646.jpg?resize=768%2C429&amp;ssl=1 768w, https:\/\/i0.wp.com\/www.claret.org\/wp-content\/uploads\/2020\/03\/IMG_20200327_204646.jpg?resize=1536%2C859&amp;ssl=1 1536w, https:\/\/i0.wp.com\/www.claret.org\/wp-content\/uploads\/2020\/03\/IMG_20200327_204646.jpg?resize=1080%2C604&amp;ssl=1 1080w, https:\/\/i0.wp.com\/www.claret.org\/wp-content\/uploads\/2020\/03\/IMG_20200327_204646.jpg?w=1932&amp;ssl=1 1932w\" sizes=\"(max-width: 1024px) 100vw, 1024px\" \/><\/p>\n","protected":false},"excerpt":{"rendered":"<p>Place Saint Pierre, Cit\u00e9 du Vatican. Effray\u00e9s et perdus comme les disciples dans l\u2019\u00c9vangile \u00ab nous a pris par surprise une temp\u00eate inattendue et turbulente. Nous nous sommes rendus compte que nous nous trouvons dans la m\u00eame barque, tous fragiles et d\u00e9sorient\u00e9s , mais en m\u00eame temps essentiels et n\u00e9cessaires, tous appel\u00e9s \u00e0 ramer ensemble, [&hellip;]<\/p>\n","protected":false},"author":2,"featured_media":76837,"comment_status":"closed","ping_status":"closed","sticky":false,"template":"","format":"standard","meta":{"_et_pb_use_builder":"","_et_pb_old_content":"","_et_gb_content_width":"","footnotes":""},"categories":[502],"tags":[],"class_list":["post-76963","post","type-post","status-publish","format-standard","has-post-thumbnail","hentry","category-nouvelles-ecclesiastiques"],"jetpack_featured_media_url":"https:\/\/i0.wp.com\/www.claret.org\/wp-content\/uploads\/2020\/03\/IMG_20200327_235736.jpg?fit=1915%2C1080&ssl=1","jetpack_sharing_enabled":true,"jetpack_shortlink":"https:\/\/wp.me\/pdaBmi-k1l","jetpack_likes_enabled":true,"_links":{"self":[{"href":"https:\/\/www.claret.org\/fr\/wp-json\/wp\/v2\/posts\/76963","targetHints":{"allow":["GET"]}}],"collection":[{"href":"https:\/\/www.claret.org\/fr\/wp-json\/wp\/v2\/posts"}],"about":[{"href":"https:\/\/www.claret.org\/fr\/wp-json\/wp\/v2\/types\/post"}],"author":[{"embeddable":true,"href":"https:\/\/www.claret.org\/fr\/wp-json\/wp\/v2\/users\/2"}],"replies":[{"embeddable":true,"href":"https:\/\/www.claret.org\/fr\/wp-json\/wp\/v2\/comments?post=76963"}],"version-history":[{"count":0,"href":"https:\/\/www.claret.org\/fr\/wp-json\/wp\/v2\/posts\/76963\/revisions"}],"wp:featuredmedia":[{"embeddable":true,"href":"https:\/\/www.claret.org\/fr\/wp-json\/wp\/v2\/media\/76837"}],"wp:attachment":[{"href":"https:\/\/www.claret.org\/fr\/wp-json\/wp\/v2\/media?parent=76963"}],"wp:term":[{"taxonomy":"category","embeddable":true,"href":"https:\/\/www.claret.org\/fr\/wp-json\/wp\/v2\/categories?post=76963"},{"taxonomy":"post_tag","embeddable":true,"href":"https:\/\/www.claret.org\/fr\/wp-json\/wp\/v2\/tags?post=76963"}],"curies":[{"name":"wp","href":"https:\/\/api.w.org\/{rel}","templated":true}]}}