{"id":78830,"date":"2020-05-12T11:15:04","date_gmt":"2020-05-12T09:15:04","guid":{"rendered":"https:\/\/www.claret.org\/non-classifiee\/ix-camp-san-joaquin\/"},"modified":"2020-05-12T11:15:04","modified_gmt":"2020-05-12T09:15:04","slug":"ix-camp-san-joaquin","status":"publish","type":"post","link":"https:\/\/www.claret.org\/fr\/ix-camp-san-joaquin\/","title":{"rendered":"IX CAMP \u00abSAN JOAQUIN\u00bb"},"content":{"rendered":"<p><strong>Ville de Mexique, Mexico. <\/strong>Le 25 avril, 1927, dans le contexte de la Guerre \u00abCristera \u00bb au Mexique,  furent assassin\u00e9s  grand nombre d\u2019hommes et de femmes de foi ; parmi eux les martyrs de \u00ab San Joaqu\u00edn \u00bb, un petit groupe  illustrant  tr\u00e8s bien trois mod\u00e8les de vivre dans l\u2019\u00c9glise :le la\u00efc Leonardo P\u00e9rez,le pr\u00eatre  dioc\u00e9sain Jos\u00e9 Trinidad  Rangel et le religieux, notre fr\u00e8re, Amdreu Sol\u00e0, CMF.<\/p>\n<p>Cette m\u00e9moire a fait en sorte qu\u2019\u00e0 chaque ann\u00e9e, et depuis neuf ans , des jeunes de diff\u00e9rents endroits du Mexique se r\u00e9unissent  au ranch  o\u00f9 ils furent martyris\u00e9s et pendant la fin de semaine plus proche du 25 avril, afin de vivre un camp qui devient un moment festif,   o\u00f9 se rencontrer et  nourrir la foi, l\u2019amour etc., se disant au revoir  par apr\u00e8s avec tristesse quoique avec l\u2019espoir voulant qu\u2019\u00e0 l\u2019ann\u00e9e suivante il y aura l\u2019occasion de se retrouver \u00e0 nouveau.<\/p>\n<p>Cette ann\u00e9e \u00e0 cause de la situation auquel le monde fait dace  et que nous connaissons tous d\u00fb au <em>Covid-19 <\/em>les jeunes ont d\u00fb annuler , avec tristesse , la convocation . Cependant  et avec l\u2019aide des r\u00e9seaux sociaux  dont en ce temps-ci les missionnaires ont d\u00fb apprendre  \u00e0 user et innover , ils ont d\u00e9cid\u00e9 s\u2019aventurer  \u00e0 ne pas perdre cette exp\u00e9rience de rencontre et, avec cette intuition a eu lieu le <strong> 9\u00e8me camp \u00ab San Joaqu\u00edn <em>on line<\/em><\/strong><strong> <\/strong><\/p>\n<p>Ils faisaient face \u00e0 tout un d\u00e9fi : tel :  comment pouvoir r\u00e9aliser un camp d\u2019une fa\u00e7on virtuelle gardant les jeunes connect\u00e9s au cours de l\u2019apr\u00e8s-midi du samedi et le matin du dimanche, face \u00e0 la grande vari\u00e9t\u00e9 de propositions, sans doute m\u00eame plus int\u00e9ressantes, qu\u2019internet offre aujourd\u2019hui .avec la confiance que grand nombre des jeunes \u00e9taient assez identifi\u00e9s  avec le camp  on a \u00e9tabli un groupe organisateur , on a planifi\u00e9 quelques initiatives , et ils se sont lanc\u00e9 \u00e0 l\u2019aventure.<strong> <\/strong><\/p>\n<p>Ils ont commenc\u00e9 avec la mise sur pied d\u2019une page, laquelle on peut, encore, visiter dans <em>facebook <\/em>: @SanjoaquinCamp. Celui-ci  va devenir la place  o\u00f9 ils vont camper.  Arriv\u00e9 le  25 avril \u00e0 17.00 et apr\u00e8s avoir transmis  le matin l\u2019histoire des martyrs , ils ont commenc\u00e9 l\u2019\u00e9mission. Le premier \u00e0 sortir en sc\u00e8ne \u00e0 \u00e9t\u00e9 le P. Jorge Vargas CMF, Pr\u00e9fet Provincial de <em>PJV, <\/em>afin de donner la bienvenue , conjointement avec  le Fr. Carlos Verga CMF, Pr\u00e9fet G\u00e9n\u00e9ral  de <em>PJV,,  <\/em>au neuvi\u00e8me camp. Entre la bienvenue  et les mots motivants de Carlos ,leur faisant rntrer en communion avec les jeunes clar\u00e9tains du monde, ils ont commenc\u00e9 le camp.<\/p>\n<p>Entre les pri\u00e8res, les th\u00e8mes, les d\u00e9fis, les films les rallyes, les jeux \u2013 le tout a \u00e9t\u00e9 publi\u00e9 au fur et a mesure   dans la page de <em>facebook,- <\/em>et surtout avec la nombreuse connivence , s\u2019est d\u00e9roul\u00e9, au fur et \u00e0 mesure  le camp. Un d\u00e9tail  int\u00e9ressant  est celui  voulant que le dimanche \u00e9tait planifi\u00e9e  la pri\u00e8re initiale \u00e0 9:00, et on a r\u00e9alis\u00e9 une vid\u00e9o chat \u00e0 laquelle y ont particip\u00e9 plusieurs gar\u00e7ons et filles du camp, partageant, se r\u00e9veillant, s\u2019aga\u00e7ant , comme s\u2019ils se trouvaient d\u2019une mani\u00e8re pr\u00e9sentielle au camp.<\/p>\n<p>Ils ont fini leur rencontre avec l\u2019Eucharistie et l\u2019invitation \u2019Am\u00e9rique Centrale pour rejoindre leur P\u00e2que Juv\u00e9nile \u00e0 la fin de la semaine suivante.<\/p>\n<p>Enfin on peut dire que le C<em>ovid-19<\/em> ne les a pas priv\u00e9  leur sens de famille, leur caract\u00e8re de jeunes ni, encore moins, leur conscience de communaut\u00e9. <strong>L\u2019ann\u00e9e prochaine  va marquer les 10 ans du camp et, sans doute ils vont l\u2019initier avec une grande accolade de groupe, \u00e7a va \u00eatre une grande f\u00eate, et tous sont invit\u00e9s !<\/strong><\/p>\n<p>&nbsp;<\/p>\n<p>[envira-gallery id=\u00a0\u00bb78635&Prime;]<\/p>\n","protected":false},"excerpt":{"rendered":"<p>Ville de Mexique, Mexico. Le 25 avril, 1927, dans le contexte de la Guerre \u00abCristera \u00bb au Mexique, furent assassin\u00e9s grand nombre d\u2019hommes et de femmes de foi ; parmi eux les martyrs de \u00ab San Joaqu\u00edn \u00bb, un petit groupe illustrant tr\u00e8s bien trois mod\u00e8les de vivre dans l\u2019\u00c9glise :le la\u00efc Leonardo P\u00e9rez,le pr\u00eatre [&hellip;]<\/p>\n","protected":false},"author":2,"featured_media":78674,"comment_status":"closed","ping_status":"closed","sticky":false,"template":"","format":"standard","meta":{"_et_pb_use_builder":"","_et_pb_old_content":"","_et_gb_content_width":"","footnotes":""},"categories":[385,482],"tags":[],"class_list":["post-78830","post","type-post","status-publish","format-standard","has-post-thumbnail","hentry","category-mexico-fr","category-pastoral-de-la-jeunesse-et-vocations"],"jetpack_featured_media_url":"https:\/\/i0.wp.com\/www.claret.org\/wp-content\/uploads\/2020\/05\/MX-20200425-IX-Campamento-San-Joaquin-1.jpeg?fit=1280%2C905&ssl=1","jetpack_sharing_enabled":true,"jetpack_shortlink":"https:\/\/wp.me\/pdaBmi-kvs","jetpack_likes_enabled":true,"_links":{"self":[{"href":"https:\/\/www.claret.org\/fr\/wp-json\/wp\/v2\/posts\/78830","targetHints":{"allow":["GET"]}}],"collection":[{"href":"https:\/\/www.claret.org\/fr\/wp-json\/wp\/v2\/posts"}],"about":[{"href":"https:\/\/www.claret.org\/fr\/wp-json\/wp\/v2\/types\/post"}],"author":[{"embeddable":true,"href":"https:\/\/www.claret.org\/fr\/wp-json\/wp\/v2\/users\/2"}],"replies":[{"embeddable":true,"href":"https:\/\/www.claret.org\/fr\/wp-json\/wp\/v2\/comments?post=78830"}],"version-history":[{"count":0,"href":"https:\/\/www.claret.org\/fr\/wp-json\/wp\/v2\/posts\/78830\/revisions"}],"wp:featuredmedia":[{"embeddable":true,"href":"https:\/\/www.claret.org\/fr\/wp-json\/wp\/v2\/media\/78674"}],"wp:attachment":[{"href":"https:\/\/www.claret.org\/fr\/wp-json\/wp\/v2\/media?parent=78830"}],"wp:term":[{"taxonomy":"category","embeddable":true,"href":"https:\/\/www.claret.org\/fr\/wp-json\/wp\/v2\/categories?post=78830"},{"taxonomy":"post_tag","embeddable":true,"href":"https:\/\/www.claret.org\/fr\/wp-json\/wp\/v2\/tags?post=78830"}],"curies":[{"name":"wp","href":"https:\/\/api.w.org\/{rel}","templated":true}]}}