{"id":79230,"date":"2020-05-30T05:28:42","date_gmt":"2020-05-30T03:28:42","guid":{"rendered":"https:\/\/www.claret.org\/non-classifiee\/pr-jose-rodriguez-moran\/"},"modified":"2020-05-30T05:28:42","modified_gmt":"2020-05-30T03:28:42","slug":"pr-jose-rodriguez-moran","status":"publish","type":"post","link":"https:\/\/www.claret.org\/fr\/pr-jose-rodriguez-moran\/","title":{"rendered":"PR. JOS\u00c9 RODR\u00cdGUEZ MOR\u00c1N"},"content":{"rendered":"<p>Il est d\u00e9c\u00e9d\u00e9 le 29 mai 2020 \u00e0 Ciudad Peronia, au Guatemala.<\/p>\n<p>Avait 55 ans.<\/p>\n<p>Et appartenait \u00e0 la Province de Centroam\u00e9rica.<\/p>\n<p>Qu&rsquo;il repose dans la Paix du Seigneur.<\/p>\n","protected":false},"excerpt":{"rendered":"<p>Il est d\u00e9c\u00e9d\u00e9 le 29 mai 2020 \u00e0 Ciudad Peronia, au Guatemala. Avait 55 ans. Et appartenait \u00e0 la Province de Centroam\u00e9rica. Qu&rsquo;il repose dans la Paix du Seigneur.<\/p>\n","protected":false},"author":3,"featured_media":79222,"comment_status":"closed","ping_status":"closed","sticky":false,"template":"","format":"standard","meta":{"_et_pb_use_builder":"","_et_pb_old_content":"","_et_gb_content_width":"","footnotes":""},"categories":[559],"tags":[],"class_list":["post-79230","post","type-post","status-publish","format-standard","has-post-thumbnail","hentry","category-decede"],"jetpack_featured_media_url":"https:\/\/i0.wp.com\/www.claret.org\/wp-content\/uploads\/2020\/05\/Rodriguez-Mor%C3%A1n.jpg?fit=245%2C357&ssl=1","jetpack_sharing_enabled":true,"jetpack_shortlink":"https:\/\/wp.me\/pdaBmi-kBU","jetpack_likes_enabled":true,"_links":{"self":[{"href":"https:\/\/www.claret.org\/fr\/wp-json\/wp\/v2\/posts\/79230","targetHints":{"allow":["GET"]}}],"collection":[{"href":"https:\/\/www.claret.org\/fr\/wp-json\/wp\/v2\/posts"}],"about":[{"href":"https:\/\/www.claret.org\/fr\/wp-json\/wp\/v2\/types\/post"}],"author":[{"embeddable":true,"href":"https:\/\/www.claret.org\/fr\/wp-json\/wp\/v2\/users\/3"}],"replies":[{"embeddable":true,"href":"https:\/\/www.claret.org\/fr\/wp-json\/wp\/v2\/comments?post=79230"}],"version-history":[{"count":0,"href":"https:\/\/www.claret.org\/fr\/wp-json\/wp\/v2\/posts\/79230\/revisions"}],"wp:featuredmedia":[{"embeddable":true,"href":"https:\/\/www.claret.org\/fr\/wp-json\/wp\/v2\/media\/79222"}],"wp:attachment":[{"href":"https:\/\/www.claret.org\/fr\/wp-json\/wp\/v2\/media?parent=79230"}],"wp:term":[{"taxonomy":"category","embeddable":true,"href":"https:\/\/www.claret.org\/fr\/wp-json\/wp\/v2\/categories?post=79230"},{"taxonomy":"post_tag","embeddable":true,"href":"https:\/\/www.claret.org\/fr\/wp-json\/wp\/v2\/tags?post=79230"}],"curies":[{"name":"wp","href":"https:\/\/api.w.org\/{rel}","templated":true}]}}