{"id":82680,"date":"2020-06-19T05:29:45","date_gmt":"2020-06-19T03:29:45","guid":{"rendered":"https:\/\/www.claret.org\/pr-jesus-maria-ibanez-rodriguez\/"},"modified":"2020-06-19T05:29:45","modified_gmt":"2020-06-19T03:29:45","slug":"pr-jesus-maria-ibanez-rodriguez","status":"publish","type":"post","link":"https:\/\/www.claret.org\/fr\/pr-jesus-maria-ibanez-rodriguez\/","title":{"rendered":"PR. JES\u00daS MAR\u00cdA IB\u00c1\u00d1EZ RODR\u00cdGUEZ"},"content":{"rendered":"<p>Il est d\u00e9c\u00e9d\u00e9 le 18 juin 2020 \u00e0 Pampelune, en Espagne.<\/p>\n<p>Avait 64 ans.<\/p>\n<p>Et appartenait \u00e0 la Province de Sanctus Paulus.<\/p>\n<p>Qu&rsquo;il repose dans la Paix du Seigneur.<\/p>\n","protected":false},"excerpt":{"rendered":"<p>Il est d\u00e9c\u00e9d\u00e9 le 18 juin 2020 \u00e0 Pampelune, en Espagne. Avait 64 ans. Et appartenait \u00e0 la Province de Sanctus Paulus. Qu&rsquo;il repose dans la Paix du Seigneur.<\/p>\n","protected":false},"author":3,"featured_media":82673,"comment_status":"closed","ping_status":"closed","sticky":false,"template":"","format":"standard","meta":{"_et_pb_use_builder":"","_et_pb_old_content":"","_et_gb_content_width":"","footnotes":""},"categories":[559],"tags":[],"class_list":["post-82680","post","type-post","status-publish","format-standard","has-post-thumbnail","hentry","category-decede"],"jetpack_featured_media_url":"https:\/\/i0.wp.com\/www.claret.org\/wp-content\/uploads\/2020\/06\/Ib%C3%A1%C3%B1ez.jpg?fit=250%2C394&ssl=1","jetpack_sharing_enabled":true,"jetpack_shortlink":"https:\/\/wp.me\/pdaBmi-lvy","jetpack_likes_enabled":true,"_links":{"self":[{"href":"https:\/\/www.claret.org\/fr\/wp-json\/wp\/v2\/posts\/82680","targetHints":{"allow":["GET"]}}],"collection":[{"href":"https:\/\/www.claret.org\/fr\/wp-json\/wp\/v2\/posts"}],"about":[{"href":"https:\/\/www.claret.org\/fr\/wp-json\/wp\/v2\/types\/post"}],"author":[{"embeddable":true,"href":"https:\/\/www.claret.org\/fr\/wp-json\/wp\/v2\/users\/3"}],"replies":[{"embeddable":true,"href":"https:\/\/www.claret.org\/fr\/wp-json\/wp\/v2\/comments?post=82680"}],"version-history":[{"count":0,"href":"https:\/\/www.claret.org\/fr\/wp-json\/wp\/v2\/posts\/82680\/revisions"}],"wp:featuredmedia":[{"embeddable":true,"href":"https:\/\/www.claret.org\/fr\/wp-json\/wp\/v2\/media\/82673"}],"wp:attachment":[{"href":"https:\/\/www.claret.org\/fr\/wp-json\/wp\/v2\/media?parent=82680"}],"wp:term":[{"taxonomy":"category","embeddable":true,"href":"https:\/\/www.claret.org\/fr\/wp-json\/wp\/v2\/categories?post=82680"},{"taxonomy":"post_tag","embeddable":true,"href":"https:\/\/www.claret.org\/fr\/wp-json\/wp\/v2\/tags?post=82680"}],"curies":[{"name":"wp","href":"https:\/\/api.w.org\/{rel}","templated":true}]}}