{"id":92748,"date":"2020-10-29T12:34:52","date_gmt":"2020-10-29T11:34:52","guid":{"rendered":"https:\/\/www.claret.org\/pre-lancement-de-claret-way-reseau-mondial-de-jeunes-claretains-18\/"},"modified":"2020-10-29T12:34:52","modified_gmt":"2020-10-29T11:34:52","slug":"pre-lancement-de-claret-way-reseau-mondial-de-jeunes-claretains-18","status":"publish","type":"post","link":"https:\/\/www.claret.org\/fr\/pre-lancement-de-claret-way-reseau-mondial-de-jeunes-claretains-18\/","title":{"rendered":"PR\u00c9-LANCEMENT DE CLARET WAY.R\u00c9SEAU MONDIAL DE JEUNES CLAR\u00c9TAINS + 18"},"content":{"rendered":"<p>Le  24 octobre, dans le cadre du programme des 150 anniversaires de la P\u00e2que du P, Claret, r\u00e9f\u00e9rents de la Pastorale de Jeunes  et Vocations de la famille Clar\u00e9taine de partout dans le monde ont particip\u00e9 au pr\u00e9-lancement  du R\u00e9seau Mondial de Jeunes Clar\u00e9tains +18, CLARET WAY.<\/p>\n<p>Le R\u00e9seau Mondial de Jeunes + 18  est un PROJET issu  de r\u00eaves partag\u00e9s par les r\u00e9f\u00e9rents  de la Pastorale  de Jeunes et Vocations  r\u00e9unis \u00e0 Rome  en Novembre 2018.<\/p>\n<p>Il s\u2019agit d\u2019une STRUCTURE PASTORALE de la Famille Clar\u00e9taine qui fait le lien  dans un r\u00e9seau mondial avec  les jeunes  de 18 ans et plus de leurs communaut\u00e9s entre eux, avec les animateurs  et r\u00e9f\u00e9rents de la <em>PJV, <\/em>d\u2019une part,  et d\u2019une autre,, il articule  les propositions locales et r\u00e9gionales de <em>PJV <\/em>au niveau continental  et mondial. De plus elle est une PROPOSITION de VIE  pour grandir  dans la suite de  J\u00e9sus d\u2019amores le style de Claret et dans notre identit\u00e9 clar\u00e9taine.<\/p>\n<p>Le Document de Fondation de CLARET WAY a \u00e9t\u00e9 pr\u00e9par\u00e9 par une commission int\u00e9gr\u00e9e par membres  de la <em>FC <\/em>de partout dans le monde et il a \u00e9t\u00e9 l\u2019objet d\u2019\u00e9tude de la part des \u00e9quipes  g\u00e9n\u00e9rales de gouvernement. Finalement il a \u00e9t\u00e9 approuv\u00e9 <em>ad experimentum <\/em>par les r\u00e9f\u00e9rents des <em>PJV<\/em>  des diff\u00e9rents groupes  de la <em>FC<\/em> le 30 ao\u00fbt de cette ann\u00e9e-ci.<\/p>\n<p>Avec le pr\u00e9-lancement  on inaugure   officiellement  un temps de pr\u00e9paration  de la mise en marche du RED+18 au niveau local, r\u00e9gional, continental et mondial. Ladite   p\u00e9riode  va culminer  le prochain  24 octobre, 2021, avec l\u2019incorporation  des jeunes et le lancement de CLARET WAY \u00e0 proprement parler.<\/p>\n<p>&nbsp;<\/p>\n<p><img data-recalc-dims=\"1\" loading=\"lazy\" decoding=\"async\" data-attachment-id=\"92596\" data-permalink=\"https:\/\/www.claret.org\/fr\/pre-lancement-de-claret-way-reseau-mondial-de-jeunes-claretains-18\/yvm-20201024-pre-launch-2-2\/\" data-orig-file=\"https:\/\/i0.wp.com\/www.claret.org\/wp-content\/uploads\/2020\/10\/YVM-20201024-Pre-launch-2.jpeg?fit=1280%2C960&amp;ssl=1\" data-orig-size=\"1280,960\" data-comments-opened=\"0\" data-image-meta=\"{&quot;aperture&quot;:&quot;0&quot;,&quot;credit&quot;:&quot;&quot;,&quot;camera&quot;:&quot;&quot;,&quot;caption&quot;:&quot;&quot;,&quot;created_timestamp&quot;:&quot;0&quot;,&quot;copyright&quot;:&quot;&quot;,&quot;focal_length&quot;:&quot;0&quot;,&quot;iso&quot;:&quot;0&quot;,&quot;shutter_speed&quot;:&quot;0&quot;,&quot;title&quot;:&quot;&quot;,&quot;orientation&quot;:&quot;0&quot;}\" data-image-title=\"YVM-20201024 Pre launch (2)\" data-image-description=\"\" data-image-caption=\"\" data-large-file=\"https:\/\/i0.wp.com\/www.claret.org\/wp-content\/uploads\/2020\/10\/YVM-20201024-Pre-launch-2.jpeg?fit=1024%2C768&amp;ssl=1\" class=\"alignnone size-full wp-image-92596\" src=\"https:\/\/i0.wp.com\/www.claret.org\/wp-content\/uploads\/2020\/10\/YVM-20201024-Pre-launch-2.jpeg?resize=1080%2C810&#038;ssl=1\" alt=\"\" width=\"1080\" height=\"810\" title=\"\" srcset=\"https:\/\/i0.wp.com\/www.claret.org\/wp-content\/uploads\/2020\/10\/YVM-20201024-Pre-launch-2.jpeg?w=1280&amp;ssl=1 1280w, https:\/\/i0.wp.com\/www.claret.org\/wp-content\/uploads\/2020\/10\/YVM-20201024-Pre-launch-2.jpeg?resize=300%2C225&amp;ssl=1 300w, https:\/\/i0.wp.com\/www.claret.org\/wp-content\/uploads\/2020\/10\/YVM-20201024-Pre-launch-2.jpeg?resize=1024%2C768&amp;ssl=1 1024w, https:\/\/i0.wp.com\/www.claret.org\/wp-content\/uploads\/2020\/10\/YVM-20201024-Pre-launch-2.jpeg?resize=768%2C576&amp;ssl=1 768w, https:\/\/i0.wp.com\/www.claret.org\/wp-content\/uploads\/2020\/10\/YVM-20201024-Pre-launch-2.jpeg?resize=1080%2C810&amp;ssl=1 1080w\" sizes=\"(max-width: 1080px) 100vw, 1080px\" \/><\/p>\n","protected":false},"excerpt":{"rendered":"<p>Le 24 octobre, dans le cadre du programme des 150 anniversaires de la P\u00e2que du P, Claret, r\u00e9f\u00e9rents de la Pastorale de Jeunes et Vocations de la famille Clar\u00e9taine de partout dans le monde ont particip\u00e9 au pr\u00e9-lancement du R\u00e9seau Mondial de Jeunes Clar\u00e9tains +18, CLARET WAY. Le R\u00e9seau Mondial de Jeunes + 18 est [&hellip;]<\/p>\n","protected":false},"author":2,"featured_media":92602,"comment_status":"closed","ping_status":"closed","sticky":false,"template":"","format":"standard","meta":{"_et_pb_use_builder":"","_et_pb_old_content":"","_et_gb_content_width":"","footnotes":""},"categories":[532,482],"tags":[],"class_list":["post-92748","post","type-post","status-publish","format-standard","has-post-thumbnail","hentry","category-famille-claretaine","category-pastoral-de-la-jeunesse-et-vocations"],"jetpack_featured_media_url":"https:\/\/i0.wp.com\/www.claret.org\/wp-content\/uploads\/2020\/10\/YVM-20201024-Pre-launch-1.jpeg?fit=1600%2C843&ssl=1","jetpack_sharing_enabled":true,"jetpack_shortlink":"https:\/\/wp.me\/pdaBmi-o7W","jetpack_likes_enabled":true,"_links":{"self":[{"href":"https:\/\/www.claret.org\/fr\/wp-json\/wp\/v2\/posts\/92748","targetHints":{"allow":["GET"]}}],"collection":[{"href":"https:\/\/www.claret.org\/fr\/wp-json\/wp\/v2\/posts"}],"about":[{"href":"https:\/\/www.claret.org\/fr\/wp-json\/wp\/v2\/types\/post"}],"author":[{"embeddable":true,"href":"https:\/\/www.claret.org\/fr\/wp-json\/wp\/v2\/users\/2"}],"replies":[{"embeddable":true,"href":"https:\/\/www.claret.org\/fr\/wp-json\/wp\/v2\/comments?post=92748"}],"version-history":[{"count":0,"href":"https:\/\/www.claret.org\/fr\/wp-json\/wp\/v2\/posts\/92748\/revisions"}],"wp:featuredmedia":[{"embeddable":true,"href":"https:\/\/www.claret.org\/fr\/wp-json\/wp\/v2\/media\/92602"}],"wp:attachment":[{"href":"https:\/\/www.claret.org\/fr\/wp-json\/wp\/v2\/media?parent=92748"}],"wp:term":[{"taxonomy":"category","embeddable":true,"href":"https:\/\/www.claret.org\/fr\/wp-json\/wp\/v2\/categories?post=92748"},{"taxonomy":"post_tag","embeddable":true,"href":"https:\/\/www.claret.org\/fr\/wp-json\/wp\/v2\/tags?post=92748"}],"curies":[{"name":"wp","href":"https:\/\/api.w.org\/{rel}","templated":true}]}}