{"id":93367,"date":"2020-11-25T11:03:33","date_gmt":"2020-11-25T10:03:33","guid":{"rendered":"https:\/\/www.claret.org\/inauguration-du-itvca-institut-theologique-de-vie-consacree-damerique\/"},"modified":"2020-11-25T11:03:33","modified_gmt":"2020-11-25T10:03:33","slug":"inauguration-du-itvca-institut-theologique-de-vie-consacree-damerique","status":"publish","type":"post","link":"https:\/\/www.claret.org\/fr\/inauguration-du-itvca-institut-theologique-de-vie-consacree-damerique\/","title":{"rendered":"Inauguration du ITVCA \u2013 Institut Th\u00e9ologique de Vie Consacr\u00e9e d\u2019Am\u00e9rique"},"content":{"rendered":"<p><strong>Bogota, Colombie. <\/strong> \u00c0 la veille du commencement de l\u2019Avent 2020, Les Missionnaires Clar\u00e9tains d\u2019Am\u00e9rique (<em>MICLA<\/em>), vont inaugurer  l\u2019Institut Th\u00e9ologique de Vie Consacr\u00e9e d\u2019Am\u00e9rique (<em>ITVCA) , <\/em>institut qui nait pour  servir \u00e0 la formation  th\u00e9ologique, pastorale, acad\u00e9mique et int\u00e9grale des personnes des diff\u00e9rents  disciples missionnaires ( Vie Religieuse, la\u00efcat  e autres r\u00e9f\u00e9rents pastoraux) de l\u2019\u00c9glise  qui p\u00e8lerine en Am\u00e9rique , Continent de l\u2019Esp\u00e9rance.<\/p>\n<p>La dite inauguration aura lieu le samedi 28 novembre entre 10.00 hrs et 11.00 hrs (Colombie), de mani\u00e8re virtuelle \u00e0 travers <em>ZOOM<\/em><em> <\/em><\/p>\n<p>Lien de connexion :<\/p>\n<p> <a href=\"https:\/\/us02web.zoom.us\/j\/84857687148\" data-saferedirecturl=\"https:\/\/www.google.com\/url?q=https:\/\/us02web.zoom.us\/j\/84857687148&amp;source=gmail&amp;ust=1606384825217000&amp;usg=AFQjCNFAiUoQrjwmf2FHpRNt3gVjkW2wxA\" rel=\"nofollow noopener\" target=\"_blank\">https:\/\/us02web.zoom.us\/j\/84857687148<\/a><\/p>\n<p><img data-recalc-dims=\"1\" loading=\"lazy\" decoding=\"async\" data-attachment-id=\"93264\" data-permalink=\"https:\/\/www.claret.org\/fr\/inauguration-du-itvca-institut-theologique-de-vie-consacree-damerique\/image1-2\/\" data-orig-file=\"https:\/\/i0.wp.com\/www.claret.org\/wp-content\/uploads\/2020\/11\/image1.png?fit=1080%2C1080&amp;ssl=1\" data-orig-size=\"1080,1080\" data-comments-opened=\"0\" data-image-meta=\"{&quot;aperture&quot;:&quot;0&quot;,&quot;credit&quot;:&quot;&quot;,&quot;camera&quot;:&quot;&quot;,&quot;caption&quot;:&quot;&quot;,&quot;created_timestamp&quot;:&quot;0&quot;,&quot;copyright&quot;:&quot;&quot;,&quot;focal_length&quot;:&quot;0&quot;,&quot;iso&quot;:&quot;0&quot;,&quot;shutter_speed&quot;:&quot;0&quot;,&quot;title&quot;:&quot;&quot;,&quot;orientation&quot;:&quot;0&quot;}\" data-image-title=\"image(1)\" data-image-description=\"\" data-image-caption=\"\" data-large-file=\"https:\/\/i0.wp.com\/www.claret.org\/wp-content\/uploads\/2020\/11\/image1.png?fit=1024%2C1024&amp;ssl=1\" class=\"alignnone wp-image-93264 size-full\" src=\"https:\/\/i0.wp.com\/www.claret.org\/wp-content\/uploads\/2020\/11\/image1.png?resize=1080%2C1080&#038;ssl=1\" alt=\"\" width=\"1080\" height=\"1080\" title=\"\" srcset=\"https:\/\/i0.wp.com\/www.claret.org\/wp-content\/uploads\/2020\/11\/image1.png?w=1080&amp;ssl=1 1080w, https:\/\/i0.wp.com\/www.claret.org\/wp-content\/uploads\/2020\/11\/image1.png?resize=300%2C300&amp;ssl=1 300w, https:\/\/i0.wp.com\/www.claret.org\/wp-content\/uploads\/2020\/11\/image1.png?resize=1024%2C1024&amp;ssl=1 1024w, https:\/\/i0.wp.com\/www.claret.org\/wp-content\/uploads\/2020\/11\/image1.png?resize=150%2C150&amp;ssl=1 150w, https:\/\/i0.wp.com\/www.claret.org\/wp-content\/uploads\/2020\/11\/image1.png?resize=768%2C768&amp;ssl=1 768w, https:\/\/i0.wp.com\/www.claret.org\/wp-content\/uploads\/2020\/11\/image1.png?resize=440%2C440&amp;ssl=1 440w\" sizes=\"(max-width: 1080px) 100vw, 1080px\" \/><\/p>\n","protected":false},"excerpt":{"rendered":"<p>Bogota, Colombie. \u00c0 la veille du commencement de l\u2019Avent 2020, Les Missionnaires Clar\u00e9tains d\u2019Am\u00e9rique (MICLA), vont inaugurer l\u2019Institut Th\u00e9ologique de Vie Consacr\u00e9e d\u2019Am\u00e9rique (ITVCA) , institut qui nait pour servir \u00e0 la formation th\u00e9ologique, pastorale, acad\u00e9mique et int\u00e9grale des personnes des diff\u00e9rents disciples missionnaires ( Vie Religieuse, la\u00efcat e autres r\u00e9f\u00e9rents pastoraux) de l\u2019\u00c9glise qui [&hellip;]<\/p>\n","protected":false},"author":1,"featured_media":93270,"comment_status":"closed","ping_status":"closed","sticky":false,"template":"","format":"standard","meta":{"_et_pb_use_builder":"","_et_pb_old_content":"","_et_gb_content_width":"","footnotes":""},"categories":[419,353],"tags":[],"class_list":["post-93367","post","type-post","status-publish","format-standard","has-post-thumbnail","hentry","category-vie-consacree","category-micla-fr"],"jetpack_featured_media_url":"https:\/\/i0.wp.com\/www.claret.org\/wp-content\/uploads\/2020\/11\/image.png?fit=1075%2C435&ssl=1","jetpack_sharing_enabled":true,"jetpack_shortlink":"https:\/\/wp.me\/pdaBmi-ohV","jetpack_likes_enabled":true,"_links":{"self":[{"href":"https:\/\/www.claret.org\/fr\/wp-json\/wp\/v2\/posts\/93367","targetHints":{"allow":["GET"]}}],"collection":[{"href":"https:\/\/www.claret.org\/fr\/wp-json\/wp\/v2\/posts"}],"about":[{"href":"https:\/\/www.claret.org\/fr\/wp-json\/wp\/v2\/types\/post"}],"author":[{"embeddable":true,"href":"https:\/\/www.claret.org\/fr\/wp-json\/wp\/v2\/users\/1"}],"replies":[{"embeddable":true,"href":"https:\/\/www.claret.org\/fr\/wp-json\/wp\/v2\/comments?post=93367"}],"version-history":[{"count":0,"href":"https:\/\/www.claret.org\/fr\/wp-json\/wp\/v2\/posts\/93367\/revisions"}],"wp:featuredmedia":[{"embeddable":true,"href":"https:\/\/www.claret.org\/fr\/wp-json\/wp\/v2\/media\/93270"}],"wp:attachment":[{"href":"https:\/\/www.claret.org\/fr\/wp-json\/wp\/v2\/media?parent=93367"}],"wp:term":[{"taxonomy":"category","embeddable":true,"href":"https:\/\/www.claret.org\/fr\/wp-json\/wp\/v2\/categories?post=93367"},{"taxonomy":"post_tag","embeddable":true,"href":"https:\/\/www.claret.org\/fr\/wp-json\/wp\/v2\/tags?post=93367"}],"curies":[{"name":"wp","href":"https:\/\/api.w.org\/{rel}","templated":true}]}}