{"id":93875,"date":"2020-12-02T14:56:03","date_gmt":"2020-12-02T13:56:03","guid":{"rendered":"https:\/\/www.claret.org\/conference-parole-2020\/"},"modified":"2020-12-02T14:56:03","modified_gmt":"2020-12-02T13:56:03","slug":"conference-parole-2020","status":"publish","type":"post","link":"https:\/\/www.claret.org\/fr\/conference-parole-2020\/","title":{"rendered":"Conf\u00e9rence Parole 2020"},"content":{"rendered":"<p><strong>2 d\u00e9cembre, 2020, Philippines. <\/strong>La Province des Missionnaires Clar\u00e9tains  de Philippines  et <em>Claretian Communications Foundation , Inc, <\/em> par initiative  de la Commission Biblique des Missionnaires Clar\u00e9tains des Philippines .organisa  le 29 et 30 novembre la CONFERENCE PAROLE 2020 (<em>WordConP<\/em>) lors de  sa troisi\u00e8me ann\u00e9e cons\u00e9cutive  ayant comme sujet : \u00ab  <em>La Parole et  l\u2019Adoration. Offrir continuellement \u00e0 travers J\u00e9sus   (la Parole) un sacrifice de louange (H\u00e9breux 13, 15) \u00bb.<\/em><\/p>\n<p>La <em>WordConP  <\/em>eut lieu \u00e0 travers la plateforme  <em>Zoom<\/em>, d\u00fb \u00e0 la pand\u00e9mie  de coronavirus (<em>COVID-19).<\/em> Dans la dite  conf\u00e9rence y particip\u00e8rent  plus de 260 personnes inscrites de mani\u00e8re gratuite et arrivant des diff\u00e9rentes parties du monde : \u00c9tats-Unis, Papoua Nouvelle Guin\u00e9e, Vietnam  et Malte. On cr\u00e9a de salles  chez la plateforme <em>Zoom<\/em> afin que les participants eussent l\u2019occasion de partager et poser de questions, aussi bien aux exposants  qu\u2019aux r\u00e9dacteurs.  Ces groupes-ci furent mod\u00e9r\u00e9s  par M. Alvin Macarenas et Mme. Rosario K. Garc\u00eda.<\/p>\n<div class=\"et_pb_slider et_pb_slider_fullwidth_off et_pb_gallery_post_type\">\n\t\t\t\t<div class=\"et_pb_slides\">\n\t\t\t\t\t<div class=\"et_pb_slide\" style=\"background: url(https:\/\/www.claret.org\/wp-content\/uploads\/2020\/12\/PH-20201130-WordCon-2020-14.jpg);\"><\/div><div class=\"et_pb_slide\" style=\"background: url(https:\/\/www.claret.org\/wp-content\/uploads\/2020\/12\/PH-20201130-WordCon-2020-13.jpg);\"><\/div>\n\t\t\t\t<\/div>\n\t\t\t<\/div>\n<p>Le premier jour de la conf\u00e9rence  le Fr\u00e8re  Carlito  \u00ab Karl \u00bb  M. Gaspar , CSsR , partagea le th\u00e8me : \u00ab  Prenant au s\u00e9rieux  le discours  de l\u2019inculturation . L\u2019urgent d\u00e9fi  du labeur d\u2019\u00e9vang\u00e9lisation  des  missionnaires parmi les peuples indig\u00e8nes \u00bb. Le Fr\u00e8re Karl pr\u00e9cisa  le fait qu\u2019aujourd\u2019hui  nous devons tenir compte  du d\u00e9fi  de l\u2019inculturation  et  comment  traiter  nos fr\u00e8res et s\u0153urs   indig\u00e8nes  qui embrassent la foi catholique.<\/p>\n<p>\u00c0 l\u2019expos\u00e9  du Fr\u00e8re Karl , r\u00e9ag\u00eet le p\u00e8re  Raymond  Montero Ambray   soulignant  sur la n\u00e9cessit\u00e9   d\u2019\u00e9tablir   un <em>engagement de dialogue  entre les peuples  indig\u00e8nes , <\/em>dialogue qui pourrait  devenir la r\u00e9ponse de l\u2019\u00c9glise  locale aux d\u00e9fis de l\u2019inculturation.<\/p>\n<p>La deuxi\u00e8me causerie  l\u2019offrit le Dr. Michael Demetrius  H. Asis, sur le th\u00e8me : \u00ab  Ne brulaient-ils pas nos c\u0153urs ?  Proclamer  la Parole dans la liturgie  inspirant  la formation de disciples \u00bb.Le Dr, Asis d\u00e9fia  les participants  \u00e0 ne pas lire la Parole de Dieu comme si elle fusse de la fiction, mais la lire en tant que Parole vivante de Dieu et signala le besoin de lier , toujours  ce que nous affirmons sur  J\u00e9sus aujourd\u2019hui avec ce qu\u2019il fut entant que personne historique.<\/p>\n<p>\u00c0 cette deuxi\u00e8me causerie r\u00e9ag\u00eet Mme. Tinnah de la Rosa, soulignant l\u2019expos\u00e9 par le Dr. Asis, en  offrant une image guide  \u00e0 l\u2019endroit des cat\u00e9chistes, ceux qui se trouvent en \u00e9ducation religieuse, la pastorale juv\u00e9nile et sp\u00e9cialement   ceux qui se trouvent  dans le minist\u00e8re de la pr\u00e9dication afin qu\u2019ils puissent attirer les personnes et qu\u2019ils exp\u00e9rimentent le fait de bruler  dans l\u2019amour de Dieu et sa Parole.<\/p>\n<p>Le deuxi\u00e8me jour de la <em>WordConPH <\/em> commen\u00e7a avec le discours sur \u00ab La Parole  au Temps de la Pand\u00e9mie \u00bb prononc\u00e9 par le P. Jos\u00e9 Jonathan a. Bitoy, CMF. Le P. Bitoy  invita les participants \u00e0 d\u2019adresser \u00e0 la Parole de Dieu en ce temps apocalyptique, de pand\u00e9mie, s\u2019inspirant de la Bonne Nouvelle  qui soutint les premiers chr\u00e9tiens parmi la pers\u00e9cution.  Il pr\u00e9cisa  que, pr\u00e9sentement, au fur et \u00e0 mesure  que le monde exp\u00e9rimente les effets d\u00e9vastateurs  de la pand\u00e9mie du <em>covid-19,<\/em> la Parole  de Dieu  nous procure  la m\u00eame consolation et garanties  que jadis,<\/p>\n<p>A cette causerie r\u00e9ag\u00eet M. Leo-Mart\u00edn  Angelo Ocampo , OP,, soulignant  la difficile exp\u00e9rience  des gens aujourd\u2019hui, surtout  ces personnes-l\u00e0  qui se sont vues  affect\u00e9es  ou, m\u00eame, elles ont perdu  un \u00eatre cher \u00e0 cause du coronavirus  (<em>Covid-19<\/em>).<\/p>\n<p>La deuxi\u00e8me causerie  fut anim\u00e9e par le P. Alejandro Gobr\u00edn, CMF,  sur le th\u00e8me \u00ab H\u00e9breux. Une invitation  \u00e0 un sacrifice  de louange \u00bb. Le P.  Gobr\u00edn invita les participants \u00e0 remettre en question notre cosmovision, notre vie existentielle, notre foi, notre \u00e9thique et nos relations  avec le je, avec Dieu, avec les autres et toute la cr\u00e9ation. De plus il expliqua  que la Lettre aux H\u00e9breux peut-elle nous encourager \u00e0 maintenir  notre foi,  surtout en ces temps  lorsque  nos expressions de foi,   c\u00e9l\u00e9brations  liturgiques  et adoration sont limit\u00e9es.   <\/p>\n<p>En guise de r\u00e9action  le P. Anthony Carreon. CMF,  mit l\u2019emphase  sur le mot <em> s\u2019efforcer,<\/em> c\u2019est-\u00e0-dire,  ce qui est le plus important  pour se centrer en J\u00e9sus-Christ.  Pour ce faire, le P. Carreon invita  l\u2019audience  \u00e0 se rappeler des exp\u00e9riences des premiers chr\u00e9tiens  au cours de l\u2019\u00e9poque de la pers\u00e9cution, ce qui ne les emp\u00eacha pas  de louer  Dieu et se souvenir de J\u00e9sus-Christ.<\/p>\n<p>&nbsp;<\/p>\n<p>[envira-gallery id=\u00a0\u00bb93393&Prime;]<\/p>\n","protected":false},"excerpt":{"rendered":"<p>2 d\u00e9cembre, 2020, Philippines. La Province des Missionnaires Clar\u00e9tains de Philippines et Claretian Communications Foundation , Inc, par initiative de la Commission Biblique des Missionnaires Clar\u00e9tains des Philippines .organisa le 29 et 30 novembre la CONFERENCE PAROLE 2020 (WordConP) lors de sa troisi\u00e8me ann\u00e9e cons\u00e9cutive ayant comme sujet : \u00ab La Parole et l\u2019Adoration. Offrir [&hellip;]<\/p>\n","protected":false},"author":1,"featured_media":93456,"comment_status":"closed","ping_status":"closed","sticky":false,"template":"","format":"standard","meta":{"_et_pb_use_builder":"","_et_pb_old_content":"","_et_gb_content_width":"","footnotes":""},"categories":[255,416],"tags":[],"class_list":["post-93875","post","type-post","status-publish","format-standard","has-post-thumbnail","hentry","category-claret-publishing-group-fr","category-pastorale-biblique"],"jetpack_featured_media_url":"https:\/\/i0.wp.com\/www.claret.org\/wp-content\/uploads\/2020\/12\/PH-20201130-WordCon-2020-7.jpg?fit=878%2C405&ssl=1","jetpack_sharing_enabled":true,"jetpack_shortlink":"https:\/\/wp.me\/pdaBmi-oq7","jetpack_likes_enabled":true,"_links":{"self":[{"href":"https:\/\/www.claret.org\/fr\/wp-json\/wp\/v2\/posts\/93875","targetHints":{"allow":["GET"]}}],"collection":[{"href":"https:\/\/www.claret.org\/fr\/wp-json\/wp\/v2\/posts"}],"about":[{"href":"https:\/\/www.claret.org\/fr\/wp-json\/wp\/v2\/types\/post"}],"author":[{"embeddable":true,"href":"https:\/\/www.claret.org\/fr\/wp-json\/wp\/v2\/users\/1"}],"replies":[{"embeddable":true,"href":"https:\/\/www.claret.org\/fr\/wp-json\/wp\/v2\/comments?post=93875"}],"version-history":[{"count":0,"href":"https:\/\/www.claret.org\/fr\/wp-json\/wp\/v2\/posts\/93875\/revisions"}],"wp:featuredmedia":[{"embeddable":true,"href":"https:\/\/www.claret.org\/fr\/wp-json\/wp\/v2\/media\/93456"}],"wp:attachment":[{"href":"https:\/\/www.claret.org\/fr\/wp-json\/wp\/v2\/media?parent=93875"}],"wp:term":[{"taxonomy":"category","embeddable":true,"href":"https:\/\/www.claret.org\/fr\/wp-json\/wp\/v2\/categories?post=93875"},{"taxonomy":"post_tag","embeddable":true,"href":"https:\/\/www.claret.org\/fr\/wp-json\/wp\/v2\/tags?post=93875"}],"curies":[{"name":"wp","href":"https:\/\/api.w.org\/{rel}","templated":true}]}}