{"id":96845,"date":"2021-03-17T14:14:27","date_gmt":"2021-03-17T13:14:27","guid":{"rendered":"https:\/\/www.claret.org\/dieu-ne-nous-a-pas-appeles-a-nous-enfermer-dans-nos-zones-de-confort\/"},"modified":"2021-03-17T14:14:27","modified_gmt":"2021-03-17T13:14:27","slug":"dieu-ne-nous-a-pas-appeles-a-nous-enfermer-dans-nos-zones-de-confort","status":"publish","type":"post","link":"https:\/\/www.claret.org\/fr\/dieu-ne-nous-a-pas-appeles-a-nous-enfermer-dans-nos-zones-de-confort\/","title":{"rendered":"\u00ab\u00a0Dieu ne nous a pas appel\u00e9s \u00e0 nous enfermer dans nos zones de confort\u00a0\u00bb"},"content":{"rendered":"<p style=\"text-align: justify;\"><strong>Santo Domingo, R\u00e9publique Dominicaine<\/strong>. La migration reste une pr\u00e9occupation importante dans les pays o\u00f9 cette r\u00e9alit\u00e9 est v\u00e9cue avec d&rsquo;innombrables dangers et abus. Cette m\u00eame r\u00e9alit\u00e9 est v\u00e9cue par de nombreuses personnes qui ont quitt\u00e9 Ha\u00efti pour s&rsquo;installer en R\u00e9publique dominicaine et qui vivent aujourd&rsquo;hui dans les \u00ab\u00a0bateyes\u00a0\u00bb, priv\u00e9es d&rsquo;une infrastructure digne et, bien souvent, dans des situations d\u00e9plorables qui ne cessent de nous interpeller.<\/p>\n<p style=\"text-align: justify;\">Dans ce contexte, la communaut\u00e9 formative clar\u00e9taine de Pantoja cherche non seulement \u00e0 prendre conscience que Dieu ne nous a pas appel\u00e9s \u00e0 nous enfermer dans nos zones de confort, mais \u00e0 le d\u00e9couvrir et \u00e0 le reconna\u00eetre dans le visage de celui qui est nu, qui a soif, qui est malade, qui a faim, qui est emprisonn\u00e9 et qui est \u00e9tranger (Cf. Mt 25,31ss.).<\/p>\n<p style=\"text-align: justify;\">Cet apostolat de solidarit\u00e9 a \u00e9t\u00e9 possible gr\u00e2ce \u00e0 l&rsquo;accompagnement du P\u00e8re Jos\u00e9 Camilo Minaya, CMF et au soutien financier de missionnaires la\u00efcs de Caguas, Porto Rico. Les s\u0153urs Sanchina, les s\u0153urs dominicaines de St. Paul, ont \u00e9galement rejoint la mission.<\/p>\n<p style=\"text-align: right;\"><em>Jubou Jean, CMF<\/em><\/p>\n","protected":false},"excerpt":{"rendered":"<p>Santo Domingo, R\u00e9publique Dominicaine. La migration reste une pr\u00e9occupation importante dans les pays o\u00f9 cette r\u00e9alit\u00e9 est v\u00e9cue avec d&rsquo;innombrables dangers et abus. Cette m\u00eame r\u00e9alit\u00e9 est v\u00e9cue par de nombreuses personnes qui ont quitt\u00e9 Ha\u00efti pour s&rsquo;installer en R\u00e9publique dominicaine et qui vivent aujourd&rsquo;hui dans les \u00ab\u00a0bateyes\u00a0\u00bb, priv\u00e9es d&rsquo;une infrastructure digne et, bien souvent, [&hellip;]<\/p>\n","protected":false},"author":1,"featured_media":96839,"comment_status":"closed","ping_status":"closed","sticky":false,"template":"","format":"standard","meta":{"_et_pb_use_builder":"","_et_pb_old_content":"","_et_gb_content_width":"","footnotes":""},"categories":[357,497,353],"tags":[],"class_list":["post-96845","post","type-post","status-publish","format-standard","has-post-thumbnail","hentry","category-antillas-fr","category-formation-fr","category-micla-fr"],"jetpack_featured_media_url":"https:\/\/i0.wp.com\/www.claret.org\/wp-content\/uploads\/2021\/03\/Antillas17032021.jpg?fit=700%2C400&ssl=1","jetpack_sharing_enabled":true,"jetpack_shortlink":"https:\/\/wp.me\/pdaBmi-pc1","jetpack_likes_enabled":true,"_links":{"self":[{"href":"https:\/\/www.claret.org\/fr\/wp-json\/wp\/v2\/posts\/96845","targetHints":{"allow":["GET"]}}],"collection":[{"href":"https:\/\/www.claret.org\/fr\/wp-json\/wp\/v2\/posts"}],"about":[{"href":"https:\/\/www.claret.org\/fr\/wp-json\/wp\/v2\/types\/post"}],"author":[{"embeddable":true,"href":"https:\/\/www.claret.org\/fr\/wp-json\/wp\/v2\/users\/1"}],"replies":[{"embeddable":true,"href":"https:\/\/www.claret.org\/fr\/wp-json\/wp\/v2\/comments?post=96845"}],"version-history":[{"count":0,"href":"https:\/\/www.claret.org\/fr\/wp-json\/wp\/v2\/posts\/96845\/revisions"}],"wp:featuredmedia":[{"embeddable":true,"href":"https:\/\/www.claret.org\/fr\/wp-json\/wp\/v2\/media\/96839"}],"wp:attachment":[{"href":"https:\/\/www.claret.org\/fr\/wp-json\/wp\/v2\/media?parent=96845"}],"wp:term":[{"taxonomy":"category","embeddable":true,"href":"https:\/\/www.claret.org\/fr\/wp-json\/wp\/v2\/categories?post=96845"},{"taxonomy":"post_tag","embeddable":true,"href":"https:\/\/www.claret.org\/fr\/wp-json\/wp\/v2\/tags?post=96845"}],"curies":[{"name":"wp","href":"https:\/\/api.w.org\/{rel}","templated":true}]}}