{"id":98778,"date":"2021-04-24T12:31:31","date_gmt":"2021-04-24T10:31:31","guid":{"rendered":"https:\/\/www.claret.org\/la-paroisse-des-sacres-coeurs-de-nuevo-laredo-est-remise-au-clerge-du-diocese\/"},"modified":"2021-04-24T12:43:11","modified_gmt":"2021-04-24T10:43:11","slug":"la-paroisse-des-sacres-coeurs-de-nuevo-laredo-est-remise-au-clerge-du-diocese","status":"publish","type":"post","link":"https:\/\/www.claret.org\/fr\/la-paroisse-des-sacres-coeurs-de-nuevo-laredo-est-remise-au-clerge-du-diocese\/","title":{"rendered":"La paroisse des Sacr\u00e9s-C\u0153urs de Nuevo Laredo est remise au clerg\u00e9 du dioc\u00e8se"},"content":{"rendered":"<p><strong>Nuevo Laredo, Mexique<\/strong>. Le 4 avril 2021 a marqu\u00e9 pour les Missionnaires Clar\u00e9tains la remise d\u00e9finitive de la Paroisse des Sacr\u00e9s C\u0153urs \u00e0 Nuevo Laredo. L&rsquo;\u00e9v\u00eaque Enrique S\u00e1nchez Mart\u00ednez, des pr\u00eatres du clerg\u00e9 dioc\u00e9sain, la communaut\u00e9 clar\u00e9taine et de nombreux paroissiens y ont particip\u00e9. Une s\u00e9rie de cinq transmissions a \u00e9t\u00e9 organis\u00e9e \u00e0 travers les r\u00e9seaux sociaux vers la plateforme de la paroisse, de l&rsquo;\u00e9v\u00each\u00e9 et de la province, atteignant une bonne diffusion \u00e9galement dans la partie sud des \u00c9tats-Unis.<\/p>\n<p>On se souvient avec affection des \u00ab\u00a0mardis clar\u00e9tains\u00a0\u00bb, c&rsquo;est-\u00e0-dire des transmissions en direct, d&rsquo;une dur\u00e9e d&rsquo;une heure, depuis diff\u00e9rents lieux de la paroisse. Des vid\u00e9os ont \u00e9t\u00e9 partag\u00e9es avec des photographies des diff\u00e9rents secteurs paroissiaux, des groupes et des mouvements apostoliques qui, depuis 1945, ont marqu\u00e9 l&rsquo;histoire dans les processus d&rsquo;\u00e9vang\u00e9lisation et de construction de lieux de culte, tous document\u00e9s dans les chroniques de la communaut\u00e9 clar\u00e9taine.<\/p>\n<p>Les souvenirs partag\u00e9s par les paroissiens \u00e9taient impressionnants, surtout lorsqu&rsquo;ils ont rev\u00e9cu les exp\u00e9riences v\u00e9cues avec les missionnaires tout au long de ces soixante-quinze ann\u00e9es de vie missionnaire. On a fait m\u00e9moire des missionnaires clar\u00e9tains Mariano \u00c1lvarez, Mario Guevara, Valerio Garc\u00eda, Antonio Canudas, Carlos Ripa, Atilano Garc\u00eda, Salvador Salinas, Pedro Aldana, Baltazar Vilchis, Juan Jos\u00e9 P\u00e9rez, Adolfo Villase\u00f1or et Manuel Vilchis, qui ont \u00e9t\u00e9 les pasteurs de la communaut\u00e9 et qui, avec les autres missionnaires, ont annonc\u00e9 l&rsquo;\u00c9vangile.<\/p>\n<p>Un autre fait digne de mention dans cet \u00e9v\u00e9nement est que les Filles Religieuses de Saint Joseph ont accueilli les premiers Clar\u00e9tains dans le Sanatorium Isabel, en juillet 1945. Le chroniqueur en a laiss\u00e9 une trace: \u00ab\u00a0elles ont \u00e9t\u00e9 d\u00e8s le premier instant notre Providence visible [&#8230;] Elles se sont comport\u00e9es comme de vraies m\u00e8res, se mettant en quatre pour prendre soin des P\u00e8res Clar\u00e9tains sans se soucier des d\u00e9penses et des inconv\u00e9nients\u00a0\u00bb.<\/p>\n<p>&nbsp;<\/p>\n<p>L&rsquo;Eucharistie \u00e9tait une \u00ab\u00a0action de gr\u00e2ce\u00a0\u00bb tr\u00e8s sinc\u00e8re. La cloche de la mince tour paroissiale a convoqu\u00e9 la communaut\u00e9 comme toujours, avec cette particularit\u00e9: le premier appel a \u00e9t\u00e9 interrompu par 25 coups de cloche, le deuxi\u00e8me par 25 autres coups et le dernier par 25 coups; 75 coups que nous avons voulu \u00e9voquer de mani\u00e8re significative les 75 ans de c\u00e9l\u00e9brations liturgiques eucharistiques dans la paroisse.<\/p>\n","protected":false},"excerpt":{"rendered":"<p>Nuevo Laredo, Mexique. Le 4 avril 2021 a marqu\u00e9 pour les Missionnaires Clar\u00e9tains la remise d\u00e9finitive de la Paroisse des Sacr\u00e9s C\u0153urs \u00e0 Nuevo Laredo. L&rsquo;\u00e9v\u00eaque Enrique S\u00e1nchez Mart\u00ednez, des pr\u00eatres du clerg\u00e9 dioc\u00e9sain, la communaut\u00e9 clar\u00e9taine et de nombreux paroissiens y ont particip\u00e9. Une s\u00e9rie de cinq transmissions a \u00e9t\u00e9 organis\u00e9e \u00e0 travers les [&hellip;]<\/p>\n","protected":false},"author":1,"featured_media":98773,"comment_status":"closed","ping_status":"closed","sticky":false,"template":"","format":"standard","meta":{"_et_pb_use_builder":"","_et_pb_old_content":"","_et_gb_content_width":"","footnotes":""},"categories":[538,385,353,1107,603],"tags":[],"class_list":["post-98778","post","type-post","status-publish","format-standard","has-post-thumbnail","hentry","category-anniversaires","category-mexico-fr","category-micla-fr","category-paroisses","category-table-daffichage"],"jetpack_featured_media_url":"https:\/\/i0.wp.com\/www.claret.org\/wp-content\/uploads\/2021\/04\/Nuevo-Laredo.png?fit=700%2C400&ssl=1","jetpack_sharing_enabled":true,"jetpack_shortlink":"https:\/\/wp.me\/pdaBmi-pHc","jetpack_likes_enabled":true,"_links":{"self":[{"href":"https:\/\/www.claret.org\/fr\/wp-json\/wp\/v2\/posts\/98778","targetHints":{"allow":["GET"]}}],"collection":[{"href":"https:\/\/www.claret.org\/fr\/wp-json\/wp\/v2\/posts"}],"about":[{"href":"https:\/\/www.claret.org\/fr\/wp-json\/wp\/v2\/types\/post"}],"author":[{"embeddable":true,"href":"https:\/\/www.claret.org\/fr\/wp-json\/wp\/v2\/users\/1"}],"replies":[{"embeddable":true,"href":"https:\/\/www.claret.org\/fr\/wp-json\/wp\/v2\/comments?post=98778"}],"version-history":[{"count":0,"href":"https:\/\/www.claret.org\/fr\/wp-json\/wp\/v2\/posts\/98778\/revisions"}],"wp:featuredmedia":[{"embeddable":true,"href":"https:\/\/www.claret.org\/fr\/wp-json\/wp\/v2\/media\/98773"}],"wp:attachment":[{"href":"https:\/\/www.claret.org\/fr\/wp-json\/wp\/v2\/media?parent=98778"}],"wp:term":[{"taxonomy":"category","embeddable":true,"href":"https:\/\/www.claret.org\/fr\/wp-json\/wp\/v2\/categories?post=98778"},{"taxonomy":"post_tag","embeddable":true,"href":"https:\/\/www.claret.org\/fr\/wp-json\/wp\/v2\/tags?post=98778"}],"curies":[{"name":"wp","href":"https:\/\/api.w.org\/{rel}","templated":true}]}}