{"id":99175,"date":"2021-05-04T17:03:12","date_gmt":"2021-05-04T15:03:12","guid":{"rendered":"https:\/\/www.claret.org\/ordination-sacerdotale-de-tibin-pazheparampil-cmf\/"},"modified":"2021-05-04T17:03:12","modified_gmt":"2021-05-04T15:03:12","slug":"ordination-sacerdotale-de-tibin-pazheparampil-cmf","status":"publish","type":"post","link":"https:\/\/www.claret.org\/fr\/ordination-sacerdotale-de-tibin-pazheparampil-cmf\/","title":{"rendered":"Ordination sacerdotale de Tibin Pazheparampil, CMF"},"content":{"rendered":"<p><strong>Palai Kottayam, Inde<\/strong>. Le diacre Tibin Pazheparampil CMF a \u00e9t\u00e9 ordonn\u00e9 pr\u00eatre le 3 mai 2021 par Son Excellence Mar Jacob Murickan, \u00e9v\u00eaque auxiliaire du dioc\u00e8se de Pala, \u00e0 l&rsquo;\u00e9glise Sacred Heart, Poovarani, Palai Kottayam, Inde. La c\u00e9r\u00e9monie a \u00e9t\u00e9 suivie par des parents proches, un nombre limit\u00e9 de missionnaires clar\u00e9tains de la Province de St. Thomas, en raison des restrictions dues \u00e0 la pand\u00e9mie de Covid-19. Nous lui souhaitons nos meilleurs v\u0153ux et b\u00e9n\u00e9dictions dans son minist\u00e8re pastoral.<\/p>\n<p>&nbsp;<\/p>\n<p>[envira-gallery id=\u00a0\u00bb99143&Prime;]<\/p>\n","protected":false},"excerpt":{"rendered":"<p>Palai Kottayam, Inde. Le diacre Tibin Pazheparampil CMF a \u00e9t\u00e9 ordonn\u00e9 pr\u00eatre le 3 mai 2021 par Son Excellence Mar Jacob Murickan, \u00e9v\u00eaque auxiliaire du dioc\u00e8se de Pala, \u00e0 l&rsquo;\u00e9glise Sacred Heart, Poovarani, Palai Kottayam, Inde. La c\u00e9r\u00e9monie a \u00e9t\u00e9 suivie par des parents proches, un nombre limit\u00e9 de missionnaires clar\u00e9tains de la Province de [&hellip;]<\/p>\n","protected":false},"author":1,"featured_media":99170,"comment_status":"closed","ping_status":"closed","sticky":false,"template":"","format":"standard","meta":{"_et_pb_use_builder":"","_et_pb_old_content":"","_et_gb_content_width":"","footnotes":""},"categories":[575,249],"tags":[],"class_list":["post-99175","post","type-post","status-publish","format-standard","has-post-thumbnail","hentry","category-ordinations-fr","category-st-thomas-fr"],"jetpack_featured_media_url":"https:\/\/i0.wp.com\/www.claret.org\/wp-content\/uploads\/2021\/05\/Ordenacion-Tibin-Pazheparampil-CMF-St.-Thomas-04052021.png?fit=700%2C400&ssl=1","jetpack_sharing_enabled":true,"jetpack_shortlink":"https:\/\/wp.me\/pdaBmi-pNB","jetpack_likes_enabled":true,"_links":{"self":[{"href":"https:\/\/www.claret.org\/fr\/wp-json\/wp\/v2\/posts\/99175","targetHints":{"allow":["GET"]}}],"collection":[{"href":"https:\/\/www.claret.org\/fr\/wp-json\/wp\/v2\/posts"}],"about":[{"href":"https:\/\/www.claret.org\/fr\/wp-json\/wp\/v2\/types\/post"}],"author":[{"embeddable":true,"href":"https:\/\/www.claret.org\/fr\/wp-json\/wp\/v2\/users\/1"}],"replies":[{"embeddable":true,"href":"https:\/\/www.claret.org\/fr\/wp-json\/wp\/v2\/comments?post=99175"}],"version-history":[{"count":0,"href":"https:\/\/www.claret.org\/fr\/wp-json\/wp\/v2\/posts\/99175\/revisions"}],"wp:featuredmedia":[{"embeddable":true,"href":"https:\/\/www.claret.org\/fr\/wp-json\/wp\/v2\/media\/99170"}],"wp:attachment":[{"href":"https:\/\/www.claret.org\/fr\/wp-json\/wp\/v2\/media?parent=99175"}],"wp:term":[{"taxonomy":"category","embeddable":true,"href":"https:\/\/www.claret.org\/fr\/wp-json\/wp\/v2\/categories?post=99175"},{"taxonomy":"post_tag","embeddable":true,"href":"https:\/\/www.claret.org\/fr\/wp-json\/wp\/v2\/tags?post=99175"}],"curies":[{"name":"wp","href":"https:\/\/api.w.org\/{rel}","templated":true}]}}