{"id":99748,"date":"2021-05-22T09:36:19","date_gmt":"2021-05-22T07:36:19","guid":{"rendered":"https:\/\/www.claret.org\/?p=99748"},"modified":"2021-05-22T00:00:19","modified_gmt":"2021-05-21T22:00:19","slug":"50-ans-de-sacerdoce-jose-antonio-santana-hernandez-cmf","status":"publish","type":"post","link":"https:\/\/www.claret.org\/fr\/50-ans-de-sacerdoce-jose-antonio-santana-hernandez-cmf\/","title":{"rendered":"50 ans de sacerdoce: Jos\u00e9 Antonio Santana Hern\u00e1ndez, CMF"},"content":{"rendered":"<p><strong>M\u00e9rida, Venezuela<\/strong>. C\u00e9l\u00e9brer cinquante ans de vie sacerdotale est un privil\u00e8ge que peu de personnes peuvent atteindre. Mais c\u00e9l\u00e9brer un fr\u00e8re est une grande r\u00e9ussite pour tout le monde, car sa richesse personnelle et ses \u0153uvres ont profit\u00e9 \u00e0 tant de personnes qu&rsquo;il est difficile de la d\u00e9composer en ses multiples port\u00e9es et contenus. C&rsquo;est ce que nous voulons souligner en premier lieu \u00e0 l&rsquo;occasion des noces d&rsquo;or de la cons\u00e9cration sacerdotale de Jos\u00e9 Antonio Santana Hern\u00e1ndez, Fils missionnaire du C\u0153ur Immacul\u00e9 de Marie.<\/p>\n<p>Originaire de Las Palmas de Gran Canarias, il a commenc\u00e9 sa formation au s\u00e9minaire de Jerez de los Caballeros en 1965 et a fait sa premi\u00e8re profession religieuse le 8 d\u00e9cembre 1967. Il a poursuivi sa formation \u00e0 Zafra et Loja (\u00e9tudes de philosophie), puis dans le grand centre de Salamanque o\u00f9 il a fait ses \u00e9tudes de th\u00e9ologie. C&rsquo;\u00e9taient des temps de fra\u00eecheur conciliaire qui l&rsquo;ont fa\u00e7onn\u00e9 avec des airs renouvel\u00e9s de l&rsquo;\u00c9glise pour s&rsquo;ouvrir \u00e0 la mission avec les traits missionnaires d&rsquo;\u00eatre le plus urgent, le plus opportun et le plus efficace. Il re\u00e7oit son ordination sacerdotale le 20 mai 1971 des mains de Mgr Federico Melendro, un \u00e9v\u00eaque aux dispositions missionnaires qui le consacre en lui donnant une partie de son esprit ouvert et universel.<\/p>\n<p>Apr\u00e8s son ordination sacerdotale, il est affect\u00e9 en Am\u00e9rique en 1971, plus pr\u00e9cis\u00e9ment dans la province du Venezuela. Sa premi\u00e8re communaut\u00e9 missionnaire de r\u00e9f\u00e9rence fut San Bernardino, avec la t\u00e2che d&rsquo;animateur des vocations. Puis, en 1973, il est affect\u00e9 \u00e0 la communaut\u00e9 de Los Dos Caminos, toujours avec la grande responsabilit\u00e9 de la pastorale des vocations. En 1977, il est \u00e9lu sup\u00e9rieur provincial. La curie provinciale sera, d&rsquo;abord, dans la maison de La Paz del Alma et, ensuite, \u00e0 Emma\u00fcs, toutes deux \u00e0 Caracas, assumant ces deux missions: gouvernement et formation. Apr\u00e8s avoir termin\u00e9 son mandat de sup\u00e9rieur, il est \u00e9lu par le chapitre comme vicaire provincial. Il a continu\u00e9 \u00e0 \u00eatre li\u00e9 \u00e0 la pastorale de la formation \u00e0 Los Curos, M\u00e9rida. Ce fut un temps de changement et de transformation dans la province, un processus de r\u00e9vision des positions avec un esprit plus critique et en essayant de l&rsquo;actualiser et de le prolonger chez les missionnaires et dans l&rsquo;\u00e9glise locale. Le P. Santana lui-m\u00eame est pr\u00eat \u00e0 assumer les changements qu&rsquo;implique une r\u00e9vision des positions et c&rsquo;est pourquoi il assume la mission de Sierra Imataca comme Sup\u00e9rieur en 1984.<\/p>\n<p>Lorsqu&rsquo;on lui accorde une ann\u00e9e sabbatique en 1987, il en profite pour \u00e9tudier \u00e0 l&rsquo;ITER de Caracas. Cela ne l&rsquo;a pas emp\u00each\u00e9 de continuer \u00e0 accompagner les \u00e9tudiants en th\u00e9ologie en mode d&rsquo;insertion \u00e0 Petare, l&rsquo;un des quartiers les plus pauvres de Caracas. Cette t\u00e2che formatrice a \u00e9t\u00e9 interrompue lorsqu&rsquo;il a \u00e9t\u00e9 \u00e9lu \u00e0 nouveau comme sup\u00e9rieur provincial en 1996 avec r\u00e9sidence \u00e0 Los Dos Caminos. \u00c0 la fin de cette p\u00e9riode, il est revenu comme formateur \u00e0 Petare.<\/p>\n<p>Puis, il est \u00e0 nouveau affect\u00e9 \u00e0 la mission de Sierra Imataca, Delta Amacuro, en 2003. C&rsquo;est \u00e0 partir de cette position missionnaire qu&rsquo;il participera au processus propos\u00e9 par la Congr\u00e9gation pour former le nouvel Organisme Majeur, appel\u00e9 Colombie-Venezuela depuis 2011. Une nouvelle destination sera la paroisse <em>Coraz\u00f3n de Mar\u00eda de M\u00e9rida<\/em>, o\u00f9 il poursuit actuellement sa mission.<\/p>\n<p>Nous f\u00e9licitons notre fr\u00e8re Jos\u00e9 Antonio pour son cinquanti\u00e8me anniversaire de cons\u00e9cration sacerdotale!<\/p>\n","protected":false},"excerpt":{"rendered":"<p>M\u00e9rida, Venezuela. C\u00e9l\u00e9brer cinquante ans de vie sacerdotale est un privil\u00e8ge que peu de personnes peuvent atteindre. Mais c\u00e9l\u00e9brer un fr\u00e8re est une grande r\u00e9ussite pour tout le monde, car sa richesse personnelle et ses \u0153uvres ont profit\u00e9 \u00e0 tant de personnes qu&rsquo;il est difficile de la d\u00e9composer en ses multiples port\u00e9es et contenus. C&rsquo;est [&hellip;]<\/p>\n","protected":false},"author":1,"featured_media":99741,"comment_status":"closed","ping_status":"closed","sticky":false,"template":"","format":"standard","meta":{"_et_pb_use_builder":"","_et_pb_old_content":"","_et_gb_content_width":"","footnotes":""},"categories":[1934,546,374],"tags":[],"class_list":["post-99748","post","type-post","status-publish","format-standard","has-post-thumbnail","hentry","category-25eme-et-50eme-anniversaire","category-anniversaires-dordination","category-colombia-venezuela-fr"],"jetpack_featured_media_url":"https:\/\/i0.wp.com\/www.claret.org\/wp-content\/uploads\/2021\/05\/CV-20210521-50-Aniversario-Ord-Jose-Antonio-Santana-Hernandez-CMF.png?fit=526%2C400&ssl=1","jetpack_sharing_enabled":true,"jetpack_shortlink":"https:\/\/wp.me\/pdaBmi-pWQ","jetpack_likes_enabled":true,"_links":{"self":[{"href":"https:\/\/www.claret.org\/fr\/wp-json\/wp\/v2\/posts\/99748","targetHints":{"allow":["GET"]}}],"collection":[{"href":"https:\/\/www.claret.org\/fr\/wp-json\/wp\/v2\/posts"}],"about":[{"href":"https:\/\/www.claret.org\/fr\/wp-json\/wp\/v2\/types\/post"}],"author":[{"embeddable":true,"href":"https:\/\/www.claret.org\/fr\/wp-json\/wp\/v2\/users\/1"}],"replies":[{"embeddable":true,"href":"https:\/\/www.claret.org\/fr\/wp-json\/wp\/v2\/comments?post=99748"}],"version-history":[{"count":0,"href":"https:\/\/www.claret.org\/fr\/wp-json\/wp\/v2\/posts\/99748\/revisions"}],"wp:featuredmedia":[{"embeddable":true,"href":"https:\/\/www.claret.org\/fr\/wp-json\/wp\/v2\/media\/99741"}],"wp:attachment":[{"href":"https:\/\/www.claret.org\/fr\/wp-json\/wp\/v2\/media?parent=99748"}],"wp:term":[{"taxonomy":"category","embeddable":true,"href":"https:\/\/www.claret.org\/fr\/wp-json\/wp\/v2\/categories?post=99748"},{"taxonomy":"post_tag","embeddable":true,"href":"https:\/\/www.claret.org\/fr\/wp-json\/wp\/v2\/tags?post=99748"}],"curies":[{"name":"wp","href":"https:\/\/api.w.org\/{rel}","templated":true}]}}