{"id":108443,"date":"2021-11-29T17:20:39","date_gmt":"2021-11-29T16:20:39","guid":{"rendered":"https:\/\/www.claret.org\/riunione-del-consiglio-del-procuratore-generale-delle-missioni\/"},"modified":"2021-11-29T17:20:39","modified_gmt":"2021-11-29T16:20:39","slug":"riunione-del-consiglio-del-procuratore-generale-delle-missioni","status":"publish","type":"post","link":"https:\/\/www.claret.org\/it\/riunione-del-consiglio-del-procuratore-generale-delle-missioni\/","title":{"rendered":"Riunione del Consiglio del Procuratore Generale delle Missioni"},"content":{"rendered":"<p><strong>Roma, Italia<\/strong>. Il 22 novembre 2021 si \u00e8 svolta nella Curia Generalizia di Roma la riunione del Consiglio della Procura Generale delle Missioni per valutare i progetti pervenuti per il ciclo di ottobre 2021. P. Mathew Vattamattam CMF, Superiore Generale, e P. Pedro Belderrain CMF, nuovo Prefetto dell&#8217;Apostolato, erano presenti all&#8217;incontro cos\u00ec come altri membri del Consiglio come P. Manuel Tamargo CMF, Prefetto dell&#8217;Economia, P. Lord Vincitore CMF, Procuratore Generale delle Missioni, Fr. Salvador Segur e Fr. Giovanni Ram\u00edrez.<\/p>\n<p>Durante la riunione sono stati studiati 71 progetti ricevuti per il ciclo di ottobre e 52 di essi sono stati accettati dal Consiglio. Tutti questi progetti saranno caricati sulla piattaforma CLAPNET in modo che le fonti clarettiane possano raccogliere fondi per loro. Sono stati approvati anche i bilanci della Procura Generale delle Missioni e della Proclade Internazionale Onlus. Inoltre, P. Lord Winner CMF ha presentato i piani futuri di PRISMA Trainings e Fr. Giovanni Ram\u00edrez ha presentato i rispettivi bilanci. La metodologia per la preparazione del Piano Strategico del Procuratore Generale delle Missioni per gli anni 2022-2027 \u00e8 stata discussa e approvata.<\/p>\n<p>Dopo aver valutato l&#8217;attuale funzionamento del Procuratore Generale delle Missioni, il nuovo piano sar\u00e0 elaborato in modo partecipativo con l&#8217;intervento dei Procuratori Generali delle Missioni. \u00c8 stato stimato che sar\u00e0 presentato alla direzione generale durante la sessione di marzo 2022. L&#8217;incontro si \u00e8 concluso con le parole di incoraggiamento del P. Mathew Vattamattam CMF.<\/p>\n","protected":false},"excerpt":{"rendered":"<p>Roma, Italia. Il 22 novembre 2021 si \u00e8 svolta nella Curia Generalizia di Roma la riunione del Consiglio della Procura Generale delle Missioni per valutare i progetti pervenuti per il ciclo di ottobre 2021. P. Mathew Vattamattam CMF, Superiore Generale, e P. Pedro Belderrain CMF, nuovo Prefetto dell&#8217;Apostolato, erano presenti all&#8217;incontro cos\u00ec come altri membri [&hellip;]<\/p>\n","protected":false},"author":1,"featured_media":108437,"comment_status":"closed","ping_status":"closed","sticky":false,"template":"","format":"standard","meta":{"_et_pb_use_builder":"","_et_pb_old_content":"","_et_gb_content_width":"","footnotes":""},"categories":[411,509,447],"tags":[],"class_list":["post-108443","post","type-post","status-publish","format-standard","has-post-thumbnail","hentry","category-apostolato","category-economia-it","category-procure-mission"],"jetpack_featured_media_url":"https:\/\/i0.wp.com\/www.claret.org\/wp-content\/uploads\/2021\/11\/Portada-GMP-Council-29112021.png?fit=700%2C400&ssl=1","jetpack_sharing_enabled":true,"jetpack_shortlink":"https:\/\/wp.me\/pdaBmi-sd5","jetpack_likes_enabled":true,"_links":{"self":[{"href":"https:\/\/www.claret.org\/it\/wp-json\/wp\/v2\/posts\/108443","targetHints":{"allow":["GET"]}}],"collection":[{"href":"https:\/\/www.claret.org\/it\/wp-json\/wp\/v2\/posts"}],"about":[{"href":"https:\/\/www.claret.org\/it\/wp-json\/wp\/v2\/types\/post"}],"author":[{"embeddable":true,"href":"https:\/\/www.claret.org\/it\/wp-json\/wp\/v2\/users\/1"}],"replies":[{"embeddable":true,"href":"https:\/\/www.claret.org\/it\/wp-json\/wp\/v2\/comments?post=108443"}],"version-history":[{"count":0,"href":"https:\/\/www.claret.org\/it\/wp-json\/wp\/v2\/posts\/108443\/revisions"}],"wp:featuredmedia":[{"embeddable":true,"href":"https:\/\/www.claret.org\/it\/wp-json\/wp\/v2\/media\/108437"}],"wp:attachment":[{"href":"https:\/\/www.claret.org\/it\/wp-json\/wp\/v2\/media?parent=108443"}],"wp:term":[{"taxonomy":"category","embeddable":true,"href":"https:\/\/www.claret.org\/it\/wp-json\/wp\/v2\/categories?post=108443"},{"taxonomy":"post_tag","embeddable":true,"href":"https:\/\/www.claret.org\/it\/wp-json\/wp\/v2\/tags?post=108443"}],"curies":[{"name":"wp","href":"https:\/\/api.w.org\/{rel}","templated":true}]}}