{"id":120370,"date":"2022-04-21T05:48:00","date_gmt":"2022-04-21T03:48:00","guid":{"rendered":"https:\/\/www.claret.org\/in-cristo-infiammati-per-la-missione-viii-capitolo-provinciale-di-chennai\/"},"modified":"2022-04-21T16:35:08","modified_gmt":"2022-04-21T14:35:08","slug":"in-cristo-infiammati-per-la-missione-viii-capitolo-provinciale-di-chennai","status":"publish","type":"post","link":"https:\/\/www.claret.org\/it\/in-cristo-infiammati-per-la-missione-viii-capitolo-provinciale-di-chennai\/","title":{"rendered":"In Cristo, infiammati per la missione: VIII Capitolo Provinciale di Chennai"},"content":{"rendered":"\n<p class=\"has-drop-cap\"><strong>Dindigul, India.<\/strong> L&#8217;VIII Capitolo Provinciale dei <a href=\"https:\/\/chennaicmf.org\/\" target=\"_blank\" rel=\"noreferrer noopener nofollow\">Missionari Clarettiani di Chennai<\/a> \u00e8 iniziato luned\u00ec 18 aprile 2022, presso il Claretians-LIFE, Dindigul, nello stato del Tamil Nadu in India. Il Capitolo \u00e8 iniziato ufficialmente con la celebrazione eucaristica presieduta da <a href=\"https:\/\/www.claret.org\/general-government\/\" target=\"_blank\" rel=\"noreferrer noopener\" title=\"General Government\">Fr. Henry Omonisaye, CMF, Vicario Generale della Congregazione<\/a>, e Presidente del Capitolo. Una intronizzazione della Bibbia ha seguito la Messa.<\/p>\n\n<p><\/p>\n\n<figure class=\"wp-block-gallery has-nested-images columns-default is-cropped wp-block-gallery-1 is-layout-flex wp-block-gallery-is-layout-flex\">\n<figure class=\"wp-block-image size-full\"><img data-recalc-dims=\"1\" loading=\"lazy\" decoding=\"async\" width=\"1080\" height=\"720\" data-attachment-id=\"120010\" data-permalink=\"https:\/\/www.claret.org\/it\/in-cristo-infiammati-per-la-missione-viii-capitolo-provinciale-di-chennai\/ch-20220418-viii-provincial-chapter-8-2\/\" data-orig-file=\"https:\/\/i0.wp.com\/www.claret.org\/wp-content\/uploads\/2022\/04\/CH-20220418-VIII-Provincial-Chapter-8-scaled.jpg?fit=2560%2C1707&amp;ssl=1\" data-orig-size=\"2560,1707\" data-comments-opened=\"0\" data-image-meta=\"{&quot;aperture&quot;:&quot;4&quot;,&quot;credit&quot;:&quot;&quot;,&quot;camera&quot;:&quot;ILCE-7M3&quot;,&quot;caption&quot;:&quot;&quot;,&quot;created_timestamp&quot;:&quot;1514772579&quot;,&quot;copyright&quot;:&quot;&quot;,&quot;focal_length&quot;:&quot;55&quot;,&quot;iso&quot;:&quot;10000&quot;,&quot;shutter_speed&quot;:&quot;0.00625&quot;,&quot;title&quot;:&quot;&quot;,&quot;orientation&quot;:&quot;1&quot;}\" data-image-title=\"CH-20220418 VIII Provincial Chapter (8)\" data-image-description=\"\" data-image-caption=\"\" data-large-file=\"https:\/\/i0.wp.com\/www.claret.org\/wp-content\/uploads\/2022\/04\/CH-20220418-VIII-Provincial-Chapter-8-scaled.jpg?fit=1024%2C683&amp;ssl=1\" data-id=\"120010\" src=\"https:\/\/i0.wp.com\/www.claret.org\/wp-content\/uploads\/2022\/04\/CH-20220418-VIII-Provincial-Chapter-8-scaled.jpg?resize=1080%2C720&#038;ssl=1\" alt=\"\" class=\"wp-image-120010\" title=\"\" srcset=\"https:\/\/www.claret.org\/wp-content\/uploads\/2022\/04\/CH-20220418-VIII-Provincial-Chapter-8-scaled.jpg 2560w, https:\/\/www.claret.org\/wp-content\/uploads\/2022\/04\/CH-20220418-VIII-Provincial-Chapter-8-1280x854.jpg 1280w, https:\/\/www.claret.org\/wp-content\/uploads\/2022\/04\/CH-20220418-VIII-Provincial-Chapter-8-980x653.jpg 980w, https:\/\/www.claret.org\/wp-content\/uploads\/2022\/04\/CH-20220418-VIII-Provincial-Chapter-8-480x320.jpg 480w\" sizes=\"(min-width: 0px) and (max-width: 480px) 480px, (min-width: 481px) and (max-width: 980px) 980px, (min-width: 981px) and (max-width: 1280px) 1280px, (min-width: 1281px) 2560px, 100vw\" \/><\/figure>\n\n\n<figure class=\"wp-block-image size-full\"><img data-recalc-dims=\"1\" loading=\"lazy\" decoding=\"async\" width=\"1080\" height=\"720\" data-attachment-id=\"120017\" data-permalink=\"https:\/\/www.claret.org\/it\/in-cristo-infiammati-per-la-missione-viii-capitolo-provinciale-di-chennai\/ch-20220418-viii-provincial-chapter-7-2\/\" data-orig-file=\"https:\/\/i0.wp.com\/www.claret.org\/wp-content\/uploads\/2022\/04\/CH-20220418-VIII-Provincial-Chapter-7-scaled.jpg?fit=2560%2C1707&amp;ssl=1\" data-orig-size=\"2560,1707\" data-comments-opened=\"0\" data-image-meta=\"{&quot;aperture&quot;:&quot;4&quot;,&quot;credit&quot;:&quot;&quot;,&quot;camera&quot;:&quot;ILCE-7M3&quot;,&quot;caption&quot;:&quot;&quot;,&quot;created_timestamp&quot;:&quot;1514772247&quot;,&quot;copyright&quot;:&quot;&quot;,&quot;focal_length&quot;:&quot;28&quot;,&quot;iso&quot;:&quot;6400&quot;,&quot;shutter_speed&quot;:&quot;0.00625&quot;,&quot;title&quot;:&quot;&quot;,&quot;orientation&quot;:&quot;1&quot;}\" data-image-title=\"CH-20220418 VIII Provincial Chapter (7)\" data-image-description=\"\" data-image-caption=\"\" data-large-file=\"https:\/\/i0.wp.com\/www.claret.org\/wp-content\/uploads\/2022\/04\/CH-20220418-VIII-Provincial-Chapter-7-scaled.jpg?fit=1024%2C683&amp;ssl=1\" data-id=\"120017\" src=\"https:\/\/i0.wp.com\/www.claret.org\/wp-content\/uploads\/2022\/04\/CH-20220418-VIII-Provincial-Chapter-7-scaled.jpg?resize=1080%2C720&#038;ssl=1\" alt=\"\" class=\"wp-image-120017\" title=\"\" srcset=\"https:\/\/www.claret.org\/wp-content\/uploads\/2022\/04\/CH-20220418-VIII-Provincial-Chapter-7-scaled.jpg 2560w, https:\/\/www.claret.org\/wp-content\/uploads\/2022\/04\/CH-20220418-VIII-Provincial-Chapter-7-1280x854.jpg 1280w, https:\/\/www.claret.org\/wp-content\/uploads\/2022\/04\/CH-20220418-VIII-Provincial-Chapter-7-980x653.jpg 980w, https:\/\/www.claret.org\/wp-content\/uploads\/2022\/04\/CH-20220418-VIII-Provincial-Chapter-7-480x320.jpg 480w\" sizes=\"(min-width: 0px) and (max-width: 480px) 480px, (min-width: 481px) and (max-width: 980px) 980px, (min-width: 981px) and (max-width: 1280px) 1280px, (min-width: 1281px) 2560px, 100vw\" \/><\/figure>\n\n\n<figure class=\"wp-block-image size-full\"><img data-recalc-dims=\"1\" loading=\"lazy\" decoding=\"async\" width=\"1080\" height=\"720\" data-attachment-id=\"120024\" data-permalink=\"https:\/\/www.claret.org\/it\/in-cristo-infiammati-per-la-missione-viii-capitolo-provinciale-di-chennai\/ch-20220418-viii-provincial-chapter-6-2\/\" data-orig-file=\"https:\/\/i0.wp.com\/www.claret.org\/wp-content\/uploads\/2022\/04\/CH-20220418-VIII-Provincial-Chapter-6-scaled.jpg?fit=2560%2C1707&amp;ssl=1\" data-orig-size=\"2560,1707\" data-comments-opened=\"0\" data-image-meta=\"{&quot;aperture&quot;:&quot;4&quot;,&quot;credit&quot;:&quot;&quot;,&quot;camera&quot;:&quot;ILCE-7M3&quot;,&quot;caption&quot;:&quot;&quot;,&quot;created_timestamp&quot;:&quot;1514768807&quot;,&quot;copyright&quot;:&quot;&quot;,&quot;focal_length&quot;:&quot;58&quot;,&quot;iso&quot;:&quot;8000&quot;,&quot;shutter_speed&quot;:&quot;0.00625&quot;,&quot;title&quot;:&quot;&quot;,&quot;orientation&quot;:&quot;1&quot;}\" data-image-title=\"CH-20220418 VIII Provincial Chapter (6)\" data-image-description=\"\" data-image-caption=\"\" data-large-file=\"https:\/\/i0.wp.com\/www.claret.org\/wp-content\/uploads\/2022\/04\/CH-20220418-VIII-Provincial-Chapter-6-scaled.jpg?fit=1024%2C683&amp;ssl=1\" data-id=\"120024\" src=\"https:\/\/i0.wp.com\/www.claret.org\/wp-content\/uploads\/2022\/04\/CH-20220418-VIII-Provincial-Chapter-6-scaled.jpg?resize=1080%2C720&#038;ssl=1\" alt=\"\" class=\"wp-image-120024\" title=\"\" srcset=\"https:\/\/www.claret.org\/wp-content\/uploads\/2022\/04\/CH-20220418-VIII-Provincial-Chapter-6-scaled.jpg 2560w, https:\/\/www.claret.org\/wp-content\/uploads\/2022\/04\/CH-20220418-VIII-Provincial-Chapter-6-1280x854.jpg 1280w, https:\/\/www.claret.org\/wp-content\/uploads\/2022\/04\/CH-20220418-VIII-Provincial-Chapter-6-980x653.jpg 980w, https:\/\/www.claret.org\/wp-content\/uploads\/2022\/04\/CH-20220418-VIII-Provincial-Chapter-6-480x320.jpg 480w\" sizes=\"(min-width: 0px) and (max-width: 480px) 480px, (min-width: 481px) and (max-width: 980px) 980px, (min-width: 981px) and (max-width: 1280px) 1280px, (min-width: 1281px) 2560px, 100vw\" \/><\/figure><\/figure>\n\n<p><\/p>\n\n<p>I Missionari Clarettiani di Chennai celebrano il loro VIII Capitolo Provinciale dal 18 al 24 aprile 2022, con 44 membri del Capitolo pieni di spirito e rinvigoriti, incluso il Presidente del Capitolo. La Provincia di Chennai ha scelto &#8220;<strong>In Cristo, accesi per la missione<\/strong>&#8221; come tema del loro Capitolo. Segue la metodologia sinodale che il XXVI Capitolo Generale ha utilizzato l&#8217;anno scorso a Nemi.<\/p>\n\n<figure class=\"wp-block-gallery has-nested-images columns-default is-cropped wp-block-gallery-2 is-layout-flex wp-block-gallery-is-layout-flex\">\n<figure class=\"wp-block-image size-large\"><img data-recalc-dims=\"1\" loading=\"lazy\" decoding=\"async\" width=\"1080\" height=\"720\" data-attachment-id=\"120038\" data-permalink=\"https:\/\/www.claret.org\/it\/in-cristo-infiammati-per-la-missione-viii-capitolo-provinciale-di-chennai\/ch-20220418-viii-provincial-chapter-4-2\/\" data-orig-file=\"https:\/\/i0.wp.com\/www.claret.org\/wp-content\/uploads\/2022\/04\/CH-20220418-VIII-Provincial-Chapter-4-scaled.jpg?fit=2560%2C1707&amp;ssl=1\" data-orig-size=\"2560,1707\" data-comments-opened=\"0\" data-image-meta=\"{&quot;aperture&quot;:&quot;3.2&quot;,&quot;credit&quot;:&quot;&quot;,&quot;camera&quot;:&quot;ILCE-7M3&quot;,&quot;caption&quot;:&quot;&quot;,&quot;created_timestamp&quot;:&quot;1514774059&quot;,&quot;copyright&quot;:&quot;&quot;,&quot;focal_length&quot;:&quot;28&quot;,&quot;iso&quot;:&quot;1600&quot;,&quot;shutter_speed&quot;:&quot;0.00625&quot;,&quot;title&quot;:&quot;&quot;,&quot;orientation&quot;:&quot;1&quot;}\" data-image-title=\"CH-20220418 VIII Provincial Chapter (4)\" data-image-description=\"\" data-image-caption=\"\" data-large-file=\"https:\/\/i0.wp.com\/www.claret.org\/wp-content\/uploads\/2022\/04\/CH-20220418-VIII-Provincial-Chapter-4-scaled.jpg?fit=1024%2C683&amp;ssl=1\" data-id=\"120038\" src=\"https:\/\/i0.wp.com\/www.claret.org\/wp-content\/uploads\/2022\/04\/CH-20220418-VIII-Provincial-Chapter-4-scaled.jpg?resize=1080%2C720&#038;ssl=1\" alt=\"\" class=\"wp-image-120038\" title=\"\" srcset=\"https:\/\/www.claret.org\/wp-content\/uploads\/2022\/04\/CH-20220418-VIII-Provincial-Chapter-4-scaled.jpg 2560w, https:\/\/www.claret.org\/wp-content\/uploads\/2022\/04\/CH-20220418-VIII-Provincial-Chapter-4-1280x854.jpg 1280w, https:\/\/www.claret.org\/wp-content\/uploads\/2022\/04\/CH-20220418-VIII-Provincial-Chapter-4-980x653.jpg 980w, https:\/\/www.claret.org\/wp-content\/uploads\/2022\/04\/CH-20220418-VIII-Provincial-Chapter-4-480x320.jpg 480w\" sizes=\"(min-width: 0px) and (max-width: 480px) 480px, (min-width: 481px) and (max-width: 980px) 980px, (min-width: 981px) and (max-width: 1280px) 1280px, (min-width: 1281px) 2560px, 100vw\" \/><\/figure>\n\n\n<figure class=\"wp-block-image size-large\"><img data-recalc-dims=\"1\" loading=\"lazy\" decoding=\"async\" width=\"1080\" height=\"720\" data-attachment-id=\"120044\" data-permalink=\"https:\/\/www.claret.org\/it\/in-cristo-infiammati-per-la-missione-viii-capitolo-provinciale-di-chennai\/ch-20220418-viii-provincial-chapter-5-2\/\" data-orig-file=\"https:\/\/i0.wp.com\/www.claret.org\/wp-content\/uploads\/2022\/04\/CH-20220418-VIII-Provincial-Chapter-5-scaled.jpg?fit=2560%2C1707&amp;ssl=1\" data-orig-size=\"2560,1707\" data-comments-opened=\"0\" data-image-meta=\"{&quot;aperture&quot;:&quot;4&quot;,&quot;credit&quot;:&quot;&quot;,&quot;camera&quot;:&quot;ILCE-7M3&quot;,&quot;caption&quot;:&quot;&quot;,&quot;created_timestamp&quot;:&quot;1514774390&quot;,&quot;copyright&quot;:&quot;&quot;,&quot;focal_length&quot;:&quot;35&quot;,&quot;iso&quot;:&quot;3200&quot;,&quot;shutter_speed&quot;:&quot;0.00625&quot;,&quot;title&quot;:&quot;&quot;,&quot;orientation&quot;:&quot;1&quot;}\" data-image-title=\"CH-20220418 VIII Provincial Chapter (5)\" data-image-description=\"\" data-image-caption=\"\" data-large-file=\"https:\/\/i0.wp.com\/www.claret.org\/wp-content\/uploads\/2022\/04\/CH-20220418-VIII-Provincial-Chapter-5-scaled.jpg?fit=1024%2C683&amp;ssl=1\" data-id=\"120044\" src=\"https:\/\/i0.wp.com\/www.claret.org\/wp-content\/uploads\/2022\/04\/CH-20220418-VIII-Provincial-Chapter-5-scaled.jpg?resize=1080%2C720&#038;ssl=1\" alt=\"\" class=\"wp-image-120044\" title=\"\" srcset=\"https:\/\/www.claret.org\/wp-content\/uploads\/2022\/04\/CH-20220418-VIII-Provincial-Chapter-5-scaled.jpg 2560w, https:\/\/www.claret.org\/wp-content\/uploads\/2022\/04\/CH-20220418-VIII-Provincial-Chapter-5-1280x854.jpg 1280w, https:\/\/www.claret.org\/wp-content\/uploads\/2022\/04\/CH-20220418-VIII-Provincial-Chapter-5-980x653.jpg 980w, https:\/\/www.claret.org\/wp-content\/uploads\/2022\/04\/CH-20220418-VIII-Provincial-Chapter-5-480x320.jpg 480w\" sizes=\"(min-width: 0px) and (max-width: 480px) 480px, (min-width: 481px) and (max-width: 980px) 980px, (min-width: 981px) and (max-width: 1280px) 1280px, (min-width: 1281px) 2560px, 100vw\" \/><\/figure>\n\n\n<figure class=\"wp-block-image size-large\"><img data-recalc-dims=\"1\" loading=\"lazy\" decoding=\"async\" width=\"1080\" height=\"720\" data-attachment-id=\"120032\" data-permalink=\"https:\/\/www.claret.org\/it\/in-cristo-infiammati-per-la-missione-viii-capitolo-provinciale-di-chennai\/ch-20220418-viii-provincial-chapter-3-2\/\" data-orig-file=\"https:\/\/i0.wp.com\/www.claret.org\/wp-content\/uploads\/2022\/04\/CH-20220418-VIII-Provincial-Chapter-3-scaled.jpg?fit=2560%2C1707&amp;ssl=1\" data-orig-size=\"2560,1707\" data-comments-opened=\"0\" data-image-meta=\"{&quot;aperture&quot;:&quot;2.8&quot;,&quot;credit&quot;:&quot;&quot;,&quot;camera&quot;:&quot;ILCE-7M3&quot;,&quot;caption&quot;:&quot;&quot;,&quot;created_timestamp&quot;:&quot;1514774044&quot;,&quot;copyright&quot;:&quot;&quot;,&quot;focal_length&quot;:&quot;29&quot;,&quot;iso&quot;:&quot;1600&quot;,&quot;shutter_speed&quot;:&quot;0.00625&quot;,&quot;title&quot;:&quot;&quot;,&quot;orientation&quot;:&quot;1&quot;}\" data-image-title=\"CH-20220418 VIII Provincial Chapter (3)\" data-image-description=\"\" data-image-caption=\"\" data-large-file=\"https:\/\/i0.wp.com\/www.claret.org\/wp-content\/uploads\/2022\/04\/CH-20220418-VIII-Provincial-Chapter-3-scaled.jpg?fit=1024%2C683&amp;ssl=1\" data-id=\"120032\" src=\"https:\/\/i0.wp.com\/www.claret.org\/wp-content\/uploads\/2022\/04\/CH-20220418-VIII-Provincial-Chapter-3-scaled.jpg?resize=1080%2C720&#038;ssl=1\" alt=\"\" class=\"wp-image-120032\" title=\"\" srcset=\"https:\/\/www.claret.org\/wp-content\/uploads\/2022\/04\/CH-20220418-VIII-Provincial-Chapter-3-scaled.jpg 2560w, https:\/\/www.claret.org\/wp-content\/uploads\/2022\/04\/CH-20220418-VIII-Provincial-Chapter-3-1280x854.jpg 1280w, https:\/\/www.claret.org\/wp-content\/uploads\/2022\/04\/CH-20220418-VIII-Provincial-Chapter-3-980x653.jpg 980w, https:\/\/www.claret.org\/wp-content\/uploads\/2022\/04\/CH-20220418-VIII-Provincial-Chapter-3-480x320.jpg 480w\" sizes=\"(min-width: 0px) and (max-width: 480px) 480px, (min-width: 481px) and (max-width: 980px) 980px, (min-width: 981px) and (max-width: 1280px) 1280px, (min-width: 1281px) 2560px, 100vw\" \/><\/figure><\/figure>\n\n<p>Nel secondo giorno, il vescovo di Dindigul, Mons. Thomas Paulsamy ha celebrato l&#8217;Eucaristia per loro. Poi hanno avuto il loro mini-ritiro presieduto da P. Henry stesso. <\/p>\n\n<p>In seguito, le relazioni sessennali del Governo Provinciale (da aprile 2016 a marzo 2022) sono state presentate rispettivamente dal Segretario Provinciale e dal Prefetto Provinciale di Economia. Una relazione sullo sviluppo delle missioni malesi \u00e8 stata presentata da P. Berkmans attraverso un incontro su google.<\/p>\n\n<p><\/p>\n\n<figure class=\"wp-block-gallery has-nested-images columns-default is-cropped wp-block-gallery-3 is-layout-flex wp-block-gallery-is-layout-flex\">\n<figure class=\"wp-block-image size-large\"><img data-recalc-dims=\"1\" loading=\"lazy\" decoding=\"async\" width=\"1080\" height=\"720\" data-attachment-id=\"120260\" data-permalink=\"https:\/\/www.claret.org\/it\/in-cristo-infiammati-per-la-missione-viii-capitolo-provinciale-di-chennai\/dsc01911-2\/\" data-orig-file=\"https:\/\/i0.wp.com\/www.claret.org\/wp-content\/uploads\/2022\/04\/DSC01911-scaled.jpg?fit=2560%2C1707&amp;ssl=1\" data-orig-size=\"2560,1707\" data-comments-opened=\"0\" data-image-meta=\"{&quot;aperture&quot;:&quot;4&quot;,&quot;credit&quot;:&quot;&quot;,&quot;camera&quot;:&quot;ILCE-7M3&quot;,&quot;caption&quot;:&quot;&quot;,&quot;created_timestamp&quot;:&quot;1514821410&quot;,&quot;copyright&quot;:&quot;&quot;,&quot;focal_length&quot;:&quot;56&quot;,&quot;iso&quot;:&quot;5000&quot;,&quot;shutter_speed&quot;:&quot;0.00625&quot;,&quot;title&quot;:&quot;&quot;,&quot;orientation&quot;:&quot;1&quot;}\" data-image-title=\"DSC01911\" data-image-description=\"\" data-image-caption=\"\" data-large-file=\"https:\/\/i0.wp.com\/www.claret.org\/wp-content\/uploads\/2022\/04\/DSC01911-scaled.jpg?fit=1024%2C683&amp;ssl=1\" data-id=\"120260\" src=\"https:\/\/i0.wp.com\/www.claret.org\/wp-content\/uploads\/2022\/04\/DSC01911-scaled.jpg?resize=1080%2C720&#038;ssl=1\" alt=\"\" class=\"wp-image-120260\" title=\"\" srcset=\"https:\/\/www.claret.org\/wp-content\/uploads\/2022\/04\/DSC01911-scaled.jpg 2560w, https:\/\/www.claret.org\/wp-content\/uploads\/2022\/04\/DSC01911-1280x854.jpg 1280w, https:\/\/www.claret.org\/wp-content\/uploads\/2022\/04\/DSC01911-980x653.jpg 980w, https:\/\/www.claret.org\/wp-content\/uploads\/2022\/04\/DSC01911-480x320.jpg 480w\" sizes=\"(min-width: 0px) and (max-width: 480px) 480px, (min-width: 481px) and (max-width: 980px) 980px, (min-width: 981px) and (max-width: 1280px) 1280px, (min-width: 1281px) 2560px, 100vw\" \/><\/figure>\n\n\n<figure class=\"wp-block-image size-large\"><img data-recalc-dims=\"1\" loading=\"lazy\" decoding=\"async\" width=\"1080\" height=\"720\" data-attachment-id=\"120266\" data-permalink=\"https:\/\/www.claret.org\/it\/in-cristo-infiammati-per-la-missione-viii-capitolo-provinciale-di-chennai\/dsc01914-2\/\" data-orig-file=\"https:\/\/i0.wp.com\/www.claret.org\/wp-content\/uploads\/2022\/04\/DSC01914-scaled.jpg?fit=2560%2C1707&amp;ssl=1\" data-orig-size=\"2560,1707\" data-comments-opened=\"0\" data-image-meta=\"{&quot;aperture&quot;:&quot;2.8&quot;,&quot;credit&quot;:&quot;&quot;,&quot;camera&quot;:&quot;ILCE-7M3&quot;,&quot;caption&quot;:&quot;&quot;,&quot;created_timestamp&quot;:&quot;1514824806&quot;,&quot;copyright&quot;:&quot;&quot;,&quot;focal_length&quot;:&quot;44&quot;,&quot;iso&quot;:&quot;2500&quot;,&quot;shutter_speed&quot;:&quot;0.00625&quot;,&quot;title&quot;:&quot;&quot;,&quot;orientation&quot;:&quot;1&quot;}\" data-image-title=\"DSC01914\" data-image-description=\"\" data-image-caption=\"\" data-large-file=\"https:\/\/i0.wp.com\/www.claret.org\/wp-content\/uploads\/2022\/04\/DSC01914-scaled.jpg?fit=1024%2C683&amp;ssl=1\" data-id=\"120266\" src=\"https:\/\/i0.wp.com\/www.claret.org\/wp-content\/uploads\/2022\/04\/DSC01914-scaled.jpg?resize=1080%2C720&#038;ssl=1\" alt=\"\" class=\"wp-image-120266\" title=\"\" srcset=\"https:\/\/www.claret.org\/wp-content\/uploads\/2022\/04\/DSC01914-scaled.jpg 2560w, https:\/\/www.claret.org\/wp-content\/uploads\/2022\/04\/DSC01914-1280x854.jpg 1280w, https:\/\/www.claret.org\/wp-content\/uploads\/2022\/04\/DSC01914-980x653.jpg 980w, https:\/\/www.claret.org\/wp-content\/uploads\/2022\/04\/DSC01914-480x320.jpg 480w\" sizes=\"(min-width: 0px) and (max-width: 480px) 480px, (min-width: 481px) and (max-width: 980px) 980px, (min-width: 981px) and (max-width: 1280px) 1280px, (min-width: 1281px) 2560px, 100vw\" \/><\/figure>\n\n\n<figure class=\"wp-block-image size-large\"><img data-recalc-dims=\"1\" loading=\"lazy\" decoding=\"async\" width=\"1080\" height=\"720\" data-attachment-id=\"120272\" data-permalink=\"https:\/\/www.claret.org\/it\/in-cristo-infiammati-per-la-missione-viii-capitolo-provinciale-di-chennai\/dsc01953-2\/\" data-orig-file=\"https:\/\/i0.wp.com\/www.claret.org\/wp-content\/uploads\/2022\/04\/DSC01953-scaled.jpg?fit=2560%2C1707&amp;ssl=1\" data-orig-size=\"2560,1707\" data-comments-opened=\"0\" data-image-meta=\"{&quot;aperture&quot;:&quot;2.8&quot;,&quot;credit&quot;:&quot;&quot;,&quot;camera&quot;:&quot;ILCE-7M3&quot;,&quot;caption&quot;:&quot;&quot;,&quot;created_timestamp&quot;:&quot;1514850746&quot;,&quot;copyright&quot;:&quot;&quot;,&quot;focal_length&quot;:&quot;28&quot;,&quot;iso&quot;:&quot;1600&quot;,&quot;shutter_speed&quot;:&quot;0.00625&quot;,&quot;title&quot;:&quot;&quot;,&quot;orientation&quot;:&quot;1&quot;}\" data-image-title=\"DSC01953\" data-image-description=\"\" data-image-caption=\"\" data-large-file=\"https:\/\/i0.wp.com\/www.claret.org\/wp-content\/uploads\/2022\/04\/DSC01953-scaled.jpg?fit=1024%2C683&amp;ssl=1\" data-id=\"120272\" src=\"https:\/\/i0.wp.com\/www.claret.org\/wp-content\/uploads\/2022\/04\/DSC01953-scaled.jpg?resize=1080%2C720&#038;ssl=1\" alt=\"\" class=\"wp-image-120272\" title=\"\" srcset=\"https:\/\/www.claret.org\/wp-content\/uploads\/2022\/04\/DSC01953-scaled.jpg 2560w, https:\/\/www.claret.org\/wp-content\/uploads\/2022\/04\/DSC01953-1280x854.jpg 1280w, https:\/\/www.claret.org\/wp-content\/uploads\/2022\/04\/DSC01953-980x653.jpg 980w, https:\/\/www.claret.org\/wp-content\/uploads\/2022\/04\/DSC01953-480x320.jpg 480w\" sizes=\"(min-width: 0px) and (max-width: 480px) 480px, (min-width: 481px) and (max-width: 980px) 980px, (min-width: 981px) and (max-width: 1280px) 1280px, (min-width: 1281px) 2560px, 100vw\" \/><\/figure>\n\n\n<figure class=\"wp-block-image size-large\"><img data-recalc-dims=\"1\" loading=\"lazy\" decoding=\"async\" width=\"1080\" height=\"720\" data-attachment-id=\"120278\" data-permalink=\"https:\/\/www.claret.org\/it\/in-cristo-infiammati-per-la-missione-viii-capitolo-provinciale-di-chennai\/dsc01960-2\/\" data-orig-file=\"https:\/\/i0.wp.com\/www.claret.org\/wp-content\/uploads\/2022\/04\/DSC01960-scaled.jpg?fit=2560%2C1707&amp;ssl=1\" data-orig-size=\"2560,1707\" data-comments-opened=\"0\" data-image-meta=\"{&quot;aperture&quot;:&quot;3.5&quot;,&quot;credit&quot;:&quot;&quot;,&quot;camera&quot;:&quot;ILCE-7M3&quot;,&quot;caption&quot;:&quot;&quot;,&quot;created_timestamp&quot;:&quot;1514859145&quot;,&quot;copyright&quot;:&quot;&quot;,&quot;focal_length&quot;:&quot;39&quot;,&quot;iso&quot;:&quot;12800&quot;,&quot;shutter_speed&quot;:&quot;0.00625&quot;,&quot;title&quot;:&quot;&quot;,&quot;orientation&quot;:&quot;1&quot;}\" data-image-title=\"DSC01960\" data-image-description=\"\" data-image-caption=\"\" data-large-file=\"https:\/\/i0.wp.com\/www.claret.org\/wp-content\/uploads\/2022\/04\/DSC01960-scaled.jpg?fit=1024%2C683&amp;ssl=1\" data-id=\"120278\" src=\"https:\/\/i0.wp.com\/www.claret.org\/wp-content\/uploads\/2022\/04\/DSC01960-scaled.jpg?resize=1080%2C720&#038;ssl=1\" alt=\"\" class=\"wp-image-120278\" title=\"\" srcset=\"https:\/\/www.claret.org\/wp-content\/uploads\/2022\/04\/DSC01960-scaled.jpg 2560w, https:\/\/www.claret.org\/wp-content\/uploads\/2022\/04\/DSC01960-1280x854.jpg 1280w, https:\/\/www.claret.org\/wp-content\/uploads\/2022\/04\/DSC01960-980x653.jpg 980w, https:\/\/www.claret.org\/wp-content\/uploads\/2022\/04\/DSC01960-480x320.jpg 480w\" sizes=\"(min-width: 0px) and (max-width: 480px) 480px, (min-width: 481px) and (max-width: 980px) 980px, (min-width: 981px) and (max-width: 1280px) 1280px, (min-width: 1281px) 2560px, 100vw\" \/><\/figure>\n\n\n<figure class=\"wp-block-image size-large\"><img data-recalc-dims=\"1\" loading=\"lazy\" decoding=\"async\" width=\"1080\" height=\"720\" data-attachment-id=\"120284\" data-permalink=\"https:\/\/www.claret.org\/it\/in-cristo-infiammati-per-la-missione-viii-capitolo-provinciale-di-chennai\/dsc01967-2\/\" data-orig-file=\"https:\/\/i0.wp.com\/www.claret.org\/wp-content\/uploads\/2022\/04\/DSC01967-scaled.jpg?fit=2560%2C1707&amp;ssl=1\" data-orig-size=\"2560,1707\" data-comments-opened=\"0\" data-image-meta=\"{&quot;aperture&quot;:&quot;4&quot;,&quot;credit&quot;:&quot;&quot;,&quot;camera&quot;:&quot;ILCE-7M3&quot;,&quot;caption&quot;:&quot;&quot;,&quot;created_timestamp&quot;:&quot;1514859294&quot;,&quot;copyright&quot;:&quot;&quot;,&quot;focal_length&quot;:&quot;39&quot;,&quot;iso&quot;:&quot;10000&quot;,&quot;shutter_speed&quot;:&quot;0.00625&quot;,&quot;title&quot;:&quot;&quot;,&quot;orientation&quot;:&quot;1&quot;}\" data-image-title=\"DSC01967\" data-image-description=\"\" data-image-caption=\"\" data-large-file=\"https:\/\/i0.wp.com\/www.claret.org\/wp-content\/uploads\/2022\/04\/DSC01967-scaled.jpg?fit=1024%2C683&amp;ssl=1\" data-id=\"120284\" src=\"https:\/\/i0.wp.com\/www.claret.org\/wp-content\/uploads\/2022\/04\/DSC01967-scaled.jpg?resize=1080%2C720&#038;ssl=1\" alt=\"\" class=\"wp-image-120284\" title=\"\" srcset=\"https:\/\/www.claret.org\/wp-content\/uploads\/2022\/04\/DSC01967-scaled.jpg 2560w, https:\/\/www.claret.org\/wp-content\/uploads\/2022\/04\/DSC01967-1280x854.jpg 1280w, https:\/\/www.claret.org\/wp-content\/uploads\/2022\/04\/DSC01967-980x653.jpg 980w, https:\/\/www.claret.org\/wp-content\/uploads\/2022\/04\/DSC01967-480x320.jpg 480w\" sizes=\"(min-width: 0px) and (max-width: 480px) 480px, (min-width: 481px) and (max-width: 980px) 980px, (min-width: 981px) and (max-width: 1280px) 1280px, (min-width: 1281px) 2560px, 100vw\" \/><\/figure>\n\n\n<figure class=\"wp-block-image size-large\"><img data-recalc-dims=\"1\" loading=\"lazy\" decoding=\"async\" width=\"1080\" height=\"720\" data-attachment-id=\"120290\" data-permalink=\"https:\/\/www.claret.org\/it\/in-cristo-infiammati-per-la-missione-viii-capitolo-provinciale-di-chennai\/dsc01970-2\/\" data-orig-file=\"https:\/\/i0.wp.com\/www.claret.org\/wp-content\/uploads\/2022\/04\/DSC01970-scaled.jpg?fit=2560%2C1707&amp;ssl=1\" data-orig-size=\"2560,1707\" data-comments-opened=\"0\" data-image-meta=\"{&quot;aperture&quot;:&quot;4&quot;,&quot;credit&quot;:&quot;&quot;,&quot;camera&quot;:&quot;ILCE-7M3&quot;,&quot;caption&quot;:&quot;&quot;,&quot;created_timestamp&quot;:&quot;1514859359&quot;,&quot;copyright&quot;:&quot;&quot;,&quot;focal_length&quot;:&quot;39&quot;,&quot;iso&quot;:&quot;8000&quot;,&quot;shutter_speed&quot;:&quot;0.00625&quot;,&quot;title&quot;:&quot;&quot;,&quot;orientation&quot;:&quot;1&quot;}\" data-image-title=\"DSC01970\" data-image-description=\"\" data-image-caption=\"\" data-large-file=\"https:\/\/i0.wp.com\/www.claret.org\/wp-content\/uploads\/2022\/04\/DSC01970-scaled.jpg?fit=1024%2C683&amp;ssl=1\" data-id=\"120290\" src=\"https:\/\/i0.wp.com\/www.claret.org\/wp-content\/uploads\/2022\/04\/DSC01970-scaled.jpg?resize=1080%2C720&#038;ssl=1\" alt=\"\" class=\"wp-image-120290\" title=\"\" srcset=\"https:\/\/www.claret.org\/wp-content\/uploads\/2022\/04\/DSC01970-scaled.jpg 2560w, https:\/\/www.claret.org\/wp-content\/uploads\/2022\/04\/DSC01970-1280x854.jpg 1280w, https:\/\/www.claret.org\/wp-content\/uploads\/2022\/04\/DSC01970-980x653.jpg 980w, https:\/\/www.claret.org\/wp-content\/uploads\/2022\/04\/DSC01970-480x320.jpg 480w\" sizes=\"(min-width: 0px) and (max-width: 480px) 480px, (min-width: 481px) and (max-width: 980px) 980px, (min-width: 981px) and (max-width: 1280px) 1280px, (min-width: 1281px) 2560px, 100vw\" \/><\/figure><figcaption class=\"blocks-gallery-caption\">Il 2\u00b0 Giorno Del Capitolo In Immagini<\/figcaption><\/figure>\n\n<p><\/p>\n\n<p>Il terzo giorno del Capitolo \u00e8 iniziato con la celebrazione della Messa di ringraziamento da parte del Governo Provinciale uscente. Durante l&#8217;omelia P. Jesu Doss CMF, Superiore Provinciale uscente di Chennai, ha ringraziato tutti i membri della Provincia.<\/p>\n\n<p>Nella sala del capitolo, P. Henry Omonisaye CMF ha accolto il P. Prince Carneelyes CMF, il missionario malese che si \u00e8 unito al capitolo nel terzo giorno. Ai gruppi \u00e8 stato chiesto di continuare la loro conversazione sulla fase di scoperta. Poi hanno presentato i resoconti della discussione e il Governo Provinciale ha chiarito le domande presentate loro. Poi il Presidente del Capitolo ha introdotto la fase del sogno dopo la quale i gruppi hanno discusso e presentato i sogni.  <\/p>\n\n<p><\/p>\n\n<figure class=\"wp-block-gallery has-nested-images columns-default is-cropped wp-block-gallery-4 is-layout-flex wp-block-gallery-is-layout-flex\">\n<figure class=\"wp-block-image size-large\"><img data-recalc-dims=\"1\" loading=\"lazy\" decoding=\"async\" width=\"1080\" height=\"525\" data-attachment-id=\"120296\" data-permalink=\"https:\/\/www.claret.org\/it\/in-cristo-infiammati-per-la-missione-viii-capitolo-provinciale-di-chennai\/20220420_183300-2\/\" data-orig-file=\"https:\/\/i0.wp.com\/www.claret.org\/wp-content\/uploads\/2022\/04\/20220420_183300-scaled.jpg?fit=2560%2C1244&amp;ssl=1\" data-orig-size=\"2560,1244\" data-comments-opened=\"0\" data-image-meta=\"{&quot;aperture&quot;:&quot;1.7&quot;,&quot;credit&quot;:&quot;&quot;,&quot;camera&quot;:&quot;SM-J810G&quot;,&quot;caption&quot;:&quot;&quot;,&quot;created_timestamp&quot;:&quot;1650479580&quot;,&quot;copyright&quot;:&quot;&quot;,&quot;focal_length&quot;:&quot;3.93&quot;,&quot;iso&quot;:&quot;200&quot;,&quot;shutter_speed&quot;:&quot;0.04&quot;,&quot;title&quot;:&quot;&quot;,&quot;orientation&quot;:&quot;1&quot;}\" data-image-title=\"20220420_183300\" data-image-description=\"\" data-image-caption=\"\" data-large-file=\"https:\/\/i0.wp.com\/www.claret.org\/wp-content\/uploads\/2022\/04\/20220420_183300-scaled.jpg?fit=1024%2C498&amp;ssl=1\" data-id=\"120296\" src=\"https:\/\/i0.wp.com\/www.claret.org\/wp-content\/uploads\/2022\/04\/20220420_183300-scaled.jpg?resize=1080%2C525&#038;ssl=1\" alt=\"\" class=\"wp-image-120296\" title=\"\" srcset=\"https:\/\/www.claret.org\/wp-content\/uploads\/2022\/04\/20220420_183300-scaled.jpg 2560w, https:\/\/www.claret.org\/wp-content\/uploads\/2022\/04\/20220420_183300-1280x622.jpg 1280w, https:\/\/www.claret.org\/wp-content\/uploads\/2022\/04\/20220420_183300-980x476.jpg 980w, https:\/\/www.claret.org\/wp-content\/uploads\/2022\/04\/20220420_183300-480x233.jpg 480w\" sizes=\"(min-width: 0px) and (max-width: 480px) 480px, (min-width: 481px) and (max-width: 980px) 980px, (min-width: 981px) and (max-width: 1280px) 1280px, (min-width: 1281px) 2560px, 100vw\" \/><\/figure>\n\n\n<figure class=\"wp-block-image size-large\"><img data-recalc-dims=\"1\" loading=\"lazy\" decoding=\"async\" width=\"1080\" height=\"525\" data-attachment-id=\"120302\" data-permalink=\"https:\/\/www.claret.org\/it\/in-cristo-infiammati-per-la-missione-viii-capitolo-provinciale-di-chennai\/20220420_183423-2\/\" data-orig-file=\"https:\/\/i0.wp.com\/www.claret.org\/wp-content\/uploads\/2022\/04\/20220420_183423-scaled.jpg?fit=2560%2C1244&amp;ssl=1\" data-orig-size=\"2560,1244\" data-comments-opened=\"0\" data-image-meta=\"{&quot;aperture&quot;:&quot;1.7&quot;,&quot;credit&quot;:&quot;&quot;,&quot;camera&quot;:&quot;SM-J810G&quot;,&quot;caption&quot;:&quot;&quot;,&quot;created_timestamp&quot;:&quot;1650479663&quot;,&quot;copyright&quot;:&quot;&quot;,&quot;focal_length&quot;:&quot;3.93&quot;,&quot;iso&quot;:&quot;320&quot;,&quot;shutter_speed&quot;:&quot;0.04&quot;,&quot;title&quot;:&quot;&quot;,&quot;orientation&quot;:&quot;1&quot;}\" data-image-title=\"20220420_183423\" data-image-description=\"\" data-image-caption=\"\" data-large-file=\"https:\/\/i0.wp.com\/www.claret.org\/wp-content\/uploads\/2022\/04\/20220420_183423-scaled.jpg?fit=1024%2C498&amp;ssl=1\" data-id=\"120302\" src=\"https:\/\/i0.wp.com\/www.claret.org\/wp-content\/uploads\/2022\/04\/20220420_183423-scaled.jpg?resize=1080%2C525&#038;ssl=1\" alt=\"\" class=\"wp-image-120302\" title=\"\" srcset=\"https:\/\/www.claret.org\/wp-content\/uploads\/2022\/04\/20220420_183423-scaled.jpg 2560w, https:\/\/www.claret.org\/wp-content\/uploads\/2022\/04\/20220420_183423-1280x622.jpg 1280w, https:\/\/www.claret.org\/wp-content\/uploads\/2022\/04\/20220420_183423-980x476.jpg 980w, https:\/\/www.claret.org\/wp-content\/uploads\/2022\/04\/20220420_183423-480x233.jpg 480w\" sizes=\"(min-width: 0px) and (max-width: 480px) 480px, (min-width: 481px) and (max-width: 980px) 980px, (min-width: 981px) and (max-width: 1280px) 1280px, (min-width: 1281px) 2560px, 100vw\" \/><\/figure>\n\n\n<figure class=\"wp-block-image size-large\"><img data-recalc-dims=\"1\" loading=\"lazy\" decoding=\"async\" width=\"1080\" height=\"720\" data-attachment-id=\"120308\" data-permalink=\"https:\/\/www.claret.org\/it\/in-cristo-infiammati-per-la-missione-viii-capitolo-provinciale-di-chennai\/dsc01986-2\/\" data-orig-file=\"https:\/\/i0.wp.com\/www.claret.org\/wp-content\/uploads\/2022\/04\/DSC01986-scaled.jpg?fit=2560%2C1707&amp;ssl=1\" data-orig-size=\"2560,1707\" data-comments-opened=\"0\" data-image-meta=\"{&quot;aperture&quot;:&quot;4&quot;,&quot;credit&quot;:&quot;&quot;,&quot;camera&quot;:&quot;ILCE-7M3&quot;,&quot;caption&quot;:&quot;&quot;,&quot;created_timestamp&quot;:&quot;1514917184&quot;,&quot;copyright&quot;:&quot;&quot;,&quot;focal_length&quot;:&quot;38&quot;,&quot;iso&quot;:&quot;6400&quot;,&quot;shutter_speed&quot;:&quot;0.00625&quot;,&quot;title&quot;:&quot;&quot;,&quot;orientation&quot;:&quot;1&quot;}\" data-image-title=\"DSC01986\" data-image-description=\"\" data-image-caption=\"\" data-large-file=\"https:\/\/i0.wp.com\/www.claret.org\/wp-content\/uploads\/2022\/04\/DSC01986-scaled.jpg?fit=1024%2C683&amp;ssl=1\" data-id=\"120308\" src=\"https:\/\/i0.wp.com\/www.claret.org\/wp-content\/uploads\/2022\/04\/DSC01986-scaled.jpg?resize=1080%2C720&#038;ssl=1\" alt=\"\" class=\"wp-image-120308\" title=\"\" srcset=\"https:\/\/www.claret.org\/wp-content\/uploads\/2022\/04\/DSC01986-scaled.jpg 2560w, https:\/\/www.claret.org\/wp-content\/uploads\/2022\/04\/DSC01986-1280x854.jpg 1280w, https:\/\/www.claret.org\/wp-content\/uploads\/2022\/04\/DSC01986-980x653.jpg 980w, https:\/\/www.claret.org\/wp-content\/uploads\/2022\/04\/DSC01986-480x320.jpg 480w\" sizes=\"(min-width: 0px) and (max-width: 480px) 480px, (min-width: 481px) and (max-width: 980px) 980px, (min-width: 981px) and (max-width: 1280px) 1280px, (min-width: 1281px) 2560px, 100vw\" \/><\/figure>\n\n\n<figure class=\"wp-block-image size-large\"><img data-recalc-dims=\"1\" loading=\"lazy\" decoding=\"async\" width=\"1080\" height=\"720\" data-attachment-id=\"120314\" data-permalink=\"https:\/\/www.claret.org\/it\/in-cristo-infiammati-per-la-missione-viii-capitolo-provinciale-di-chennai\/dsc01996-2\/\" data-orig-file=\"https:\/\/i0.wp.com\/www.claret.org\/wp-content\/uploads\/2022\/04\/DSC01996-scaled.jpg?fit=2560%2C1707&amp;ssl=1\" data-orig-size=\"2560,1707\" data-comments-opened=\"0\" data-image-meta=\"{&quot;aperture&quot;:&quot;4&quot;,&quot;credit&quot;:&quot;&quot;,&quot;camera&quot;:&quot;ILCE-7M3&quot;,&quot;caption&quot;:&quot;&quot;,&quot;created_timestamp&quot;:&quot;1514922397&quot;,&quot;copyright&quot;:&quot;&quot;,&quot;focal_length&quot;:&quot;75&quot;,&quot;iso&quot;:&quot;4000&quot;,&quot;shutter_speed&quot;:&quot;0.00625&quot;,&quot;title&quot;:&quot;&quot;,&quot;orientation&quot;:&quot;1&quot;}\" data-image-title=\"DSC01996\" data-image-description=\"\" data-image-caption=\"\" data-large-file=\"https:\/\/i0.wp.com\/www.claret.org\/wp-content\/uploads\/2022\/04\/DSC01996-scaled.jpg?fit=1024%2C683&amp;ssl=1\" data-id=\"120314\" src=\"https:\/\/i0.wp.com\/www.claret.org\/wp-content\/uploads\/2022\/04\/DSC01996-scaled.jpg?resize=1080%2C720&#038;ssl=1\" alt=\"\" class=\"wp-image-120314\" title=\"\" srcset=\"https:\/\/www.claret.org\/wp-content\/uploads\/2022\/04\/DSC01996-scaled.jpg 2560w, https:\/\/www.claret.org\/wp-content\/uploads\/2022\/04\/DSC01996-1280x854.jpg 1280w, https:\/\/www.claret.org\/wp-content\/uploads\/2022\/04\/DSC01996-980x653.jpg 980w, https:\/\/www.claret.org\/wp-content\/uploads\/2022\/04\/DSC01996-480x320.jpg 480w\" sizes=\"(min-width: 0px) and (max-width: 480px) 480px, (min-width: 481px) and (max-width: 980px) 980px, (min-width: 981px) and (max-width: 1280px) 1280px, (min-width: 1281px) 2560px, 100vw\" \/><\/figure>\n\n\n<figure class=\"wp-block-image size-large\"><img data-recalc-dims=\"1\" loading=\"lazy\" decoding=\"async\" width=\"1080\" height=\"720\" data-attachment-id=\"120320\" data-permalink=\"https:\/\/www.claret.org\/it\/in-cristo-infiammati-per-la-missione-viii-capitolo-provinciale-di-chennai\/dsc02014-2\/\" data-orig-file=\"https:\/\/i0.wp.com\/www.claret.org\/wp-content\/uploads\/2022\/04\/DSC02014-scaled.jpg?fit=2560%2C1707&amp;ssl=1\" data-orig-size=\"2560,1707\" data-comments-opened=\"0\" data-image-meta=\"{&quot;aperture&quot;:&quot;4&quot;,&quot;credit&quot;:&quot;&quot;,&quot;camera&quot;:&quot;ILCE-7M3&quot;,&quot;caption&quot;:&quot;&quot;,&quot;created_timestamp&quot;:&quot;1514925911&quot;,&quot;copyright&quot;:&quot;&quot;,&quot;focal_length&quot;:&quot;75&quot;,&quot;iso&quot;:&quot;5000&quot;,&quot;shutter_speed&quot;:&quot;0.00625&quot;,&quot;title&quot;:&quot;&quot;,&quot;orientation&quot;:&quot;1&quot;}\" data-image-title=\"DSC02014\" data-image-description=\"\" data-image-caption=\"\" data-large-file=\"https:\/\/i0.wp.com\/www.claret.org\/wp-content\/uploads\/2022\/04\/DSC02014-scaled.jpg?fit=1024%2C683&amp;ssl=1\" data-id=\"120320\" src=\"https:\/\/i0.wp.com\/www.claret.org\/wp-content\/uploads\/2022\/04\/DSC02014-scaled.jpg?resize=1080%2C720&#038;ssl=1\" alt=\"\" class=\"wp-image-120320\" title=\"\" srcset=\"https:\/\/www.claret.org\/wp-content\/uploads\/2022\/04\/DSC02014-scaled.jpg 2560w, https:\/\/www.claret.org\/wp-content\/uploads\/2022\/04\/DSC02014-1280x854.jpg 1280w, https:\/\/www.claret.org\/wp-content\/uploads\/2022\/04\/DSC02014-980x653.jpg 980w, https:\/\/www.claret.org\/wp-content\/uploads\/2022\/04\/DSC02014-480x320.jpg 480w\" sizes=\"(min-width: 0px) and (max-width: 480px) 480px, (min-width: 481px) and (max-width: 980px) 980px, (min-width: 981px) and (max-width: 1280px) 1280px, (min-width: 1281px) 2560px, 100vw\" \/><\/figure>\n\n\n<figure class=\"wp-block-image size-large\"><img data-recalc-dims=\"1\" loading=\"lazy\" decoding=\"async\" width=\"1080\" height=\"607\" data-attachment-id=\"120326\" data-permalink=\"https:\/\/www.claret.org\/it\/in-cristo-infiammati-per-la-missione-viii-capitolo-provinciale-di-chennai\/dsc02020-2\/\" data-orig-file=\"https:\/\/i0.wp.com\/www.claret.org\/wp-content\/uploads\/2022\/04\/DSC02020.jpeg?fit=1600%2C899&amp;ssl=1\" data-orig-size=\"1600,899\" data-comments-opened=\"0\" data-image-meta=\"{&quot;aperture&quot;:&quot;0&quot;,&quot;credit&quot;:&quot;&quot;,&quot;camera&quot;:&quot;&quot;,&quot;caption&quot;:&quot;&quot;,&quot;created_timestamp&quot;:&quot;0&quot;,&quot;copyright&quot;:&quot;&quot;,&quot;focal_length&quot;:&quot;0&quot;,&quot;iso&quot;:&quot;0&quot;,&quot;shutter_speed&quot;:&quot;0&quot;,&quot;title&quot;:&quot;&quot;,&quot;orientation&quot;:&quot;0&quot;}\" data-image-title=\"DSC02020\" data-image-description=\"\" data-image-caption=\"\" data-large-file=\"https:\/\/i0.wp.com\/www.claret.org\/wp-content\/uploads\/2022\/04\/DSC02020.jpeg?fit=1024%2C575&amp;ssl=1\" data-id=\"120326\" src=\"https:\/\/i0.wp.com\/www.claret.org\/wp-content\/uploads\/2022\/04\/DSC02020.jpeg?resize=1080%2C607&#038;ssl=1\" alt=\"\" class=\"wp-image-120326\" title=\"\" srcset=\"https:\/\/www.claret.org\/wp-content\/uploads\/2022\/04\/DSC02020.jpeg 1600w, https:\/\/www.claret.org\/wp-content\/uploads\/2022\/04\/DSC02020-1280x719.jpeg 1280w, https:\/\/www.claret.org\/wp-content\/uploads\/2022\/04\/DSC02020-980x551.jpeg 980w, https:\/\/www.claret.org\/wp-content\/uploads\/2022\/04\/DSC02020-480x270.jpeg 480w\" sizes=\"(min-width: 0px) and (max-width: 480px) 480px, (min-width: 481px) and (max-width: 980px) 980px, (min-width: 981px) and (max-width: 1280px) 1280px, (min-width: 1281px) 1600px, 100vw\" \/><\/figure><figcaption class=\"blocks-gallery-caption\">3\u00b0 Giorno Del Capitolo In Immagini<\/figcaption><\/figure>\n\n<p><\/p>\n\n<p>Nel quarto giorno del VIII Capitolo Provinciale dei Missionari Clarettiani della Provincia di Chennai, il P. Jesu Doss S., CMF, viene rieletto come Superiore Provinciale per il prossimo sessennio 2022 &#8211; 2028.<\/p>\n\n<p class=\"has-vivid-red-color has-text-color\"><em>(Nota: Questa \u00e8 una storia in via di sviluppo e sar\u00e0 aggiornata man mano che il capitolo procede)<\/em>.<\/p>\n","protected":false},"excerpt":{"rendered":"<p>Dindigul, India. L&#8217;VIII Capitolo Provinciale dei Missionari Clarettiani di Chennai \u00e8 iniziato luned\u00ec 18 aprile 2022, presso il Claretians-LIFE, Dindigul, nello stato del Tamil Nadu in India. Il Capitolo \u00e8 iniziato ufficialmente con la celebrazione eucaristica presieduta da Fr. Henry Omonisaye, CMF, Vicario Generale della Congregazione, e Presidente del Capitolo. Una intronizzazione della Bibbia ha [&hellip;]<\/p>\n","protected":false},"author":2,"featured_media":119995,"comment_status":"closed","ping_status":"closed","sticky":false,"template":"","format":"standard","meta":{"_et_pb_use_builder":"off","_et_pb_old_content":"","_et_gb_content_width":"","footnotes":""},"categories":[229],"tags":[],"class_list":["post-120370","post","type-post","status-publish","format-standard","has-post-thumbnail","hentry","category-chennai-it"],"jetpack_featured_media_url":"https:\/\/i0.wp.com\/www.claret.org\/wp-content\/uploads\/2022\/04\/CH-20220418-VIII-Provincial-Chapter-1.webp?fit=1924%2C1282&ssl=1","jetpack_sharing_enabled":true,"jetpack_shortlink":"https:\/\/wp.me\/pdaBmi-vjs","jetpack_likes_enabled":true,"_links":{"self":[{"href":"https:\/\/www.claret.org\/it\/wp-json\/wp\/v2\/posts\/120370","targetHints":{"allow":["GET"]}}],"collection":[{"href":"https:\/\/www.claret.org\/it\/wp-json\/wp\/v2\/posts"}],"about":[{"href":"https:\/\/www.claret.org\/it\/wp-json\/wp\/v2\/types\/post"}],"author":[{"embeddable":true,"href":"https:\/\/www.claret.org\/it\/wp-json\/wp\/v2\/users\/2"}],"replies":[{"embeddable":true,"href":"https:\/\/www.claret.org\/it\/wp-json\/wp\/v2\/comments?post=120370"}],"version-history":[{"count":0,"href":"https:\/\/www.claret.org\/it\/wp-json\/wp\/v2\/posts\/120370\/revisions"}],"wp:featuredmedia":[{"embeddable":true,"href":"https:\/\/www.claret.org\/it\/wp-json\/wp\/v2\/media\/119995"}],"wp:attachment":[{"href":"https:\/\/www.claret.org\/it\/wp-json\/wp\/v2\/media?parent=120370"}],"wp:term":[{"taxonomy":"category","embeddable":true,"href":"https:\/\/www.claret.org\/it\/wp-json\/wp\/v2\/categories?post=120370"},{"taxonomy":"post_tag","embeddable":true,"href":"https:\/\/www.claret.org\/it\/wp-json\/wp\/v2\/tags?post=120370"}],"curies":[{"name":"wp","href":"https:\/\/api.w.org\/{rel}","templated":true}]}}