{"id":123483,"date":"2022-06-01T07:49:39","date_gmt":"2022-06-01T05:49:39","guid":{"rendered":"https:\/\/www.claret.org\/piu-operai-da-mandare-nella-sua-messe\/"},"modified":"2022-06-02T05:25:52","modified_gmt":"2022-06-02T03:25:52","slug":"piu-operai-da-mandare-nella-sua-messe","status":"publish","type":"post","link":"https:\/\/www.claret.org\/it\/piu-operai-da-mandare-nella-sua-messe\/","title":{"rendered":"Pi\u00f9 operai &#8220;da mandare nella sua messe&#8221;"},"content":{"rendered":"\n<blockquote class=\"wp-block-quote is-layout-flow wp-block-quote-is-layout-flow\"><p><em>E diceva loro: &#8220;Ben \u00e8 la m\u00e8sse grande, ma gli operai son pochi; <strong>pregate dunque il Signor della m\u00e8sse che spinga degli operai nella sua m\u00e8sse.&#8221;<\/strong><\/em> (Lc 10:2)<\/p><\/blockquote>\n\n<p class=\"has-drop-cap\">Mentre la Congregazione dei Missionari Figli del Cuore Immacolato di Maria (Missionari Clarettiani) ha celebrato per la prima volta la Giornata delle Vocazioni Clarettiane marted\u00ec 31 maggio 2022, la Festa della Visitazione di Maria a Elisabetta, le Prime Professioni, i Rinnovi e le Professioni Perpetue hanno avuto luogo negli Organismi Maggiori dell&#8217;India e quasi seicento Clarettiani indiani provenienti da tutto il mondo hanno celebrato il loro anniversario di professione.<\/p>\n\n<p>Nella Provincia di Bangalore, quattro (4) novizi hanno emesso la Prima Professione e nove (9) aspiranti provenienti da tutta l&#8217;India hanno iniziato la loro formazione al noviziato presso la casa di noviziato interprovinciale di Carmelaram, a Bangalore.<\/p>\n\n<p><\/p>\n\n<figure class=\"wp-block-gallery has-nested-images columns-default is-cropped wp-block-gallery-1 is-layout-flex wp-block-gallery-is-layout-flex\">\n<figure class=\"wp-block-image size-full\"><a href=\"https:\/\/i0.wp.com\/www.claret.org\/wp-content\/uploads\/2022\/06\/BA-20220531-First-Professions.jpeg?ssl=1\"><img data-recalc-dims=\"1\" loading=\"lazy\" decoding=\"async\" width=\"1080\" height=\"777\" data-attachment-id=\"123215\" data-permalink=\"https:\/\/www.claret.org\/it\/piu-operai-da-mandare-nella-sua-messe\/ba-20220531-first-professions-2\/\" data-orig-file=\"https:\/\/i0.wp.com\/www.claret.org\/wp-content\/uploads\/2022\/06\/BA-20220531-First-Professions.jpeg?fit=1280%2C921&amp;ssl=1\" data-orig-size=\"1280,921\" data-comments-opened=\"0\" data-image-meta=\"{&quot;aperture&quot;:&quot;0&quot;,&quot;credit&quot;:&quot;&quot;,&quot;camera&quot;:&quot;&quot;,&quot;caption&quot;:&quot;&quot;,&quot;created_timestamp&quot;:&quot;0&quot;,&quot;copyright&quot;:&quot;&quot;,&quot;focal_length&quot;:&quot;0&quot;,&quot;iso&quot;:&quot;0&quot;,&quot;shutter_speed&quot;:&quot;0&quot;,&quot;title&quot;:&quot;&quot;,&quot;orientation&quot;:&quot;0&quot;}\" data-image-title=\"BA-20220531 First Professions\" data-image-description=\"\" data-image-caption=\"\" data-large-file=\"https:\/\/i0.wp.com\/www.claret.org\/wp-content\/uploads\/2022\/06\/BA-20220531-First-Professions.jpeg?fit=1024%2C737&amp;ssl=1\" data-id=\"123215\" src=\"https:\/\/i0.wp.com\/www.claret.org\/wp-content\/uploads\/2022\/06\/BA-20220531-First-Professions.jpeg?resize=1080%2C777&#038;ssl=1\" alt=\"\" class=\"wp-image-123215\" title=\"\" srcset=\"https:\/\/www.claret.org\/wp-content\/uploads\/2022\/06\/BA-20220531-First-Professions.jpeg 1280w, https:\/\/www.claret.org\/wp-content\/uploads\/2022\/06\/BA-20220531-First-Professions-980x705.jpeg 980w, https:\/\/www.claret.org\/wp-content\/uploads\/2022\/06\/BA-20220531-First-Professions-480x345.jpeg 480w\" sizes=\"(min-width: 0px) and (max-width: 480px) 480px, (min-width: 481px) and (max-width: 980px) 980px, (min-width: 981px) 1280px, 100vw\" \/><\/a><figcaption>Prima Professione &#8211; Bangalore<\/figcaption><\/figure>\n\n\n<figure class=\"wp-block-image size-full\"><a href=\"https:\/\/i0.wp.com\/www.claret.org\/wp-content\/uploads\/2022\/06\/ASCLAW-20220531-New-Novices.jpeg?ssl=1\"><img data-recalc-dims=\"1\" loading=\"lazy\" decoding=\"async\" width=\"1080\" height=\"705\" data-attachment-id=\"123221\" data-permalink=\"https:\/\/www.claret.org\/it\/piu-operai-da-mandare-nella-sua-messe\/asclaw-20220531-new-novices-2\/\" data-orig-file=\"https:\/\/i0.wp.com\/www.claret.org\/wp-content\/uploads\/2022\/06\/ASCLAW-20220531-New-Novices.jpeg?fit=1280%2C836&amp;ssl=1\" data-orig-size=\"1280,836\" data-comments-opened=\"0\" data-image-meta=\"{&quot;aperture&quot;:&quot;0&quot;,&quot;credit&quot;:&quot;&quot;,&quot;camera&quot;:&quot;&quot;,&quot;caption&quot;:&quot;&quot;,&quot;created_timestamp&quot;:&quot;0&quot;,&quot;copyright&quot;:&quot;&quot;,&quot;focal_length&quot;:&quot;0&quot;,&quot;iso&quot;:&quot;0&quot;,&quot;shutter_speed&quot;:&quot;0&quot;,&quot;title&quot;:&quot;&quot;,&quot;orientation&quot;:&quot;0&quot;}\" data-image-title=\"ASCLAW-20220531 New Novices\" data-image-description=\"\" data-image-caption=\"\" data-large-file=\"https:\/\/i0.wp.com\/www.claret.org\/wp-content\/uploads\/2022\/06\/ASCLAW-20220531-New-Novices.jpeg?fit=1024%2C669&amp;ssl=1\" data-id=\"123221\" src=\"https:\/\/i0.wp.com\/www.claret.org\/wp-content\/uploads\/2022\/06\/ASCLAW-20220531-New-Novices.jpeg?resize=1080%2C705&#038;ssl=1\" alt=\"\" class=\"wp-image-123221\" title=\"\" srcset=\"https:\/\/www.claret.org\/wp-content\/uploads\/2022\/06\/ASCLAW-20220531-New-Novices.jpeg 1280w, https:\/\/www.claret.org\/wp-content\/uploads\/2022\/06\/ASCLAW-20220531-New-Novices-980x640.jpeg 980w, https:\/\/www.claret.org\/wp-content\/uploads\/2022\/06\/ASCLAW-20220531-New-Novices-480x314.jpeg 480w\" sizes=\"(min-width: 0px) and (max-width: 480px) 480px, (min-width: 481px) and (max-width: 980px) 980px, (min-width: 981px) 1280px, 100vw\" \/><\/a><figcaption>Nuovi Novizi<\/figcaption><\/figure><\/figure>\n\n<p><\/p>\n\n<p>Nella Provincia di Chennai, due (2) studenti hanno emesso la Professione Perpetua e sette (7) novizi hanno emesso la Prima Professione a Claret Bhavan, Karumathur, Madurai, India. Il giorno precedente \u00e8 stato celebrato il Giubileo d&#8217;Argento della Professione Religiosa e dell&#8217;Ordinazione dei suoi membri.<\/p>\n\n<p><\/p>\n\n<figure class=\"wp-block-gallery has-nested-images columns-default is-cropped wp-block-gallery-2 is-layout-flex wp-block-gallery-is-layout-flex\">\n<figure class=\"wp-block-image size-full\"><a href=\"https:\/\/i0.wp.com\/www.claret.org\/wp-content\/uploads\/2022\/06\/CH-20220531-Perpetual-Profession.jpeg?ssl=1\"><img data-recalc-dims=\"1\" loading=\"lazy\" decoding=\"async\" width=\"1080\" height=\"525\" data-attachment-id=\"123227\" data-permalink=\"https:\/\/www.claret.org\/it\/piu-operai-da-mandare-nella-sua-messe\/ch-20220531-perpetual-profession-2\/\" data-orig-file=\"https:\/\/i0.wp.com\/www.claret.org\/wp-content\/uploads\/2022\/06\/CH-20220531-Perpetual-Profession.jpeg?fit=1152%2C560&amp;ssl=1\" data-orig-size=\"1152,560\" data-comments-opened=\"0\" data-image-meta=\"{&quot;aperture&quot;:&quot;0&quot;,&quot;credit&quot;:&quot;&quot;,&quot;camera&quot;:&quot;&quot;,&quot;caption&quot;:&quot;&quot;,&quot;created_timestamp&quot;:&quot;0&quot;,&quot;copyright&quot;:&quot;&quot;,&quot;focal_length&quot;:&quot;0&quot;,&quot;iso&quot;:&quot;0&quot;,&quot;shutter_speed&quot;:&quot;0&quot;,&quot;title&quot;:&quot;&quot;,&quot;orientation&quot;:&quot;0&quot;}\" data-image-title=\"CH-20220531 Perpetual Profession\" data-image-description=\"\" data-image-caption=\"\" data-large-file=\"https:\/\/i0.wp.com\/www.claret.org\/wp-content\/uploads\/2022\/06\/CH-20220531-Perpetual-Profession.jpeg?fit=1024%2C498&amp;ssl=1\" data-id=\"123227\" src=\"https:\/\/i0.wp.com\/www.claret.org\/wp-content\/uploads\/2022\/06\/CH-20220531-Perpetual-Profession.jpeg?resize=1080%2C525&#038;ssl=1\" alt=\"\" class=\"wp-image-123227\" title=\"\" srcset=\"https:\/\/www.claret.org\/wp-content\/uploads\/2022\/06\/CH-20220531-Perpetual-Profession.jpeg 1152w, https:\/\/www.claret.org\/wp-content\/uploads\/2022\/06\/CH-20220531-Perpetual-Profession-980x476.jpeg 980w, https:\/\/www.claret.org\/wp-content\/uploads\/2022\/06\/CH-20220531-Perpetual-Profession-480x233.jpeg 480w\" sizes=\"(min-width: 0px) and (max-width: 480px) 480px, (min-width: 481px) and (max-width: 980px) 980px, (min-width: 981px) 1152px, 100vw\" \/><\/a><figcaption>Professione Perpetua A Chennai<\/figcaption><\/figure>\n\n\n<figure class=\"wp-block-image size-full\"><a href=\"https:\/\/i0.wp.com\/www.claret.org\/wp-content\/uploads\/2022\/06\/CH-20220531-First-Professions.jpeg?ssl=1\"><img data-recalc-dims=\"1\" loading=\"lazy\" decoding=\"async\" width=\"1080\" height=\"525\" data-attachment-id=\"123233\" data-permalink=\"https:\/\/www.claret.org\/it\/piu-operai-da-mandare-nella-sua-messe\/ch-20220531-first-professions-2\/\" data-orig-file=\"https:\/\/i0.wp.com\/www.claret.org\/wp-content\/uploads\/2022\/06\/CH-20220531-First-Professions.jpeg?fit=1152%2C560&amp;ssl=1\" data-orig-size=\"1152,560\" data-comments-opened=\"0\" data-image-meta=\"{&quot;aperture&quot;:&quot;0&quot;,&quot;credit&quot;:&quot;&quot;,&quot;camera&quot;:&quot;&quot;,&quot;caption&quot;:&quot;&quot;,&quot;created_timestamp&quot;:&quot;0&quot;,&quot;copyright&quot;:&quot;&quot;,&quot;focal_length&quot;:&quot;0&quot;,&quot;iso&quot;:&quot;0&quot;,&quot;shutter_speed&quot;:&quot;0&quot;,&quot;title&quot;:&quot;&quot;,&quot;orientation&quot;:&quot;0&quot;}\" data-image-title=\"CH-20220531 First Professions\" data-image-description=\"\" data-image-caption=\"\" data-large-file=\"https:\/\/i0.wp.com\/www.claret.org\/wp-content\/uploads\/2022\/06\/CH-20220531-First-Professions.jpeg?fit=1024%2C498&amp;ssl=1\" data-id=\"123233\" src=\"https:\/\/i0.wp.com\/www.claret.org\/wp-content\/uploads\/2022\/06\/CH-20220531-First-Professions.jpeg?resize=1080%2C525&#038;ssl=1\" alt=\"\" class=\"wp-image-123233\" title=\"\" srcset=\"https:\/\/www.claret.org\/wp-content\/uploads\/2022\/06\/CH-20220531-First-Professions.jpeg 1152w, https:\/\/www.claret.org\/wp-content\/uploads\/2022\/06\/CH-20220531-First-Professions-980x476.jpeg 980w, https:\/\/www.claret.org\/wp-content\/uploads\/2022\/06\/CH-20220531-First-Professions-480x233.jpeg 480w\" sizes=\"(min-width: 0px) and (max-width: 480px) 480px, (min-width: 481px) and (max-width: 980px) 980px, (min-width: 981px) 1152px, 100vw\" \/><\/a><figcaption>Prima Professione A Chennai<\/figcaption><\/figure>\n\n\n<figure class=\"wp-block-image size-full\"><a href=\"https:\/\/i0.wp.com\/www.claret.org\/wp-content\/uploads\/2022\/06\/CH-20220530-Renewal-of-vows.jpeg?ssl=1\"><img data-recalc-dims=\"1\" loading=\"lazy\" decoding=\"async\" width=\"1080\" height=\"525\" data-attachment-id=\"123239\" data-permalink=\"https:\/\/www.claret.org\/it\/piu-operai-da-mandare-nella-sua-messe\/ch-20220530-renewal-of-vows-2\/\" data-orig-file=\"https:\/\/i0.wp.com\/www.claret.org\/wp-content\/uploads\/2022\/06\/CH-20220530-Renewal-of-vows.jpeg?fit=1152%2C560&amp;ssl=1\" data-orig-size=\"1152,560\" data-comments-opened=\"0\" data-image-meta=\"{&quot;aperture&quot;:&quot;0&quot;,&quot;credit&quot;:&quot;&quot;,&quot;camera&quot;:&quot;&quot;,&quot;caption&quot;:&quot;&quot;,&quot;created_timestamp&quot;:&quot;0&quot;,&quot;copyright&quot;:&quot;&quot;,&quot;focal_length&quot;:&quot;0&quot;,&quot;iso&quot;:&quot;0&quot;,&quot;shutter_speed&quot;:&quot;0&quot;,&quot;title&quot;:&quot;&quot;,&quot;orientation&quot;:&quot;0&quot;}\" data-image-title=\"CH-20220530 Renewal of vows\" data-image-description=\"\" data-image-caption=\"\" data-large-file=\"https:\/\/i0.wp.com\/www.claret.org\/wp-content\/uploads\/2022\/06\/CH-20220530-Renewal-of-vows.jpeg?fit=1024%2C498&amp;ssl=1\" data-id=\"123239\" src=\"https:\/\/i0.wp.com\/www.claret.org\/wp-content\/uploads\/2022\/06\/CH-20220530-Renewal-of-vows.jpeg?resize=1080%2C525&#038;ssl=1\" alt=\"\" class=\"wp-image-123239\" title=\"\" srcset=\"https:\/\/www.claret.org\/wp-content\/uploads\/2022\/06\/CH-20220530-Renewal-of-vows.jpeg 1152w, https:\/\/www.claret.org\/wp-content\/uploads\/2022\/06\/CH-20220530-Renewal-of-vows-980x476.jpeg 980w, https:\/\/www.claret.org\/wp-content\/uploads\/2022\/06\/CH-20220530-Renewal-of-vows-480x233.jpeg 480w\" sizes=\"(min-width: 0px) and (max-width: 480px) 480px, (min-width: 481px) and (max-width: 980px) 980px, (min-width: 981px) 1152px, 100vw\" \/><\/a><figcaption>Rinnovo Dei Voti A Chennai<\/figcaption><\/figure>\n\n\n<figure class=\"wp-block-image size-full\"><a href=\"https:\/\/i0.wp.com\/www.claret.org\/wp-content\/uploads\/2022\/06\/CH-20220530-jubilee-celebrations.jpeg?ssl=1\"><img data-recalc-dims=\"1\" loading=\"lazy\" decoding=\"async\" width=\"1080\" height=\"525\" data-attachment-id=\"123245\" data-permalink=\"https:\/\/www.claret.org\/it\/piu-operai-da-mandare-nella-sua-messe\/ch-20220530-jubilee-celebrations-2\/\" data-orig-file=\"https:\/\/i0.wp.com\/www.claret.org\/wp-content\/uploads\/2022\/06\/CH-20220530-jubilee-celebrations.jpeg?fit=1152%2C560&amp;ssl=1\" data-orig-size=\"1152,560\" data-comments-opened=\"0\" data-image-meta=\"{&quot;aperture&quot;:&quot;0&quot;,&quot;credit&quot;:&quot;&quot;,&quot;camera&quot;:&quot;&quot;,&quot;caption&quot;:&quot;&quot;,&quot;created_timestamp&quot;:&quot;0&quot;,&quot;copyright&quot;:&quot;&quot;,&quot;focal_length&quot;:&quot;0&quot;,&quot;iso&quot;:&quot;0&quot;,&quot;shutter_speed&quot;:&quot;0&quot;,&quot;title&quot;:&quot;&quot;,&quot;orientation&quot;:&quot;0&quot;}\" data-image-title=\"CH-20220530 jubilee celebrations\" data-image-description=\"\" data-image-caption=\"\" data-large-file=\"https:\/\/i0.wp.com\/www.claret.org\/wp-content\/uploads\/2022\/06\/CH-20220530-jubilee-celebrations.jpeg?fit=1024%2C498&amp;ssl=1\" data-id=\"123245\" src=\"https:\/\/i0.wp.com\/www.claret.org\/wp-content\/uploads\/2022\/06\/CH-20220530-jubilee-celebrations.jpeg?resize=1080%2C525&#038;ssl=1\" alt=\"\" class=\"wp-image-123245\" title=\"\" srcset=\"https:\/\/www.claret.org\/wp-content\/uploads\/2022\/06\/CH-20220530-jubilee-celebrations.jpeg 1152w, https:\/\/www.claret.org\/wp-content\/uploads\/2022\/06\/CH-20220530-jubilee-celebrations-980x476.jpeg 980w, https:\/\/www.claret.org\/wp-content\/uploads\/2022\/06\/CH-20220530-jubilee-celebrations-480x233.jpeg 480w\" sizes=\"(min-width: 0px) and (max-width: 480px) 480px, (min-width: 481px) and (max-width: 980px) 980px, (min-width: 981px) 1152px, 100vw\" \/><\/a><figcaption>Giubileo D&#8217;Argento A Chennai <\/figcaption><\/figure><\/figure>\n\n<p><\/p>\n\n<p>Nella Delegazione Indipendente di Kolkata, un (1) studente ha emesso la Professione Perpetua e otto (8) novizi hanno emesso la Prima Professione.<\/p>\n\n<p><\/p>\n\n<figure class=\"wp-block-image size-full\"><img data-recalc-dims=\"1\" loading=\"lazy\" decoding=\"async\" width=\"1080\" height=\"498\" data-attachment-id=\"123251\" data-permalink=\"https:\/\/www.claret.org\/it\/piu-operai-da-mandare-nella-sua-messe\/kk-20220531-first-and-perpetual-professions-2\/\" data-orig-file=\"https:\/\/i0.wp.com\/www.claret.org\/wp-content\/uploads\/2022\/06\/KK-20220531-First-and-Perpetual-Professions.jpeg?fit=1599%2C738&amp;ssl=1\" data-orig-size=\"1599,738\" data-comments-opened=\"0\" data-image-meta=\"{&quot;aperture&quot;:&quot;0&quot;,&quot;credit&quot;:&quot;&quot;,&quot;camera&quot;:&quot;&quot;,&quot;caption&quot;:&quot;&quot;,&quot;created_timestamp&quot;:&quot;0&quot;,&quot;copyright&quot;:&quot;&quot;,&quot;focal_length&quot;:&quot;0&quot;,&quot;iso&quot;:&quot;0&quot;,&quot;shutter_speed&quot;:&quot;0&quot;,&quot;title&quot;:&quot;&quot;,&quot;orientation&quot;:&quot;0&quot;}\" data-image-title=\"KK-20220531 First and Perpetual Professions\" data-image-description=\"\" data-image-caption=\"\" data-large-file=\"https:\/\/i0.wp.com\/www.claret.org\/wp-content\/uploads\/2022\/06\/KK-20220531-First-and-Perpetual-Professions.jpeg?fit=1024%2C473&amp;ssl=1\" src=\"https:\/\/i0.wp.com\/www.claret.org\/wp-content\/uploads\/2022\/06\/KK-20220531-First-and-Perpetual-Professions.jpeg?resize=1080%2C498&#038;ssl=1\" alt=\"\" class=\"wp-image-123251\" title=\"\" srcset=\"https:\/\/www.claret.org\/wp-content\/uploads\/2022\/06\/KK-20220531-First-and-Perpetual-Professions.jpeg 1599w, https:\/\/www.claret.org\/wp-content\/uploads\/2022\/06\/KK-20220531-First-and-Perpetual-Professions-1280x591.jpeg 1280w, https:\/\/www.claret.org\/wp-content\/uploads\/2022\/06\/KK-20220531-First-and-Perpetual-Professions-980x452.jpeg 980w, https:\/\/www.claret.org\/wp-content\/uploads\/2022\/06\/KK-20220531-First-and-Perpetual-Professions-480x222.jpeg 480w\" sizes=\"(min-width: 0px) and (max-width: 480px) 480px, (min-width: 481px) and (max-width: 980px) 980px, (min-width: 981px) and (max-width: 1280px) 1280px, (min-width: 1281px) 1599px, 100vw\" \/><figcaption>Prima Professione E Professione Perpetua A Kolkata<\/figcaption><\/figure>\n<p><\/p>\n\n<p>Nella Delegazione Indipendente del Northeast India, un (1) studente ha emesso la Professione Perpetua e un (1) novizio ha emesso la Prima Professione<\/p>\n\n<p><\/p>\n\n<figure class=\"wp-block-gallery has-nested-images columns-default is-cropped wp-block-gallery-3 is-layout-flex wp-block-gallery-is-layout-flex\">\n<figure class=\"wp-block-image size-full\"><a href=\"https:\/\/i0.wp.com\/www.claret.org\/wp-content\/uploads\/2022\/06\/NE-20220531-First-and-Final-Professions-2022-2.jpeg?ssl=1\"><img data-recalc-dims=\"1\" loading=\"lazy\" decoding=\"async\" width=\"622\" height=\"1280\" data-attachment-id=\"123257\" data-permalink=\"https:\/\/www.claret.org\/it\/piu-operai-da-mandare-nella-sua-messe\/ne-20220531-first-and-final-professions-2022-2-2\/\" data-orig-file=\"https:\/\/i0.wp.com\/www.claret.org\/wp-content\/uploads\/2022\/06\/NE-20220531-First-and-Final-Professions-2022-2.jpeg?fit=622%2C1280&amp;ssl=1\" data-orig-size=\"622,1280\" data-comments-opened=\"0\" data-image-meta=\"{&quot;aperture&quot;:&quot;0&quot;,&quot;credit&quot;:&quot;&quot;,&quot;camera&quot;:&quot;&quot;,&quot;caption&quot;:&quot;&quot;,&quot;created_timestamp&quot;:&quot;0&quot;,&quot;copyright&quot;:&quot;&quot;,&quot;focal_length&quot;:&quot;0&quot;,&quot;iso&quot;:&quot;0&quot;,&quot;shutter_speed&quot;:&quot;0&quot;,&quot;title&quot;:&quot;&quot;,&quot;orientation&quot;:&quot;0&quot;}\" data-image-title=\"NE-20220531 First and Final Professions 2022 (2)\" data-image-description=\"\" data-image-caption=\"\" data-large-file=\"https:\/\/i0.wp.com\/www.claret.org\/wp-content\/uploads\/2022\/06\/NE-20220531-First-and-Final-Professions-2022-2.jpeg?fit=498%2C1024&amp;ssl=1\" data-id=\"123257\" src=\"https:\/\/i0.wp.com\/www.claret.org\/wp-content\/uploads\/2022\/06\/NE-20220531-First-and-Final-Professions-2022-2.jpeg?resize=622%2C1280&#038;ssl=1\" alt=\"\" class=\"wp-image-123257\" title=\"\" srcset=\"https:\/\/www.claret.org\/wp-content\/uploads\/2022\/06\/NE-20220531-First-and-Final-Professions-2022-2.jpeg 622w, https:\/\/www.claret.org\/wp-content\/uploads\/2022\/06\/NE-20220531-First-and-Final-Professions-2022-2-480x988.jpeg 480w\" sizes=\"(min-width: 0px) and (max-width: 480px) 480px, (min-width: 481px) 622px, 100vw\" \/><\/a><\/figure>\n\n\n<figure class=\"wp-block-image size-full\"><a href=\"https:\/\/i0.wp.com\/www.claret.org\/wp-content\/uploads\/2022\/06\/NE-20220531-First-and-Final-Professions-2022-3.jpeg?ssl=1\"><img data-recalc-dims=\"1\" loading=\"lazy\" decoding=\"async\" width=\"1080\" height=\"525\" data-attachment-id=\"123263\" data-permalink=\"https:\/\/www.claret.org\/it\/piu-operai-da-mandare-nella-sua-messe\/ne-20220531-first-and-final-professions-2022-3-2\/\" data-orig-file=\"https:\/\/i0.wp.com\/www.claret.org\/wp-content\/uploads\/2022\/06\/NE-20220531-First-and-Final-Professions-2022-3.jpeg?fit=1280%2C622&amp;ssl=1\" data-orig-size=\"1280,622\" data-comments-opened=\"0\" data-image-meta=\"{&quot;aperture&quot;:&quot;0&quot;,&quot;credit&quot;:&quot;&quot;,&quot;camera&quot;:&quot;&quot;,&quot;caption&quot;:&quot;&quot;,&quot;created_timestamp&quot;:&quot;0&quot;,&quot;copyright&quot;:&quot;&quot;,&quot;focal_length&quot;:&quot;0&quot;,&quot;iso&quot;:&quot;0&quot;,&quot;shutter_speed&quot;:&quot;0&quot;,&quot;title&quot;:&quot;&quot;,&quot;orientation&quot;:&quot;0&quot;}\" data-image-title=\"NE-20220531 First and Final Professions 2022 (3)\" data-image-description=\"\" data-image-caption=\"\" data-large-file=\"https:\/\/i0.wp.com\/www.claret.org\/wp-content\/uploads\/2022\/06\/NE-20220531-First-and-Final-Professions-2022-3.jpeg?fit=1024%2C498&amp;ssl=1\" data-id=\"123263\" src=\"https:\/\/i0.wp.com\/www.claret.org\/wp-content\/uploads\/2022\/06\/NE-20220531-First-and-Final-Professions-2022-3.jpeg?resize=1080%2C525&#038;ssl=1\" alt=\"\" class=\"wp-image-123263\" title=\"\" srcset=\"https:\/\/www.claret.org\/wp-content\/uploads\/2022\/06\/NE-20220531-First-and-Final-Professions-2022-3.jpeg 1280w, https:\/\/www.claret.org\/wp-content\/uploads\/2022\/06\/NE-20220531-First-and-Final-Professions-2022-3-980x476.jpeg 980w, https:\/\/www.claret.org\/wp-content\/uploads\/2022\/06\/NE-20220531-First-and-Final-Professions-2022-3-480x233.jpeg 480w\" sizes=\"(min-width: 0px) and (max-width: 480px) 480px, (min-width: 481px) and (max-width: 980px) 980px, (min-width: 981px) 1280px, 100vw\" \/><\/a><\/figure>\n\n\n<figure class=\"wp-block-image size-full\"><a href=\"https:\/\/i0.wp.com\/www.claret.org\/wp-content\/uploads\/2022\/06\/NE-20220531-First-and-Final-Professions-2022-4.jpeg?ssl=1\"><img data-recalc-dims=\"1\" loading=\"lazy\" decoding=\"async\" width=\"622\" height=\"1280\" data-attachment-id=\"123269\" data-permalink=\"https:\/\/www.claret.org\/it\/piu-operai-da-mandare-nella-sua-messe\/ne-20220531-first-and-final-professions-2022-4-2\/\" data-orig-file=\"https:\/\/i0.wp.com\/www.claret.org\/wp-content\/uploads\/2022\/06\/NE-20220531-First-and-Final-Professions-2022-4.jpeg?fit=622%2C1280&amp;ssl=1\" data-orig-size=\"622,1280\" data-comments-opened=\"0\" data-image-meta=\"{&quot;aperture&quot;:&quot;0&quot;,&quot;credit&quot;:&quot;&quot;,&quot;camera&quot;:&quot;&quot;,&quot;caption&quot;:&quot;&quot;,&quot;created_timestamp&quot;:&quot;0&quot;,&quot;copyright&quot;:&quot;&quot;,&quot;focal_length&quot;:&quot;0&quot;,&quot;iso&quot;:&quot;0&quot;,&quot;shutter_speed&quot;:&quot;0&quot;,&quot;title&quot;:&quot;&quot;,&quot;orientation&quot;:&quot;0&quot;}\" data-image-title=\"NE-20220531 First and Final Professions 2022 (4)\" data-image-description=\"\" data-image-caption=\"\" data-large-file=\"https:\/\/i0.wp.com\/www.claret.org\/wp-content\/uploads\/2022\/06\/NE-20220531-First-and-Final-Professions-2022-4.jpeg?fit=498%2C1024&amp;ssl=1\" data-id=\"123269\" src=\"https:\/\/i0.wp.com\/www.claret.org\/wp-content\/uploads\/2022\/06\/NE-20220531-First-and-Final-Professions-2022-4.jpeg?resize=622%2C1280&#038;ssl=1\" alt=\"\" class=\"wp-image-123269\" title=\"\" srcset=\"https:\/\/www.claret.org\/wp-content\/uploads\/2022\/06\/NE-20220531-First-and-Final-Professions-2022-4.jpeg 622w, https:\/\/www.claret.org\/wp-content\/uploads\/2022\/06\/NE-20220531-First-and-Final-Professions-2022-4-480x988.jpeg 480w\" sizes=\"(min-width: 0px) and (max-width: 480px) 480px, (min-width: 481px) 622px, 100vw\" \/><\/a><\/figure>\n\n\n<figure class=\"wp-block-image size-full\"><a href=\"https:\/\/i0.wp.com\/www.claret.org\/wp-content\/uploads\/2022\/06\/NE-20220531-First-and-Final-Professions-2022-1.jpeg?ssl=1\"><img data-recalc-dims=\"1\" loading=\"lazy\" decoding=\"async\" width=\"1080\" height=\"525\" data-attachment-id=\"123275\" data-permalink=\"https:\/\/www.claret.org\/it\/piu-operai-da-mandare-nella-sua-messe\/ne-20220531-first-and-final-professions-2022-1-2\/\" data-orig-file=\"https:\/\/i0.wp.com\/www.claret.org\/wp-content\/uploads\/2022\/06\/NE-20220531-First-and-Final-Professions-2022-1.jpeg?fit=1280%2C622&amp;ssl=1\" data-orig-size=\"1280,622\" data-comments-opened=\"0\" data-image-meta=\"{&quot;aperture&quot;:&quot;0&quot;,&quot;credit&quot;:&quot;&quot;,&quot;camera&quot;:&quot;&quot;,&quot;caption&quot;:&quot;&quot;,&quot;created_timestamp&quot;:&quot;0&quot;,&quot;copyright&quot;:&quot;&quot;,&quot;focal_length&quot;:&quot;0&quot;,&quot;iso&quot;:&quot;0&quot;,&quot;shutter_speed&quot;:&quot;0&quot;,&quot;title&quot;:&quot;&quot;,&quot;orientation&quot;:&quot;0&quot;}\" data-image-title=\"NE-20220531 First and Final Professions 2022 (1)\" data-image-description=\"\" data-image-caption=\"\" data-large-file=\"https:\/\/i0.wp.com\/www.claret.org\/wp-content\/uploads\/2022\/06\/NE-20220531-First-and-Final-Professions-2022-1.jpeg?fit=1024%2C498&amp;ssl=1\" data-id=\"123275\" src=\"https:\/\/i0.wp.com\/www.claret.org\/wp-content\/uploads\/2022\/06\/NE-20220531-First-and-Final-Professions-2022-1.jpeg?resize=1080%2C525&#038;ssl=1\" alt=\"\" class=\"wp-image-123275\" title=\"\" srcset=\"https:\/\/www.claret.org\/wp-content\/uploads\/2022\/06\/NE-20220531-First-and-Final-Professions-2022-1.jpeg 1280w, https:\/\/www.claret.org\/wp-content\/uploads\/2022\/06\/NE-20220531-First-and-Final-Professions-2022-1-980x476.jpeg 980w, https:\/\/www.claret.org\/wp-content\/uploads\/2022\/06\/NE-20220531-First-and-Final-Professions-2022-1-480x233.jpeg 480w\" sizes=\"(min-width: 0px) and (max-width: 480px) 480px, (min-width: 481px) and (max-width: 980px) 980px, (min-width: 981px) 1280px, 100vw\" \/><\/a><\/figure><figcaption class=\"blocks-gallery-caption\">Prima Professione E Professione Perpetua Del Northeast India<\/figcaption><\/figure>\n\n<p><\/p>\n\n<p>Nella Provincia di St. Thomas, sette (7) studenti hanno emesso la Professione Perpetua, sei (6) hanno emesso la Prima Professione e diciotto (18) hanno rinnovato la loro Professione in occasione di una funzione tenutasi al Claret Bhavan, Kuravilangad, India.<\/p>\n\n<p><\/p>\n\n<figure class=\"wp-block-gallery has-nested-images columns-default is-cropped wp-block-gallery-4 is-layout-flex wp-block-gallery-is-layout-flex\">\n<figure class=\"wp-block-image size-full\"><a href=\"https:\/\/i0.wp.com\/www.claret.org\/wp-content\/uploads\/2022\/06\/ST-20220531-First-and-Final-Professions-1.jpeg?ssl=1\"><img data-recalc-dims=\"1\" loading=\"lazy\" decoding=\"async\" width=\"1080\" height=\"810\" data-attachment-id=\"123281\" data-permalink=\"https:\/\/www.claret.org\/it\/piu-operai-da-mandare-nella-sua-messe\/st-20220531-first-and-final-professions-1-2\/\" data-orig-file=\"https:\/\/i0.wp.com\/www.claret.org\/wp-content\/uploads\/2022\/06\/ST-20220531-First-and-Final-Professions-1.jpeg?fit=1280%2C960&amp;ssl=1\" data-orig-size=\"1280,960\" data-comments-opened=\"0\" data-image-meta=\"{&quot;aperture&quot;:&quot;0&quot;,&quot;credit&quot;:&quot;&quot;,&quot;camera&quot;:&quot;&quot;,&quot;caption&quot;:&quot;&quot;,&quot;created_timestamp&quot;:&quot;0&quot;,&quot;copyright&quot;:&quot;&quot;,&quot;focal_length&quot;:&quot;0&quot;,&quot;iso&quot;:&quot;0&quot;,&quot;shutter_speed&quot;:&quot;0&quot;,&quot;title&quot;:&quot;&quot;,&quot;orientation&quot;:&quot;0&quot;}\" data-image-title=\"ST-20220531 First and Final Professions (1)\" data-image-description=\"\" data-image-caption=\"\" data-large-file=\"https:\/\/i0.wp.com\/www.claret.org\/wp-content\/uploads\/2022\/06\/ST-20220531-First-and-Final-Professions-1.jpeg?fit=1024%2C768&amp;ssl=1\" data-id=\"123281\" src=\"https:\/\/i0.wp.com\/www.claret.org\/wp-content\/uploads\/2022\/06\/ST-20220531-First-and-Final-Professions-1.jpeg?resize=1080%2C810&#038;ssl=1\" alt=\"\" class=\"wp-image-123281\" title=\"\" srcset=\"https:\/\/www.claret.org\/wp-content\/uploads\/2022\/06\/ST-20220531-First-and-Final-Professions-1.jpeg 1280w, https:\/\/www.claret.org\/wp-content\/uploads\/2022\/06\/ST-20220531-First-and-Final-Professions-1-980x735.jpeg 980w, https:\/\/www.claret.org\/wp-content\/uploads\/2022\/06\/ST-20220531-First-and-Final-Professions-1-480x360.jpeg 480w\" sizes=\"(min-width: 0px) and (max-width: 480px) 480px, (min-width: 481px) and (max-width: 980px) 980px, (min-width: 981px) 1280px, 100vw\" \/><\/a><\/figure>\n\n\n<figure class=\"wp-block-image size-full\"><a href=\"https:\/\/i0.wp.com\/www.claret.org\/wp-content\/uploads\/2022\/06\/ST-20220531-First-and-Final-Professions-4.jpeg?ssl=1\"><img data-recalc-dims=\"1\" loading=\"lazy\" decoding=\"async\" width=\"1080\" height=\"810\" data-attachment-id=\"123287\" data-permalink=\"https:\/\/www.claret.org\/it\/piu-operai-da-mandare-nella-sua-messe\/st-20220531-first-and-final-professions-4-2\/\" data-orig-file=\"https:\/\/i0.wp.com\/www.claret.org\/wp-content\/uploads\/2022\/06\/ST-20220531-First-and-Final-Professions-4.jpeg?fit=1280%2C960&amp;ssl=1\" data-orig-size=\"1280,960\" data-comments-opened=\"0\" data-image-meta=\"{&quot;aperture&quot;:&quot;0&quot;,&quot;credit&quot;:&quot;&quot;,&quot;camera&quot;:&quot;&quot;,&quot;caption&quot;:&quot;&quot;,&quot;created_timestamp&quot;:&quot;0&quot;,&quot;copyright&quot;:&quot;&quot;,&quot;focal_length&quot;:&quot;0&quot;,&quot;iso&quot;:&quot;0&quot;,&quot;shutter_speed&quot;:&quot;0&quot;,&quot;title&quot;:&quot;&quot;,&quot;orientation&quot;:&quot;0&quot;}\" data-image-title=\"ST-20220531 First and Final Professions (4)\" data-image-description=\"\" data-image-caption=\"\" data-large-file=\"https:\/\/i0.wp.com\/www.claret.org\/wp-content\/uploads\/2022\/06\/ST-20220531-First-and-Final-Professions-4.jpeg?fit=1024%2C768&amp;ssl=1\" data-id=\"123287\" src=\"https:\/\/i0.wp.com\/www.claret.org\/wp-content\/uploads\/2022\/06\/ST-20220531-First-and-Final-Professions-4.jpeg?resize=1080%2C810&#038;ssl=1\" alt=\"\" class=\"wp-image-123287\" title=\"\" srcset=\"https:\/\/www.claret.org\/wp-content\/uploads\/2022\/06\/ST-20220531-First-and-Final-Professions-4.jpeg 1280w, https:\/\/www.claret.org\/wp-content\/uploads\/2022\/06\/ST-20220531-First-and-Final-Professions-4-980x735.jpeg 980w, https:\/\/www.claret.org\/wp-content\/uploads\/2022\/06\/ST-20220531-First-and-Final-Professions-4-480x360.jpeg 480w\" sizes=\"(min-width: 0px) and (max-width: 480px) 480px, (min-width: 481px) and (max-width: 980px) 980px, (min-width: 981px) 1280px, 100vw\" \/><\/a><\/figure>\n\n\n<figure class=\"wp-block-image size-full\"><a href=\"https:\/\/i0.wp.com\/www.claret.org\/wp-content\/uploads\/2022\/06\/ST-20220531-First-and-Final-Professions-5.jpeg?ssl=1\"><img data-recalc-dims=\"1\" loading=\"lazy\" decoding=\"async\" width=\"1080\" height=\"810\" data-attachment-id=\"123293\" data-permalink=\"https:\/\/www.claret.org\/it\/piu-operai-da-mandare-nella-sua-messe\/st-20220531-first-and-final-professions-5-2\/\" data-orig-file=\"https:\/\/i0.wp.com\/www.claret.org\/wp-content\/uploads\/2022\/06\/ST-20220531-First-and-Final-Professions-5.jpeg?fit=1280%2C960&amp;ssl=1\" data-orig-size=\"1280,960\" data-comments-opened=\"0\" data-image-meta=\"{&quot;aperture&quot;:&quot;0&quot;,&quot;credit&quot;:&quot;&quot;,&quot;camera&quot;:&quot;&quot;,&quot;caption&quot;:&quot;&quot;,&quot;created_timestamp&quot;:&quot;0&quot;,&quot;copyright&quot;:&quot;&quot;,&quot;focal_length&quot;:&quot;0&quot;,&quot;iso&quot;:&quot;0&quot;,&quot;shutter_speed&quot;:&quot;0&quot;,&quot;title&quot;:&quot;&quot;,&quot;orientation&quot;:&quot;0&quot;}\" data-image-title=\"ST-20220531 First and Final Professions (5)\" data-image-description=\"\" data-image-caption=\"\" data-large-file=\"https:\/\/i0.wp.com\/www.claret.org\/wp-content\/uploads\/2022\/06\/ST-20220531-First-and-Final-Professions-5.jpeg?fit=1024%2C768&amp;ssl=1\" data-id=\"123293\" src=\"https:\/\/i0.wp.com\/www.claret.org\/wp-content\/uploads\/2022\/06\/ST-20220531-First-and-Final-Professions-5.jpeg?resize=1080%2C810&#038;ssl=1\" alt=\"\" class=\"wp-image-123293\" title=\"\" srcset=\"https:\/\/www.claret.org\/wp-content\/uploads\/2022\/06\/ST-20220531-First-and-Final-Professions-5.jpeg 1280w, https:\/\/www.claret.org\/wp-content\/uploads\/2022\/06\/ST-20220531-First-and-Final-Professions-5-980x735.jpeg 980w, https:\/\/www.claret.org\/wp-content\/uploads\/2022\/06\/ST-20220531-First-and-Final-Professions-5-480x360.jpeg 480w\" sizes=\"(min-width: 0px) and (max-width: 480px) 480px, (min-width: 481px) and (max-width: 980px) 980px, (min-width: 981px) 1280px, 100vw\" \/><\/a><\/figure><figcaption class=\"blocks-gallery-caption\">Prima, Rinnovo E Professione Perpetua A St. Thomas<\/figcaption><\/figure>\n\n<p><\/p>\n\n<p>Ventiquattro (24) dei circa seicento indiani, alcuni dei quali si trovano in altri Organismi Maggiori in tutto il mondo, hanno celebrato il loro Giubileo d&#8217;Argento della Professione in quella data.<\/p>\n\n<p>Infine, a Isabela City, nelle Filippine, il Vescovo Leo Dalmao, CMF, Vescovo della Prelatura Territoriale di Isabela, ha celebrato il suo Giubileo d&#8217;Argento di ordinazione sacerdotale.<\/p>\n\n<p><\/p>\n","protected":false},"excerpt":{"rendered":"<p>E diceva loro: &#8220;Ben \u00e8 la m\u00e8sse grande, ma gli operai son pochi; pregate dunque il Signor della m\u00e8sse che spinga degli operai nella sua m\u00e8sse.&#8221; (Lc 10:2) Mentre la Congregazione dei Missionari Figli del Cuore Immacolato di Maria (Missionari Clarettiani) ha celebrato per la prima volta la Giornata delle Vocazioni Clarettiane marted\u00ec 31 maggio [&hellip;]<\/p>\n","protected":false},"author":2,"featured_media":123299,"comment_status":"closed","ping_status":"closed","sticky":false,"template":"","format":"standard","meta":{"_et_pb_use_builder":"","_et_pb_old_content":"","_et_gb_content_width":"","footnotes":""},"categories":[548,547,225,229,233,240,580,248],"tags":[],"class_list":["post-123483","post","type-post","status-publish","format-standard","has-post-thumbnail","hentry","category-anniversari-della-professione","category-anniversari-di-ordinazione","category-bangalore-it","category-chennai-it","category-kolkata-it","category-northeast-india-it","category-professioni","category-st-thomas-it"],"jetpack_featured_media_url":"https:\/\/i0.wp.com\/www.claret.org\/wp-content\/uploads\/2022\/06\/ST-20220531-First-and-Final-Professions-2.webp?fit=1024%2C557&ssl=1","jetpack_sharing_enabled":true,"jetpack_shortlink":"https:\/\/wp.me\/pdaBmi-w7F","jetpack_likes_enabled":true,"_links":{"self":[{"href":"https:\/\/www.claret.org\/it\/wp-json\/wp\/v2\/posts\/123483","targetHints":{"allow":["GET"]}}],"collection":[{"href":"https:\/\/www.claret.org\/it\/wp-json\/wp\/v2\/posts"}],"about":[{"href":"https:\/\/www.claret.org\/it\/wp-json\/wp\/v2\/types\/post"}],"author":[{"embeddable":true,"href":"https:\/\/www.claret.org\/it\/wp-json\/wp\/v2\/users\/2"}],"replies":[{"embeddable":true,"href":"https:\/\/www.claret.org\/it\/wp-json\/wp\/v2\/comments?post=123483"}],"version-history":[{"count":0,"href":"https:\/\/www.claret.org\/it\/wp-json\/wp\/v2\/posts\/123483\/revisions"}],"wp:featuredmedia":[{"embeddable":true,"href":"https:\/\/www.claret.org\/it\/wp-json\/wp\/v2\/media\/123299"}],"wp:attachment":[{"href":"https:\/\/www.claret.org\/it\/wp-json\/wp\/v2\/media?parent=123483"}],"wp:term":[{"taxonomy":"category","embeddable":true,"href":"https:\/\/www.claret.org\/it\/wp-json\/wp\/v2\/categories?post=123483"},{"taxonomy":"post_tag","embeddable":true,"href":"https:\/\/www.claret.org\/it\/wp-json\/wp\/v2\/tags?post=123483"}],"curies":[{"name":"wp","href":"https:\/\/api.w.org\/{rel}","templated":true}]}}