{"id":123596,"date":"2022-06-03T10:12:52","date_gmt":"2022-06-03T08:12:52","guid":{"rendered":"https:\/\/www.claret.org\/tre-nuovi-diaconi-per-lindonesia-timor-leste\/"},"modified":"2022-06-24T14:54:11","modified_gmt":"2022-06-24T12:54:11","slug":"tre-nuovi-diaconi-per-lindonesia-timor-leste","status":"publish","type":"post","link":"https:\/\/www.claret.org\/it\/tre-nuovi-diaconi-per-lindonesia-timor-leste\/","title":{"rendered":"Tre nuovi diaconi per l&#8217;Indonesia-Timor Leste"},"content":{"rendered":"\n<p class=\"has-drop-cap\"><strong>Kupang, Indonesia. <\/strong> In concomitanza con la Festa della Visitazione di Maria a Elisabetta e la celebrazione della Giornata delle Vocazioni Clarettiane, marted\u00ec 31 maggio 2022, il Vescovo Edmund Woga, C.Ss.R, ha ordinato diaconi tre studenti clarettiani della Delegazione Indipendente di Indonesia-Timor Leste presso la Cappella di San Michele, Penfui, Kupang. I tre nuovi diaconi sono il Rev. Anggalius Yoseph Usfal, il Rev. Edvan Andreas Ruu e il Rev. Patris Urbat, CMFF.<\/p>\n\n<p><\/p>\n\n<figure class=\"wp-block-image size-full\"><img data-recalc-dims=\"1\" loading=\"lazy\" decoding=\"async\" width=\"1080\" height=\"810\" data-attachment-id=\"123513\" data-permalink=\"https:\/\/www.claret.org\/it\/tre-nuovi-diaconi-per-lindonesia-timor-leste\/id-20220531-ordination-of-deacons-1-2\/\" data-orig-file=\"https:\/\/i0.wp.com\/www.claret.org\/wp-content\/uploads\/2022\/06\/ID-20220531-Ordination-of-Deacons-1.jpg?fit=1600%2C1200&amp;ssl=1\" data-orig-size=\"1600,1200\" data-comments-opened=\"0\" data-image-meta=\"{&quot;aperture&quot;:&quot;0&quot;,&quot;credit&quot;:&quot;&quot;,&quot;camera&quot;:&quot;&quot;,&quot;caption&quot;:&quot;&quot;,&quot;created_timestamp&quot;:&quot;0&quot;,&quot;copyright&quot;:&quot;&quot;,&quot;focal_length&quot;:&quot;0&quot;,&quot;iso&quot;:&quot;0&quot;,&quot;shutter_speed&quot;:&quot;0&quot;,&quot;title&quot;:&quot;&quot;,&quot;orientation&quot;:&quot;0&quot;}\" data-image-title=\"ID-20220531 Ordination of Deacons (1)\" data-image-description=\"\" data-image-caption=\"&lt;p&gt;Newly ordained deacons with Fr. Valens Agino, CMF, Major Superior of Indonesia-Timor Leste&lt;\/p&gt;\n\" data-large-file=\"https:\/\/i0.wp.com\/www.claret.org\/wp-content\/uploads\/2022\/06\/ID-20220531-Ordination-of-Deacons-1.jpg?fit=1024%2C768&amp;ssl=1\" src=\"https:\/\/i0.wp.com\/www.claret.org\/wp-content\/uploads\/2022\/06\/ID-20220531-Ordination-of-Deacons-1.jpg?resize=1080%2C810&#038;ssl=1\" alt=\"\" class=\"wp-image-123513\" title=\"\" srcset=\"https:\/\/www.claret.org\/wp-content\/uploads\/2022\/06\/ID-20220531-Ordination-of-Deacons-1.jpg 1600w, https:\/\/www.claret.org\/wp-content\/uploads\/2022\/06\/ID-20220531-Ordination-of-Deacons-1-1280x960.jpg 1280w, https:\/\/www.claret.org\/wp-content\/uploads\/2022\/06\/ID-20220531-Ordination-of-Deacons-1-980x735.jpg 980w, https:\/\/www.claret.org\/wp-content\/uploads\/2022\/06\/ID-20220531-Ordination-of-Deacons-1-480x360.jpg 480w\" sizes=\"(min-width: 0px) and (max-width: 480px) 480px, (min-width: 481px) and (max-width: 980px) 980px, (min-width: 981px) and (max-width: 1280px) 1280px, (min-width: 1281px) 1600px, 100vw\" \/><figcaption><em>I neo-diaconi con P. Valens Agino, CMF, Superiore Maggiore dell&#8217;Indonesia-Timor Leste<\/em>.<\/figcaption><\/figure>\n\n<p><\/p>\n\n<p>Monsignor Edmund li ha invitati ad approfondire il loro ruolo di diaconi, cio\u00e8 ad essere servitori di Dio e del popolo di Dio. Ha detto che l&#8217;ispirazione per essere un servitore di Dio e un servitore del popolo di Dio pu\u00f2 essere tratta da Giovanni Battista e da Ges\u00f9. Giovanni Battista divenne un servitore del Messia, mentre il Messia stesso si dichiar\u00f2 un servitore di Dio.<\/p>\n\n<p>Il Vescovo della Diocesi di Weetebula li ha anche invitati a rendere il servizio qualcosa di integrale, qualcosa che non pu\u00f2 essere dato per scontato.<\/p>\n\n<blockquote class=\"wp-block-quote is-layout-flow wp-block-quote-is-layout-flow\"><p>Il servizio deve essere al centro della vita dei diaconi.<\/p><\/blockquote>\n\n<p>Per il Vescovo Edmund, il servizio deve essere al centro della vita quotidiana dei diaconi e dei loro movimenti, atteggiamenti e comportamenti mentre rispondono alla chiamata di Dio a diventare ministri speciali nella Chiesa.<\/p>\n\n<p>Inoltre, il Vescovo ha anche ricordato loro che devono sempre ricordare il compito vitale di un diacono, ovvero quello di pregare. Pregare \u00e8 il dovere spirituale di un diacono. Non pu\u00f2 essere separato da un diacono. Devono sempre pregare. <\/p>\n\n<p>Oltre ai tre studenti clarettiani, il vescovo ha ordinato anche undici seminaristi dell&#8217;arcidiocesi di Kupang, cinque della diocesi di Weetebula e uno della diocesi di Atambua.<\/p>\n\n<p><\/p>\n\n<figure class=\"wp-block-image size-full\"><img data-recalc-dims=\"1\" loading=\"lazy\" decoding=\"async\" width=\"1080\" height=\"658\" data-attachment-id=\"123507\" data-permalink=\"https:\/\/www.claret.org\/it\/tre-nuovi-diaconi-per-lindonesia-timor-leste\/id-20220531-ordination-of-deacons-2-2\/\" data-orig-file=\"https:\/\/i0.wp.com\/www.claret.org\/wp-content\/uploads\/2022\/06\/ID-20220531-Ordination-of-Deacons-2.jpeg?fit=1080%2C658&amp;ssl=1\" data-orig-size=\"1080,658\" data-comments-opened=\"0\" data-image-meta=\"{&quot;aperture&quot;:&quot;0&quot;,&quot;credit&quot;:&quot;&quot;,&quot;camera&quot;:&quot;&quot;,&quot;caption&quot;:&quot;&quot;,&quot;created_timestamp&quot;:&quot;0&quot;,&quot;copyright&quot;:&quot;&quot;,&quot;focal_length&quot;:&quot;0&quot;,&quot;iso&quot;:&quot;0&quot;,&quot;shutter_speed&quot;:&quot;0&quot;,&quot;title&quot;:&quot;&quot;,&quot;orientation&quot;:&quot;0&quot;}\" data-image-title=\"ID-20220531 Ordination of Deacons (2)\" data-image-description=\"\" data-image-caption=\"\" data-large-file=\"https:\/\/i0.wp.com\/www.claret.org\/wp-content\/uploads\/2022\/06\/ID-20220531-Ordination-of-Deacons-2.jpeg?fit=1024%2C624&amp;ssl=1\" src=\"https:\/\/i0.wp.com\/www.claret.org\/wp-content\/uploads\/2022\/06\/ID-20220531-Ordination-of-Deacons-2.jpeg?resize=1080%2C658&#038;ssl=1\" alt=\"\" class=\"wp-image-123507\" title=\"\" srcset=\"https:\/\/www.claret.org\/wp-content\/uploads\/2022\/06\/ID-20220531-Ordination-of-Deacons-2.jpeg 1080w, https:\/\/www.claret.org\/wp-content\/uploads\/2022\/06\/ID-20220531-Ordination-of-Deacons-2-980x597.jpeg 980w, https:\/\/www.claret.org\/wp-content\/uploads\/2022\/06\/ID-20220531-Ordination-of-Deacons-2-480x292.jpeg 480w\" sizes=\"(min-width: 0px) and (max-width: 480px) 480px, (min-width: 481px) and (max-width: 980px) 980px, (min-width: 981px) 1080px, 100vw\" \/><\/figure>\n\n<p><\/p>\n\n<p><em>Notizie da Mario F. Cole Putra, CMF di Indonesia-Timor Leste<\/em>.<\/p>\n","protected":false},"excerpt":{"rendered":"<p>Kupang, Indonesia. In concomitanza con la Festa della Visitazione di Maria a Elisabetta e la celebrazione della Giornata delle Vocazioni Clarettiane, marted\u00ec 31 maggio 2022, il Vescovo Edmund Woga, C.Ss.R, ha ordinato diaconi tre studenti clarettiani della Delegazione Indipendente di Indonesia-Timor Leste presso la Cappella di San Michele, Penfui, Kupang. I tre nuovi diaconi sono [&hellip;]<\/p>\n","protected":false},"author":2,"featured_media":124146,"comment_status":"closed","ping_status":"closed","sticky":false,"template":"","format":"standard","meta":{"_et_pb_use_builder":"","_et_pb_old_content":"","_et_gb_content_width":"","footnotes":""},"categories":[203,577],"tags":[],"class_list":["post-123596","post","type-post","status-publish","format-standard","has-post-thumbnail","hentry","category-ave-maria-it","category-ordinazioni"],"jetpack_featured_media_url":"https:\/\/i0.wp.com\/www.claret.org\/wp-content\/uploads\/2022\/06\/ID-20220531-Ordination-of-Deacons-1-1.webp?fit=720%2C447&ssl=1","jetpack_sharing_enabled":true,"jetpack_shortlink":"https:\/\/wp.me\/pdaBmi-w9u","jetpack_likes_enabled":true,"_links":{"self":[{"href":"https:\/\/www.claret.org\/it\/wp-json\/wp\/v2\/posts\/123596","targetHints":{"allow":["GET"]}}],"collection":[{"href":"https:\/\/www.claret.org\/it\/wp-json\/wp\/v2\/posts"}],"about":[{"href":"https:\/\/www.claret.org\/it\/wp-json\/wp\/v2\/types\/post"}],"author":[{"embeddable":true,"href":"https:\/\/www.claret.org\/it\/wp-json\/wp\/v2\/users\/2"}],"replies":[{"embeddable":true,"href":"https:\/\/www.claret.org\/it\/wp-json\/wp\/v2\/comments?post=123596"}],"version-history":[{"count":0,"href":"https:\/\/www.claret.org\/it\/wp-json\/wp\/v2\/posts\/123596\/revisions"}],"wp:featuredmedia":[{"embeddable":true,"href":"https:\/\/www.claret.org\/it\/wp-json\/wp\/v2\/media\/124146"}],"wp:attachment":[{"href":"https:\/\/www.claret.org\/it\/wp-json\/wp\/v2\/media?parent=123596"}],"wp:term":[{"taxonomy":"category","embeddable":true,"href":"https:\/\/www.claret.org\/it\/wp-json\/wp\/v2\/categories?post=123596"},{"taxonomy":"post_tag","embeddable":true,"href":"https:\/\/www.claret.org\/it\/wp-json\/wp\/v2\/tags?post=123596"}],"curies":[{"name":"wp","href":"https:\/\/api.w.org\/{rel}","templated":true}]}}