{"id":128105,"date":"2022-07-04T18:38:33","date_gmt":"2022-07-04T16:38:33","guid":{"rendered":"https:\/\/www.claret.org\/iv-assemblea-ordinaria-della-delegazione-indipendente-del-cameroun\/"},"modified":"2022-07-08T22:27:28","modified_gmt":"2022-07-08T20:27:28","slug":"iv-assemblea-ordinaria-della-delegazione-indipendente-del-cameroun","status":"publish","type":"post","link":"https:\/\/www.claret.org\/it\/iv-assemblea-ordinaria-della-delegazione-indipendente-del-cameroun\/","title":{"rendered":"IV ASSEMBLEA ORDINARIA DELLA DELEGAZIONE INDIPENDENTE DEL CAMEROUN"},"content":{"rendered":"\n<p class=\"has-drop-cap\">Mbalmayo, Camerun. Il Centro Spirituale di Nostra Signora del Perpetuo Soccorso di Mbalmayo ha accolto domenica 3 luglio 2022 i Missionari Clarettiani della Delegazione Indipendente del Cameroun per la celebrazione della IV Assemblea Ordinaria. Una particolarit\u00e0 di questa Assemblea \u00e8 che la Delegazione ha optato per un&#8217;Assemblea senza carta e puramente digitale, utilizzando la stessa tecnologia usata dal XXVI Capitolo Generale. <\/p>\n\n<p>Durante questi sei giorni, l&#8217;Assemblea presieduta da P. Henry Omonisaye, CMF (Vicario Generale e Prefetto Generale della Bibbia e della Comunicazione) e da P. Joseph Mbungu, CMF (Prefetto Generale della Formazione), rifletter\u00e0, dialogher\u00e0 e lavorer\u00e0 sul tema &#8220;<em>Radicati in Cristo e audaci nella missione: per una Delegazione al servizio della riconciliazione, della giustizia e della pace<\/em>&#8220;.<\/p>\n\n<p><\/p>\n\n<figure class=\"wp-block-gallery has-nested-images columns-default is-cropped wp-block-gallery-1 is-layout-flex wp-block-gallery-is-layout-flex\">\n<figure class=\"wp-block-image size-full\"><img data-recalc-dims=\"1\" loading=\"lazy\" decoding=\"async\" width=\"780\" height=\"439\" data-attachment-id=\"127311\" data-permalink=\"https:\/\/www.claret.org\/it\/iv-assemblea-ordinaria-della-delegazione-indipendente-del-cameroun\/cm-20220703-iv-assembly-2-2\/\" data-orig-file=\"https:\/\/i0.wp.com\/www.claret.org\/wp-content\/uploads\/2022\/07\/CM-20220703-IV-Assembly-2.jpeg?fit=780%2C439&amp;ssl=1\" data-orig-size=\"780,439\" data-comments-opened=\"0\" data-image-meta=\"{&quot;aperture&quot;:&quot;0&quot;,&quot;credit&quot;:&quot;&quot;,&quot;camera&quot;:&quot;&quot;,&quot;caption&quot;:&quot;&quot;,&quot;created_timestamp&quot;:&quot;0&quot;,&quot;copyright&quot;:&quot;&quot;,&quot;focal_length&quot;:&quot;0&quot;,&quot;iso&quot;:&quot;0&quot;,&quot;shutter_speed&quot;:&quot;0&quot;,&quot;title&quot;:&quot;&quot;,&quot;orientation&quot;:&quot;0&quot;}\" data-image-title=\"CM-20220703 IV Assembly (2)\" data-image-description=\"\" data-image-caption=\"\" data-large-file=\"https:\/\/i0.wp.com\/www.claret.org\/wp-content\/uploads\/2022\/07\/CM-20220703-IV-Assembly-2.jpeg?fit=780%2C439&amp;ssl=1\" data-id=\"127311\" src=\"https:\/\/i0.wp.com\/www.claret.org\/wp-content\/uploads\/2022\/07\/CM-20220703-IV-Assembly-2.jpeg?resize=780%2C439&#038;ssl=1\" alt=\"\" class=\"wp-image-127311\" title=\"\" srcset=\"https:\/\/www.claret.org\/wp-content\/uploads\/2022\/07\/CM-20220703-IV-Assembly-2.jpeg 780w, https:\/\/www.claret.org\/wp-content\/uploads\/2022\/07\/CM-20220703-IV-Assembly-2-480x270.jpeg 480w\" sizes=\"(min-width: 0px) and (max-width: 480px) 480px, (min-width: 481px) 780px, 100vw\" \/><\/figure>\n\n\n\n<figure class=\"wp-block-image size-full\"><img data-recalc-dims=\"1\" loading=\"lazy\" decoding=\"async\" width=\"1080\" height=\"607\" data-attachment-id=\"127317\" data-permalink=\"https:\/\/www.claret.org\/it\/iv-assemblea-ordinaria-della-delegazione-indipendente-del-cameroun\/cm-20220703-iv-assembly-1-2\/\" data-orig-file=\"https:\/\/i0.wp.com\/www.claret.org\/wp-content\/uploads\/2022\/07\/CM-20220703-IV-Assembly-1.jpeg?fit=1080%2C607&amp;ssl=1\" data-orig-size=\"1080,607\" data-comments-opened=\"0\" data-image-meta=\"{&quot;aperture&quot;:&quot;0&quot;,&quot;credit&quot;:&quot;&quot;,&quot;camera&quot;:&quot;&quot;,&quot;caption&quot;:&quot;&quot;,&quot;created_timestamp&quot;:&quot;0&quot;,&quot;copyright&quot;:&quot;&quot;,&quot;focal_length&quot;:&quot;0&quot;,&quot;iso&quot;:&quot;0&quot;,&quot;shutter_speed&quot;:&quot;0&quot;,&quot;title&quot;:&quot;&quot;,&quot;orientation&quot;:&quot;0&quot;}\" data-image-title=\"CM-20220703 IV Assembly (1)\" data-image-description=\"\" data-image-caption=\"\" data-large-file=\"https:\/\/i0.wp.com\/www.claret.org\/wp-content\/uploads\/2022\/07\/CM-20220703-IV-Assembly-1.jpeg?fit=1024%2C576&amp;ssl=1\" data-id=\"127317\" src=\"https:\/\/i0.wp.com\/www.claret.org\/wp-content\/uploads\/2022\/07\/CM-20220703-IV-Assembly-1.jpeg?resize=1080%2C607&#038;ssl=1\" alt=\"\" class=\"wp-image-127317\" title=\"\" srcset=\"https:\/\/www.claret.org\/wp-content\/uploads\/2022\/07\/CM-20220703-IV-Assembly-1.jpeg 1080w, https:\/\/www.claret.org\/wp-content\/uploads\/2022\/07\/CM-20220703-IV-Assembly-1-980x551.jpeg 980w, https:\/\/www.claret.org\/wp-content\/uploads\/2022\/07\/CM-20220703-IV-Assembly-1-480x270.jpeg 480w\" sizes=\"(min-width: 0px) and (max-width: 480px) 480px, (min-width: 481px) and (max-width: 980px) 980px, (min-width: 981px) 1080px, 100vw\" \/><\/figure>\n<\/figure>\n\n<p><\/p>\n\n<p>&#8220;Non possiamo negoziare la nostra relazione con Cristo se vogliamo essere audaci nella missione&#8221;. &#8211; Una frase che all&#8217;inizio dell&#8217;Assemblea \u00e8 riecheggiata tra le pareti della sala mentre P. Joseph Mbungu, CMF, li conduceva gradualmente a entrare nelle dinamiche dell&#8217;Assemblea attraverso un mini-ritiro.<\/p>\n\n<p>Inoltre, lo stesso giorno, il Vescovo di Mbalmayo, Mons. Joseph Marie Ndi Okalla, si \u00e8 recato a far loro visita. I Clarettiani collaborano con la diocesi di Mbalmayo, in particolare a Nsen nlong dove amministrano una parrocchia. Anche il Noviziato Clarettiano Probst si trova in questa diocesi.<\/p>\n\n<p>L&#8217;Assemblea terminer\u00e0 il 9 luglio 2022. L&#8217;annuncio del nuovo governo di delegazione avverr\u00e0 nei prossimi giorni. Se vuoi saperne di pi\u00f9 sui Clarettiani del Camerun, visita il sito  <a href=\"https:\/\/www.cmfcameroon.com\" target=\"_blank\" rel=\"noreferrer noopener nofollow\">https:\/\/www.cmfcameroon.com<\/a><\/p>\n\n<p><\/p>\n\n<figure class=\"wp-block-image size-full\"><img data-recalc-dims=\"1\" loading=\"lazy\" decoding=\"async\" width=\"1000\" height=\"467\" data-attachment-id=\"127323\" data-permalink=\"https:\/\/www.claret.org\/it\/iv-assemblea-ordinaria-della-delegazione-indipendente-del-cameroun\/cm-20220703-iv-assembly-3-2\/\" data-orig-file=\"https:\/\/i0.wp.com\/www.claret.org\/wp-content\/uploads\/2022\/07\/CM-20220703-IV-Assembly-3.jpeg?fit=1000%2C467&amp;ssl=1\" data-orig-size=\"1000,467\" data-comments-opened=\"0\" data-image-meta=\"{&quot;aperture&quot;:&quot;0&quot;,&quot;credit&quot;:&quot;&quot;,&quot;camera&quot;:&quot;&quot;,&quot;caption&quot;:&quot;&quot;,&quot;created_timestamp&quot;:&quot;0&quot;,&quot;copyright&quot;:&quot;&quot;,&quot;focal_length&quot;:&quot;0&quot;,&quot;iso&quot;:&quot;0&quot;,&quot;shutter_speed&quot;:&quot;0&quot;,&quot;title&quot;:&quot;&quot;,&quot;orientation&quot;:&quot;0&quot;}\" data-image-title=\"CM-20220703 IV Assembly (3)\" data-image-description=\"\" data-image-caption=\"\" data-large-file=\"https:\/\/i0.wp.com\/www.claret.org\/wp-content\/uploads\/2022\/07\/CM-20220703-IV-Assembly-3.jpeg?fit=1000%2C467&amp;ssl=1\" src=\"https:\/\/i0.wp.com\/www.claret.org\/wp-content\/uploads\/2022\/07\/CM-20220703-IV-Assembly-3.jpeg?resize=1000%2C467&#038;ssl=1\" alt=\"\" class=\"wp-image-127323\" title=\"\" srcset=\"https:\/\/www.claret.org\/wp-content\/uploads\/2022\/07\/CM-20220703-IV-Assembly-3.jpeg 1000w, https:\/\/www.claret.org\/wp-content\/uploads\/2022\/07\/CM-20220703-IV-Assembly-3-980x458.jpeg 980w, https:\/\/www.claret.org\/wp-content\/uploads\/2022\/07\/CM-20220703-IV-Assembly-3-480x224.jpeg 480w\" sizes=\"(min-width: 0px) and (max-width: 480px) 480px, (min-width: 481px) and (max-width: 980px) 980px, (min-width: 981px) 1000px, 100vw\" \/><\/figure>\n","protected":false},"excerpt":{"rendered":"<p>Mbalmayo, Camerun. Il Centro Spirituale di Nostra Signora del Perpetuo Soccorso di Mbalmayo ha accolto domenica 3 luglio 2022 i Missionari Clarettiani della Delegazione Indipendente del Cameroun per la celebrazione della IV Assemblea Ordinaria. Una particolarit\u00e0 di questa Assemblea \u00e8 che la Delegazione ha optato per un&#8217;Assemblea senza carta e puramente digitale, utilizzando la stessa [&hellip;]<\/p>\n","protected":false},"author":2,"featured_media":127329,"comment_status":"closed","ping_status":"closed","sticky":false,"template":"","format":"standard","meta":{"_et_pb_use_builder":"","_et_pb_old_content":"","_et_gb_content_width":"","footnotes":""},"categories":[134],"tags":[],"class_list":["post-128105","post","type-post","status-publish","format-standard","has-post-thumbnail","hentry","category-cameroun-it"],"jetpack_featured_media_url":"https:\/\/i0.wp.com\/www.claret.org\/wp-content\/uploads\/2022\/07\/CM-20220703-IV-Assembly-5.webp?fit=1080%2C607&ssl=1","jetpack_sharing_enabled":true,"jetpack_shortlink":"https:\/\/wp.me\/pdaBmi-xkd","jetpack_likes_enabled":true,"_links":{"self":[{"href":"https:\/\/www.claret.org\/it\/wp-json\/wp\/v2\/posts\/128105","targetHints":{"allow":["GET"]}}],"collection":[{"href":"https:\/\/www.claret.org\/it\/wp-json\/wp\/v2\/posts"}],"about":[{"href":"https:\/\/www.claret.org\/it\/wp-json\/wp\/v2\/types\/post"}],"author":[{"embeddable":true,"href":"https:\/\/www.claret.org\/it\/wp-json\/wp\/v2\/users\/2"}],"replies":[{"embeddable":true,"href":"https:\/\/www.claret.org\/it\/wp-json\/wp\/v2\/comments?post=128105"}],"version-history":[{"count":0,"href":"https:\/\/www.claret.org\/it\/wp-json\/wp\/v2\/posts\/128105\/revisions"}],"wp:featuredmedia":[{"embeddable":true,"href":"https:\/\/www.claret.org\/it\/wp-json\/wp\/v2\/media\/127329"}],"wp:attachment":[{"href":"https:\/\/www.claret.org\/it\/wp-json\/wp\/v2\/media?parent=128105"}],"wp:term":[{"taxonomy":"category","embeddable":true,"href":"https:\/\/www.claret.org\/it\/wp-json\/wp\/v2\/categories?post=128105"},{"taxonomy":"post_tag","embeddable":true,"href":"https:\/\/www.claret.org\/it\/wp-json\/wp\/v2\/tags?post=128105"}],"curies":[{"name":"wp","href":"https:\/\/api.w.org\/{rel}","templated":true}]}}