{"id":131420,"date":"2022-07-19T20:24:37","date_gmt":"2022-07-19T18:24:37","guid":{"rendered":"https:\/\/www.claret.org\/?p=131420"},"modified":"2022-07-19T20:44:10","modified_gmt":"2022-07-19T18:44:10","slug":"nuovo-governo-di-mae-de-africa-2022-2025","status":"publish","type":"post","link":"https:\/\/www.claret.org\/it\/nuovo-governo-di-mae-de-africa-2022-2025\/","title":{"rendered":"Nuovo Governo di M\u00e3e de \u00c1frica 2022-2025"},"content":{"rendered":"\n<p class=\"has-drop-cap\"><strong>Luanda, Angola.<\/strong> Marted\u00ec 19 luglio 2022, P. Henry Omonisaye, CMF, ha annunciato ai Missionari Clarettiani della Delegazione Indipendente di M\u00e3e de \u00c1frica, attualmente riuniti a Luanda per la loro 1a Assemblea Ordinaria, la nuova squadra che guider\u00e0 la loro Delegazione per i prossimi tre anni.<\/p>\n\n\n\n<h2 class=\"has-text-align-center wp-block-heading\"><strong>Governo di M\u00e3e de \u00c1frica 2022 &#8211; 2025<\/strong><\/h2>\n\n\n\n<p class=\"has-text-align-center\">Superiore Maggiore: <strong>P. Gabriel Isaias, CMF<\/strong><\/p>\n\n\n\n<p class=\"has-text-align-center\">Consultore: <strong>P. Francisco De Assis Lopes Britto, CMF<\/strong> <\/p>\n\n\n\n<p class=\"has-text-align-center\">Consultore: <strong>P. Andr\u00e9 Kalundoke Satchiquata, CMF<\/strong><\/p>\n\n\n\n<p class=\"has-text-align-center\">Consultore &#8211; Economo: <strong>P. In\u00e1cio Kahamba, CMF<\/strong><\/p>\n","protected":false},"excerpt":{"rendered":"<p>Luanda, Angola. Marted\u00ec 19 luglio 2022, P. Henry Omonisaye, CMF, ha annunciato ai Missionari Clarettiani della Delegazione Indipendente di M\u00e3e de \u00c1frica, attualmente riuniti a Luanda per la loro 1a Assemblea Ordinaria, la nuova squadra che guider\u00e0 la loro Delegazione per i prossimi tre anni. Governo di M\u00e3e de \u00c1frica 2022 &#8211; 2025 Superiore Maggiore: [&hellip;]<\/p>\n","protected":false},"author":2,"featured_media":131414,"comment_status":"closed","ping_status":"closed","sticky":false,"template":"","format":"standard","meta":{"_et_pb_use_builder":"","_et_pb_old_content":"","_et_gb_content_width":"","footnotes":""},"categories":[127],"tags":[],"class_list":["post-131420","post","type-post","status-publish","format-standard","has-post-thumbnail","hentry","category-mae-da-africa-it"],"jetpack_featured_media_url":"https:\/\/i0.wp.com\/www.claret.org\/wp-content\/uploads\/2022\/07\/mae-africa-governo.jpg?fit=1200%2C630&ssl=1","jetpack_sharing_enabled":true,"jetpack_shortlink":"https:\/\/wp.me\/pdaBmi-ybG","jetpack_likes_enabled":true,"_links":{"self":[{"href":"https:\/\/www.claret.org\/it\/wp-json\/wp\/v2\/posts\/131420","targetHints":{"allow":["GET"]}}],"collection":[{"href":"https:\/\/www.claret.org\/it\/wp-json\/wp\/v2\/posts"}],"about":[{"href":"https:\/\/www.claret.org\/it\/wp-json\/wp\/v2\/types\/post"}],"author":[{"embeddable":true,"href":"https:\/\/www.claret.org\/it\/wp-json\/wp\/v2\/users\/2"}],"replies":[{"embeddable":true,"href":"https:\/\/www.claret.org\/it\/wp-json\/wp\/v2\/comments?post=131420"}],"version-history":[{"count":0,"href":"https:\/\/www.claret.org\/it\/wp-json\/wp\/v2\/posts\/131420\/revisions"}],"wp:featuredmedia":[{"embeddable":true,"href":"https:\/\/www.claret.org\/it\/wp-json\/wp\/v2\/media\/131414"}],"wp:attachment":[{"href":"https:\/\/www.claret.org\/it\/wp-json\/wp\/v2\/media?parent=131420"}],"wp:term":[{"taxonomy":"category","embeddable":true,"href":"https:\/\/www.claret.org\/it\/wp-json\/wp\/v2\/categories?post=131420"},{"taxonomy":"post_tag","embeddable":true,"href":"https:\/\/www.claret.org\/it\/wp-json\/wp\/v2\/tags?post=131420"}],"curies":[{"name":"wp","href":"https:\/\/api.w.org\/{rel}","templated":true}]}}