{"id":134159,"date":"2022-09-06T02:03:59","date_gmt":"2022-09-06T00:03:59","guid":{"rendered":"https:\/\/www.claret.org\/100-anni-si-approva-la-costruzione-del-tempio-al-cuore-di-maria-a-roma\/"},"modified":"2022-09-06T22:54:03","modified_gmt":"2022-09-06T20:54:03","slug":"100-anni-si-approva-la-costruzione-del-tempio-al-cuore-di-maria-a-roma","status":"publish","type":"post","link":"https:\/\/www.claret.org\/it\/100-anni-si-approva-la-costruzione-del-tempio-al-cuore-di-maria-a-roma\/","title":{"rendered":"100 anni &#8211; Si approva la costruzione del Tempio al Cuore di Maria a Roma"},"content":{"rendered":"\n<p class=\"has-drop-cap\">Nell\u2019agosto del 1922 si riun\u00ec il XII Capitolo Generale della Congregazione a Vic.  Nella sessione n. 42, del 6 settembre, si decideva quanto segue: \u201cIl Capitolo accetta l\u2019offerta fatta dal Sommo Pontefice alla Congregazione (15.000 mq nella zona Parioli di Rom)a per costruire un tempio al Cuore di Maria per i seguenti motivi: 1\u00b0 la generosit\u00e0 del Sommo Pontefice Benedetto XV; 2\u00b0 Il suo desiderio e il desiderio del successore di lui Pio XI a favore della nostra accettazione e ci incarichiamo dell\u2019opera; 3\u00b0 che la Chiesa stessa ci aiuterebbe e 4\u00b0 che questo non ci impone alcun obbligo civile ma solo morale di farlo come e quando potremo\u201d <a id=\"_ftnref1\" href=\"#_ftn1\"><strong>[1]<\/strong><\/a>. .<\/p>\n\n<p>Bisogner\u00e0 iniziare dal principio presentando un personaggio, il barone Carlo Monti, direttore generale del fondo pro culto che durante le sue frequenti visite al Papa Benedetto XV, di cui era intimo amico, gli aveva manifestato pi\u00f9 volte l\u2019idea che aveva concepito e il disegno di erigere nella citt\u00e0 di Roma un tempio votivo dedicato alla santissima Vergine, Regina della Pace. Nel 1917 la societ\u00e0 Quartiere Valle Giulia, padrona di gran parte dei terreni dei Monti Parioli, aveva deciso di offrire al Papa alcuni lotti indeterminati di terreno per edificarvi una chiesa. Tali lotti di terreni sarebbero stati determinati sempre che la Santa Sede avesse un progetto di costruzione per edificare una chiesa. La qual cosa porterebbe un beneficio alla societ\u00e0, giacch\u00e9 comporterebbe una rivalutazione dei terreni. Lo stesso barone Monti, che aveva conosciuto l\u2019architetto Brasini in quanto autore del progetto della cupola di Sant\u2019Ignazio, gli apr\u00ec le porte del Vaticano.<\/p>\n\n<div class=\"wp-block-group is-layout-flow wp-block-group-is-layout-flow\">\n<figure class=\"wp-block-gallery has-nested-images columns-default is-cropped wp-block-gallery-1 is-layout-flex wp-block-gallery-is-layout-flex\">\n<figure class=\"wp-block-image size-large\"><img data-recalc-dims=\"1\" loading=\"lazy\" decoding=\"async\" width=\"1080\" height=\"1320\" data-attachment-id=\"134083\" data-permalink=\"https:\/\/www.claret.org\/it\/100-anni-si-approva-la-costruzione-del-tempio-al-cuore-di-maria-a-roma\/arquitecto-brasini-2\/\" data-orig-file=\"https:\/\/i0.wp.com\/www.claret.org\/wp-content\/uploads\/2022\/09\/Arquitecto-Brasini.jpg?fit=1652%2C2019&amp;ssl=1\" data-orig-size=\"1652,2019\" data-comments-opened=\"0\" data-image-meta=\"{&quot;aperture&quot;:&quot;0&quot;,&quot;credit&quot;:&quot;&quot;,&quot;camera&quot;:&quot;&quot;,&quot;caption&quot;:&quot;&quot;,&quot;created_timestamp&quot;:&quot;1413642698&quot;,&quot;copyright&quot;:&quot;&quot;,&quot;focal_length&quot;:&quot;0&quot;,&quot;iso&quot;:&quot;0&quot;,&quot;shutter_speed&quot;:&quot;0&quot;,&quot;title&quot;:&quot;&quot;,&quot;orientation&quot;:&quot;1&quot;}\" data-image-title=\"Arquitecto Brasini\" data-image-description=\"\" data-image-caption=\"\" data-large-file=\"https:\/\/i0.wp.com\/www.claret.org\/wp-content\/uploads\/2022\/09\/Arquitecto-Brasini.jpg?fit=838%2C1024&amp;ssl=1\" data-id=\"134083\" src=\"https:\/\/i0.wp.com\/www.claret.org\/wp-content\/uploads\/2022\/09\/Arquitecto-Brasini.jpg?resize=1080%2C1320&#038;ssl=1\" alt=\"\" class=\"wp-image-134083\" title=\"\" srcset=\"https:\/\/www.claret.org\/wp-content\/uploads\/2022\/09\/Arquitecto-Brasini.jpg 1652w, https:\/\/www.claret.org\/wp-content\/uploads\/2022\/09\/Arquitecto-Brasini-1280x1564.jpg 1280w, https:\/\/www.claret.org\/wp-content\/uploads\/2022\/09\/Arquitecto-Brasini-980x1198.jpg 980w, https:\/\/www.claret.org\/wp-content\/uploads\/2022\/09\/Arquitecto-Brasini-480x587.jpg 480w\" sizes=\"(min-width: 0px) and (max-width: 480px) 480px, (min-width: 481px) and (max-width: 980px) 980px, (min-width: 981px) and (max-width: 1280px) 1280px, (min-width: 1281px) 1652px, 100vw\" \/><\/figure>\n\n\n\n<figure class=\"wp-block-image size-large\"><img data-recalc-dims=\"1\" loading=\"lazy\" decoding=\"async\" width=\"1080\" height=\"1779\" data-attachment-id=\"134095\" data-permalink=\"https:\/\/www.claret.org\/it\/100-anni-si-approva-la-costruzione-del-tempio-al-cuore-di-maria-a-roma\/img926-2\/\" data-orig-file=\"https:\/\/i0.wp.com\/www.claret.org\/wp-content\/uploads\/2022\/09\/img926-scaled.jpg?fit=1748%2C2880&amp;ssl=1\" data-orig-size=\"1748,2880\" data-comments-opened=\"0\" data-image-meta=\"{&quot;aperture&quot;:&quot;0&quot;,&quot;credit&quot;:&quot;&quot;,&quot;camera&quot;:&quot;&quot;,&quot;caption&quot;:&quot;&quot;,&quot;created_timestamp&quot;:&quot;0&quot;,&quot;copyright&quot;:&quot;&quot;,&quot;focal_length&quot;:&quot;0&quot;,&quot;iso&quot;:&quot;0&quot;,&quot;shutter_speed&quot;:&quot;0&quot;,&quot;title&quot;:&quot;&quot;,&quot;orientation&quot;:&quot;0&quot;}\" data-image-title=\"img926\" data-image-description=\"\" data-image-caption=\"\" data-large-file=\"https:\/\/i0.wp.com\/www.claret.org\/wp-content\/uploads\/2022\/09\/img926-scaled.jpg?fit=622%2C1024&amp;ssl=1\" data-id=\"134095\" src=\"https:\/\/i0.wp.com\/www.claret.org\/wp-content\/uploads\/2022\/09\/img926-scaled.jpg?resize=1080%2C1779&#038;ssl=1\" alt=\"\" class=\"wp-image-134095\" title=\"\" srcset=\"https:\/\/www.claret.org\/wp-content\/uploads\/2022\/09\/img926-scaled.jpg 1748w, https:\/\/www.claret.org\/wp-content\/uploads\/2022\/09\/img926-1280x2109.jpg 1280w, https:\/\/www.claret.org\/wp-content\/uploads\/2022\/09\/img926-980x1615.jpg 980w, https:\/\/www.claret.org\/wp-content\/uploads\/2022\/09\/img926-480x791.jpg 480w\" sizes=\"(min-width: 0px) and (max-width: 480px) 480px, (min-width: 481px) and (max-width: 980px) 980px, (min-width: 981px) and (max-width: 1280px) 1280px, (min-width: 1281px) 1748px, 100vw\" \/><\/figure>\n\n\n\n<figure class=\"wp-block-image size-large\"><img data-recalc-dims=\"1\" loading=\"lazy\" decoding=\"async\" width=\"1080\" height=\"1267\" data-attachment-id=\"134089\" data-permalink=\"https:\/\/www.claret.org\/it\/100-anni-si-approva-la-costruzione-del-tempio-al-cuore-di-maria-a-roma\/img927-2\/\" data-orig-file=\"https:\/\/i0.wp.com\/www.claret.org\/wp-content\/uploads\/2022\/09\/img927-scaled.jpg?fit=2455%2C2880&amp;ssl=1\" data-orig-size=\"2455,2880\" data-comments-opened=\"0\" data-image-meta=\"{&quot;aperture&quot;:&quot;0&quot;,&quot;credit&quot;:&quot;&quot;,&quot;camera&quot;:&quot;&quot;,&quot;caption&quot;:&quot;&quot;,&quot;created_timestamp&quot;:&quot;0&quot;,&quot;copyright&quot;:&quot;&quot;,&quot;focal_length&quot;:&quot;0&quot;,&quot;iso&quot;:&quot;0&quot;,&quot;shutter_speed&quot;:&quot;0&quot;,&quot;title&quot;:&quot;&quot;,&quot;orientation&quot;:&quot;0&quot;}\" data-image-title=\"img927\" data-image-description=\"\" data-image-caption=\"\" data-large-file=\"https:\/\/i0.wp.com\/www.claret.org\/wp-content\/uploads\/2022\/09\/img927-scaled.jpg?fit=873%2C1024&amp;ssl=1\" data-id=\"134089\" src=\"https:\/\/i0.wp.com\/www.claret.org\/wp-content\/uploads\/2022\/09\/img927-scaled.jpg?resize=1080%2C1267&#038;ssl=1\" alt=\"\" class=\"wp-image-134089\" title=\"\" srcset=\"https:\/\/www.claret.org\/wp-content\/uploads\/2022\/09\/img927-scaled.jpg 2455w, https:\/\/www.claret.org\/wp-content\/uploads\/2022\/09\/img927-1280x1502.jpg 1280w, https:\/\/www.claret.org\/wp-content\/uploads\/2022\/09\/img927-980x1150.jpg 980w, https:\/\/www.claret.org\/wp-content\/uploads\/2022\/09\/img927-480x563.jpg 480w\" sizes=\"(min-width: 0px) and (max-width: 480px) 480px, (min-width: 481px) and (max-width: 980px) 980px, (min-width: 981px) and (max-width: 1280px) 1280px, (min-width: 1281px) 2455px, 100vw\" \/><\/figure>\n<figcaption class=\"blocks-gallery-caption\">Armando Brasini<\/figcaption><\/figure>\n<\/div>\n\n<p>Brasini, che era intervenuto nella fondazione della societ\u00e0 <em>Quartiere Valle Giulia<\/em>, conosceva la clausola sopra indicata giacch\u00e9 l\u2019aveva fatta apporre lui stesso e prepar\u00f2 un progetto di chiesa tipo Santa Agnese di Piazza Navona, con canonica a lato.  Quando il progetto fu presentato alla presenza anche del barone Monti, dopo averlo esaminato Benedetto XV disse: \u201cVogliamo una chiesa pi\u00f9 monumentale\u201d. A ci\u00f2 rispose Brasini: Bene, Santit\u00e0. La far\u00e0 di gusto. Ma a chi la dedicheremo?\u201d. Rispose il barone Monti: Di certo alla Madonna\u201d. Benedetto aggiunse: S\u00ec, alla Madonna e ai quattro evangelisti\u201d.<\/p>\n\n<p>Concretato ormai il luogo offerto dalla compagnia, Papa Benedetto XV invi\u00f2 il cardinale Tedeschini perch\u00e9 lo esaminassero insieme al Brasini e al barone Monti. Ci\u00f2 che il Tedeschini disse al papa al vedere quel terreno fu: \u201cMi pare solo un buon pozzo per crescere rane\u201d. Di fatto era un terreno basso nel quale abbondava l\u2019erba grazie all\u2019acqua del sottosuolo. Rivedendo il Papa questi messaggi negativi non accett\u00f2 la donazione, cercando di lenire la risposta negativa dicendo che mancavano ancora fedeli in quel luogo, ci\u00f2 che era vero. Questo accadeva il 9 settembre 1918.   <\/p>\n\n<p>Sentendo questa risposta negativa alcuni della Societ\u00e0 furono dell\u2019opinione di dover offrire altri terreni meglio situati. L\u2019architetto Brasini tuttavia si oppose perch\u00e9 aveva gi\u00e0 combinato una visione panoramica che gli avrebbe consentito di far gioco col ponte flaminio, ponte che avrebbe formare un viale che giungerebbe sino a Viale Maresciallo Pilsudskj e Guidobaldo del Monte di maniera che il ponte Flaminio sarebbe unito al tempio. Da l\u00ec si aprirebbe una visione bellissima: a destra la cupola di san Pietro e a sinistra la cupola del Tempio.<\/p>\n\n<p><\/p>\n\n<figure class=\"wp-block-image size-full\"><img data-recalc-dims=\"1\" loading=\"lazy\" decoding=\"async\" width=\"1080\" height=\"764\" data-attachment-id=\"134185\" data-permalink=\"https:\/\/www.claret.org\/it\/100-anni-si-approva-la-costruzione-del-tempio-al-cuore-di-maria-a-roma\/doc08335820220906083811_001-2\/\" data-orig-file=\"https:\/\/i0.wp.com\/www.claret.org\/wp-content\/uploads\/2022\/09\/doc08335820220906083811_001-scaled.jpg?fit=2880%2C2037&amp;ssl=1\" data-orig-size=\"2880,2037\" data-comments-opened=\"0\" data-image-meta=\"{&quot;aperture&quot;:&quot;0&quot;,&quot;credit&quot;:&quot;&quot;,&quot;camera&quot;:&quot;&quot;,&quot;caption&quot;:&quot;&quot;,&quot;created_timestamp&quot;:&quot;0&quot;,&quot;copyright&quot;:&quot;&quot;,&quot;focal_length&quot;:&quot;0&quot;,&quot;iso&quot;:&quot;0&quot;,&quot;shutter_speed&quot;:&quot;0&quot;,&quot;title&quot;:&quot;&quot;,&quot;orientation&quot;:&quot;0&quot;}\" data-image-title=\"doc08335820220906083811_001\" data-image-description=\"\" data-image-caption=\"\" data-large-file=\"https:\/\/i0.wp.com\/www.claret.org\/wp-content\/uploads\/2022\/09\/doc08335820220906083811_001-scaled.jpg?fit=1024%2C724&amp;ssl=1\" src=\"https:\/\/i0.wp.com\/www.claret.org\/wp-content\/uploads\/2022\/09\/doc08335820220906083811_001-scaled.jpg?resize=1080%2C764&#038;ssl=1\" alt=\"\" class=\"wp-image-134185\" title=\"\" srcset=\"https:\/\/www.claret.org\/wp-content\/uploads\/2022\/09\/doc08335820220906083811_001-scaled.jpg 2880w, https:\/\/www.claret.org\/wp-content\/uploads\/2022\/09\/doc08335820220906083811_001-1280x905.jpg 1280w, https:\/\/www.claret.org\/wp-content\/uploads\/2022\/09\/doc08335820220906083811_001-980x693.jpg 980w, https:\/\/www.claret.org\/wp-content\/uploads\/2022\/09\/doc08335820220906083811_001-480x340.jpg 480w\" sizes=\"(min-width: 0px) and (max-width: 480px) 480px, (min-width: 481px) and (max-width: 980px) 980px, (min-width: 981px) and (max-width: 1280px) 1280px, (min-width: 1281px) 2880px, 100vw\" \/><\/figure>\n\n<p><\/p>\n\n<p>Era comunque e chiaro che quella donazione era piuttosto inadatta per costruire, ma poteva certo servire per valorizzare il terreno intorno. Brasini dunque insist\u00e9 pagando una forte somma di denano a un cameriere del Papa perch\u00e9 influisse a suo favore e proponendo in pi\u00f9 un cambiamento di titolarit\u00e0 dedicando il tempio a \u201cSan Giacomo (patronimico del Papa Giacomo della Chiesa) e i quattro evangelisti\u201d. Fu cos\u00ec he in pochi mesi, il Papa cambiava d\u2019opinione e accettava la donazione, sempre con l\u2019intenzione di costruire un tempio \u201cquando le condizioni della Santa Sede lo permetteranno\u201d. La realt\u00e0 era, per\u00f2, che il Papa non aveva alcuna intenzione, secondo l\u2019autorevole opinione del P. Maroto, di mettersi in una situazione che supponeva un enorme esborso di denaro. <\/p>\n\n<p>Padre Martino Alsina, intanto, era in visita nelle terre d\u2019America, visite che lo terranno occupato tutto l\u2019anno 1921. Da quel mondo, stando a quanto racconta padre Bestu\u00e9, invi\u00f2 uno cheque di 1.200.000 pesetas per comprare una casa e una chiesa a Roma, visto che della casa di Via Giulia avevamo solo alcune dipendenze affittuarie . In quei giorni i clarettiani avevano una lista molto grande di case che erano in vendita. Il padre Filippo Maroto invi\u00f2 in Vaticano p. Esteban Garc\u00eda per domandare se potevamo comprare una di quelle collocate tra piazza Indipendenza e Castro Pretorio. Mons. Mariani parl\u00f2 col Papa, il quale disse a Mons. Mariani che si offrisse ai clarettiani il progetto Brasini sui Parioli. Erano i primi giorni del 1922.<\/p>\n\n<p>In data 17 gennaio 1922, p. Gioacchino Bestu\u00e9, superiore della casa, scriveva al padre Generale, di ritorno dall\u2019America il 31 gennaio, e gli diceva: \u201cHanno donato al Papa grandi terreni in un quartiere modernissimo, nel quale manca ancora una chiesa. Uno di quelli che intervennero sul problema parlando con un padre, sapendo che noi stavamo cercando casa disse che potevamo noi stessi intraprendere l\u2019opera della Chiesa in quelle terre. Obiettandogli il Padre che noi in questo caso, dovevemo dedicarla al Cuore di Maria piuttosto che a San Giacomo come in conformit\u00e0 all\u2019idea del donante. Quella persona, che \u00e8 un monsignore di grandi competenze lo ha detto al Papa che rispose che per lui la questione del titolo era secondaria e che premurasse di verificare qual fosse le nostre forze e i nostri progetti\u201d.<\/p>\n\n<p>In una lettera del P Maroto del 24 gennaio questi commentava la situazione al P. Arrandiaga ed aggiungeva: \u201cCi siamo resi meglio conto di ci\u00f2 che c\u2019era e risulta che realmente il terreno \u00e8 stato offerto ed accettato dal Papa, ma legalmente non \u00e8 stato ancora trapassato; inoltre, l\u2019architetto che propose il progetto alla Santa Sede ha il diritto di dirigere l\u2019opera. Avendo parlato con lui, ha detto che naturalmente bisogna seguire il suo progetto di tempio maestoso dedicato a San Giacomo, ecc., con una spesa certa di molti milioni, tanto che non pu\u00f2 ancora prevedersi e lo stesso architetto non aspetta che cominciare ad eseguire l\u2019opera lasciando ai posteri che lo concludano e lo sviluppino. Di l\u00e0 da tutta questa grandiosit\u00e0, P. Larraona dice che conveniva andare su questo progetto, tanto non saremmo mancati di mezzi. Ora, con la morte del Papa, tutto questo rimane pi\u00f9 incerto. Io e alcuni altri persistiamo nell\u2019idea di comprare il villino di via Aurelia\u201d (vicino alla Curia dei Francescani).<\/p>\n\n<p>Pio XI chiese a Brasini di semplificare il progetto (vedi Annales 1923, p. 52) e mand\u00f2 ancora Mons. Mariani a parlare col Padre Maroto col quale parl\u00f2 anche l\u2019architetto Brasini. Allo stesso tempo, l\u2019impresa Aedes, propietaria di tutto il terreno,  cederebbe alcuni terreni alla Santa Sede, ci\u00f2 che avvenne in data 28 aprile 1922 con formale scrittura, cosa che consent\u00ec di comprare altro per completare l\u2019area.<\/p>\n\n<p>Come abbiamo detto iniziando questo articolo, il Capitolo Generale si riuniva nell\u2019agosto 1922 e prendeva la decisione di assumere l\u2019impegno, sapendo che la societ\u00e0, padrona dei terreni, aveva fatto la donazione al Papa e dato due anni di tempo per iniziare i lavori (Annales 1923, p. 49). Il giorno 9 febbraio 1923 autorizzava di titolare la chiesa al Cuore di Maria. Il 9 febbraio 1924, giorno dell\u2019Ascensione, fu posta la prima pietra<a id=\"_ftnref3\" href=\"#_ftn3\">[3]<\/a>.<\/p>\n\n<p><\/p>\n\n<figure class=\"wp-block-gallery has-nested-images columns-default is-cropped wp-block-gallery-2 is-layout-flex wp-block-gallery-is-layout-flex\">\n<figure class=\"wp-block-image size-large\"><img data-recalc-dims=\"1\" loading=\"lazy\" decoding=\"async\" width=\"1080\" height=\"746\" data-attachment-id=\"134107\" data-permalink=\"https:\/\/www.claret.org\/it\/100-anni-si-approva-la-costruzione-del-tempio-al-cuore-di-maria-a-roma\/terreno-para-la-basilica-2\/\" data-orig-file=\"https:\/\/i0.wp.com\/www.claret.org\/wp-content\/uploads\/2022\/09\/Terreno-para-la-Basilica.jpg?fit=2040%2C1410&amp;ssl=1\" data-orig-size=\"2040,1410\" data-comments-opened=\"0\" data-image-meta=\"{&quot;aperture&quot;:&quot;0&quot;,&quot;credit&quot;:&quot;&quot;,&quot;camera&quot;:&quot;&quot;,&quot;caption&quot;:&quot;&quot;,&quot;created_timestamp&quot;:&quot;1291491358&quot;,&quot;copyright&quot;:&quot;&quot;,&quot;focal_length&quot;:&quot;0&quot;,&quot;iso&quot;:&quot;0&quot;,&quot;shutter_speed&quot;:&quot;0&quot;,&quot;title&quot;:&quot;&quot;,&quot;orientation&quot;:&quot;0&quot;}\" data-image-title=\"Terreno para la Bas\u00edlica\" data-image-description=\"\" data-image-caption=\"&lt;p&gt;Terreno para la Bas\u00edlica&lt;\/p&gt;\n\" data-large-file=\"https:\/\/i0.wp.com\/www.claret.org\/wp-content\/uploads\/2022\/09\/Terreno-para-la-Basilica.jpg?fit=1024%2C708&amp;ssl=1\" data-id=\"134107\" src=\"https:\/\/i0.wp.com\/www.claret.org\/wp-content\/uploads\/2022\/09\/Terreno-para-la-Basilica.jpg?resize=1080%2C746&#038;ssl=1\" alt=\"\" class=\"wp-image-134107\" title=\"\" srcset=\"https:\/\/www.claret.org\/wp-content\/uploads\/2022\/09\/Terreno-para-la-Basilica.jpg 2040w, https:\/\/www.claret.org\/wp-content\/uploads\/2022\/09\/Terreno-para-la-Basilica-1280x885.jpg 1280w, https:\/\/www.claret.org\/wp-content\/uploads\/2022\/09\/Terreno-para-la-Basilica-980x677.jpg 980w, https:\/\/www.claret.org\/wp-content\/uploads\/2022\/09\/Terreno-para-la-Basilica-480x332.jpg 480w\" sizes=\"(min-width: 0px) and (max-width: 480px) 480px, (min-width: 481px) and (max-width: 980px) 980px, (min-width: 981px) and (max-width: 1280px) 1280px, (min-width: 1281px) 2040px, 100vw\" \/><figcaption>Trama Per La Basilica<\/figcaption><\/figure>\n\n\n\n<figure class=\"wp-block-image size-large\"><img data-recalc-dims=\"1\" loading=\"lazy\" decoding=\"async\" width=\"1080\" height=\"789\" data-attachment-id=\"134119\" data-permalink=\"https:\/\/www.claret.org\/it\/100-anni-si-approva-la-costruzione-del-tempio-al-cuore-di-maria-a-roma\/img782-2-2\/\" data-orig-file=\"https:\/\/i0.wp.com\/www.claret.org\/wp-content\/uploads\/2022\/09\/img782-1.jpg?fit=1924%2C1406&amp;ssl=1\" data-orig-size=\"1924,1406\" data-comments-opened=\"0\" data-image-meta=\"{&quot;aperture&quot;:&quot;0&quot;,&quot;credit&quot;:&quot;&quot;,&quot;camera&quot;:&quot;&quot;,&quot;caption&quot;:&quot;&quot;,&quot;created_timestamp&quot;:&quot;0&quot;,&quot;copyright&quot;:&quot;&quot;,&quot;focal_length&quot;:&quot;0&quot;,&quot;iso&quot;:&quot;0&quot;,&quot;shutter_speed&quot;:&quot;0&quot;,&quot;title&quot;:&quot;&quot;,&quot;orientation&quot;:&quot;1&quot;}\" data-image-title=\"img782\" data-image-description=\"\" data-image-caption=\"\" data-large-file=\"https:\/\/i0.wp.com\/www.claret.org\/wp-content\/uploads\/2022\/09\/img782-1.jpg?fit=1024%2C748&amp;ssl=1\" data-id=\"134119\" src=\"https:\/\/i0.wp.com\/www.claret.org\/wp-content\/uploads\/2022\/09\/img782-1.jpg?resize=1080%2C789&#038;ssl=1\" alt=\"\" class=\"wp-image-134119\" title=\"\" srcset=\"https:\/\/www.claret.org\/wp-content\/uploads\/2022\/09\/img782-1.jpg 1924w, https:\/\/www.claret.org\/wp-content\/uploads\/2022\/09\/img782-1-1280x935.jpg 1280w, https:\/\/www.claret.org\/wp-content\/uploads\/2022\/09\/img782-1-980x716.jpg 980w, https:\/\/www.claret.org\/wp-content\/uploads\/2022\/09\/img782-1-480x351.jpg 480w\" sizes=\"(min-width: 0px) and (max-width: 480px) 480px, (min-width: 481px) and (max-width: 980px) 980px, (min-width: 981px) and (max-width: 1280px) 1280px, (min-width: 1281px) 1924px, 100vw\" \/><\/figure>\n\n\n\n<figure class=\"wp-block-image size-large\"><img data-recalc-dims=\"1\" loading=\"lazy\" decoding=\"async\" width=\"1080\" height=\"864\" data-attachment-id=\"134125\" data-permalink=\"https:\/\/www.claret.org\/it\/100-anni-si-approva-la-costruzione-del-tempio-al-cuore-di-maria-a-roma\/primera-piedra2-2\/\" data-orig-file=\"https:\/\/i0.wp.com\/www.claret.org\/wp-content\/uploads\/2022\/09\/Primera-piedra2.jpg?fit=2034%2C1627&amp;ssl=1\" data-orig-size=\"2034,1627\" data-comments-opened=\"0\" data-image-meta=\"{&quot;aperture&quot;:&quot;0&quot;,&quot;credit&quot;:&quot;&quot;,&quot;camera&quot;:&quot;&quot;,&quot;caption&quot;:&quot;&quot;,&quot;created_timestamp&quot;:&quot;0&quot;,&quot;copyright&quot;:&quot;&quot;,&quot;focal_length&quot;:&quot;0&quot;,&quot;iso&quot;:&quot;0&quot;,&quot;shutter_speed&quot;:&quot;0&quot;,&quot;title&quot;:&quot;&quot;,&quot;orientation&quot;:&quot;0&quot;}\" data-image-title=\"Primera piedra2\" data-image-description=\"\" data-image-caption=\"\" data-large-file=\"https:\/\/i0.wp.com\/www.claret.org\/wp-content\/uploads\/2022\/09\/Primera-piedra2.jpg?fit=1024%2C819&amp;ssl=1\" data-id=\"134125\" src=\"https:\/\/i0.wp.com\/www.claret.org\/wp-content\/uploads\/2022\/09\/Primera-piedra2.jpg?resize=1080%2C864&#038;ssl=1\" alt=\"\" class=\"wp-image-134125\" title=\"\" srcset=\"https:\/\/www.claret.org\/wp-content\/uploads\/2022\/09\/Primera-piedra2.jpg 2034w, https:\/\/www.claret.org\/wp-content\/uploads\/2022\/09\/Primera-piedra2-1280x1024.jpg 1280w, https:\/\/www.claret.org\/wp-content\/uploads\/2022\/09\/Primera-piedra2-980x784.jpg 980w, https:\/\/www.claret.org\/wp-content\/uploads\/2022\/09\/Primera-piedra2-480x384.jpg 480w\" sizes=\"(min-width: 0px) and (max-width: 480px) 480px, (min-width: 481px) and (max-width: 980px) 980px, (min-width: 981px) and (max-width: 1280px) 1280px, (min-width: 1281px) 2034px, 100vw\" \/><\/figure>\n<\/figure>\n\n<p><\/p>\n\n<hr class=\"wp-block-separator has-alpha-channel-opacity\"\/>\n\n<p><a href=\"#_ftnref1\" id=\"_ftn1\">[1]<\/a> Quando si prende questa decisione tanto il Papa dell\u2019offerta quanto il Padre Generale che l\u2019aveva ricevuta erano deceduti poco prima. Il Papa Benedetto XV il 22 gennaio, il P. Mart\u00edn Alsina il 2 marzo del 1922.<\/p>\n\n<p><a href=\"#_ftnref2\" id=\"_ftn2\">[2]<\/a> La casa di Via Gulia fu comprata nel 1925.<\/p>\n\n<p><a href=\"#_ftnref3\" id=\"_ftn3\">[3]<\/a> Vedere anche \u201cBreves notas para a historia del Templo votivo Int.al Coraz\u00f3n de Msaria\u201d, 1954, del P. Ram\u00f3n Pujol (A.G. C-E-08-22)<\/p>\n","protected":false},"excerpt":{"rendered":"<p>Nell\u2019agosto del 1922 si riun\u00ec il XII Capitolo Generale della Congregazione a Vic. Nella sessione n. 42, del 6 settembre, si decideva quanto segue: \u201cIl Capitolo accetta l\u2019offerta fatta dal Sommo Pontefice alla Congregazione (15.000 mq nella zona Parioli di Rom)a per costruire un tempio al Cuore di Maria per i seguenti motivi: 1\u00b0 la [&hellip;]<\/p>\n","protected":false},"author":2,"featured_media":134149,"comment_status":"closed","ping_status":"closed","sticky":false,"template":"","format":"standard","meta":{"_et_pb_use_builder":"","_et_pb_old_content":"","_et_gb_content_width":"","footnotes":""},"categories":[540,519],"tags":[],"class_list":["post-134159","post","type-post","status-publish","format-standard","has-post-thumbnail","hentry","category-anniversari","category-governo-generale"],"jetpack_featured_media_url":"https:\/\/i0.wp.com\/www.claret.org\/wp-content\/uploads\/2022\/09\/img667.jpg?fit=1924%2C1465&ssl=1","jetpack_sharing_enabled":true,"jetpack_shortlink":"https:\/\/wp.me\/pdaBmi-yTR","jetpack_likes_enabled":true,"_links":{"self":[{"href":"https:\/\/www.claret.org\/it\/wp-json\/wp\/v2\/posts\/134159","targetHints":{"allow":["GET"]}}],"collection":[{"href":"https:\/\/www.claret.org\/it\/wp-json\/wp\/v2\/posts"}],"about":[{"href":"https:\/\/www.claret.org\/it\/wp-json\/wp\/v2\/types\/post"}],"author":[{"embeddable":true,"href":"https:\/\/www.claret.org\/it\/wp-json\/wp\/v2\/users\/2"}],"replies":[{"embeddable":true,"href":"https:\/\/www.claret.org\/it\/wp-json\/wp\/v2\/comments?post=134159"}],"version-history":[{"count":0,"href":"https:\/\/www.claret.org\/it\/wp-json\/wp\/v2\/posts\/134159\/revisions"}],"wp:featuredmedia":[{"embeddable":true,"href":"https:\/\/www.claret.org\/it\/wp-json\/wp\/v2\/media\/134149"}],"wp:attachment":[{"href":"https:\/\/www.claret.org\/it\/wp-json\/wp\/v2\/media?parent=134159"}],"wp:term":[{"taxonomy":"category","embeddable":true,"href":"https:\/\/www.claret.org\/it\/wp-json\/wp\/v2\/categories?post=134159"},{"taxonomy":"post_tag","embeddable":true,"href":"https:\/\/www.claret.org\/it\/wp-json\/wp\/v2\/tags?post=134159"}],"curies":[{"name":"wp","href":"https:\/\/api.w.org\/{rel}","templated":true}]}}