{"id":135710,"date":"2022-09-14T21:40:48","date_gmt":"2022-09-14T19:40:48","guid":{"rendered":"https:\/\/www.claret.org\/la-croce-del-sud\/"},"modified":"2022-09-17T11:49:03","modified_gmt":"2022-09-17T09:49:03","slug":"la-croce-del-sud","status":"publish","type":"post","link":"https:\/\/www.claret.org\/it\/la-croce-del-sud\/","title":{"rendered":"La Croce del Sud"},"content":{"rendered":"\n<blockquote class=\"wp-block-quote is-layout-flow wp-block-quote-is-layout-flow\"><p>&#8220;\u00c8 la costellazione pi\u00f9 piccola dell&#8217;<a href=\"https:\/\/www.timeanddate.com\/geography\/southern-northern-hemisphere.html\" target=\"_blank\" rel=\"noreferrer noopener nofollow\">emisfero meridionale<\/a> e permette ai naviganti e ai viaggiatori di orientare la loro rotta nel sud del mondo&#8221;.<\/p><\/blockquote>\n\n<p>La nostra giornata \u00e8 iniziata con la preghiera delle Lodi animata dai nostri fratelli di ASCLA West (Clarettiani dell&#8217;India e dello Sri Lanka). Oggi celebriamo con tutta la Chiesa la Festa dell&#8217;Esaltazione della Santa Croce, riconoscendo la Croce di Ges\u00f9 Cristo come segno di abbandono per la nostra vita missionaria. Abbiamo anche espresso la nostra gratitudine per la vita di Efren Limpo, CMF, Segretario Generale della Congregazione, che oggi festeggia 44 anni di vita.<\/p>\n\n<p>Abbiamo iniziato la terza parte del nostro incontro, in cui discuteremo e approfondiremo diversi argomenti di interesse congregazionale e conosceremo altre esperienze che sono diventate &#8220;buone pratiche&#8221; per il nostro lavoro missionario.<\/p>\n\n<p><\/p>\n\n<figure class=\"wp-block-gallery has-nested-images columns-default is-cropped wp-block-gallery-1 is-layout-flex wp-block-gallery-is-layout-flex\">\n<figure class=\"wp-block-image size-full\"><img data-recalc-dims=\"1\" loading=\"lazy\" decoding=\"async\" width=\"1080\" height=\"720\" data-attachment-id=\"135428\" data-permalink=\"https:\/\/www.claret.org\/it\/la-croce-del-sud\/img_4530-2\/\" data-orig-file=\"https:\/\/i0.wp.com\/www.claret.org\/wp-content\/uploads\/2022\/09\/IMG_4530-scaled.jpg?fit=2880%2C1920&amp;ssl=1\" data-orig-size=\"2880,1920\" data-comments-opened=\"0\" data-image-meta=\"{&quot;aperture&quot;:&quot;5.6&quot;,&quot;credit&quot;:&quot;MidhunCMF&quot;,&quot;camera&quot;:&quot;Canon EOS 1300D&quot;,&quot;caption&quot;:&quot;&quot;,&quot;created_timestamp&quot;:&quot;946702931&quot;,&quot;copyright&quot;:&quot;Photography&quot;,&quot;focal_length&quot;:&quot;154&quot;,&quot;iso&quot;:&quot;3200&quot;,&quot;shutter_speed&quot;:&quot;0.25&quot;,&quot;title&quot;:&quot;&quot;,&quot;orientation&quot;:&quot;1&quot;}\" data-image-title=\"IMG_4530\" data-image-description=\"\" data-image-caption=\"\" data-large-file=\"https:\/\/i0.wp.com\/www.claret.org\/wp-content\/uploads\/2022\/09\/IMG_4530-scaled.jpg?fit=1024%2C683&amp;ssl=1\" data-id=\"135428\" src=\"https:\/\/i0.wp.com\/www.claret.org\/wp-content\/uploads\/2022\/09\/IMG_4530-scaled.jpg?resize=1080%2C720&#038;ssl=1\" alt=\"\" class=\"wp-image-135428\" title=\"\" srcset=\"https:\/\/www.claret.org\/wp-content\/uploads\/2022\/09\/IMG_4530-scaled.jpg 2880w, https:\/\/www.claret.org\/wp-content\/uploads\/2022\/09\/IMG_4530-1280x853.jpg 1280w, https:\/\/www.claret.org\/wp-content\/uploads\/2022\/09\/IMG_4530-980x653.jpg 980w, https:\/\/www.claret.org\/wp-content\/uploads\/2022\/09\/IMG_4530-480x320.jpg 480w\" sizes=\"(min-width: 0px) and (max-width: 480px) 480px, (min-width: 481px) and (max-width: 980px) 980px, (min-width: 981px) and (max-width: 1280px) 1280px, (min-width: 1281px) 2880px, 100vw\" \/><\/figure>\n\n\n\n<figure class=\"wp-block-image size-full\"><img data-recalc-dims=\"1\" loading=\"lazy\" decoding=\"async\" width=\"1080\" height=\"720\" data-attachment-id=\"135416\" data-permalink=\"https:\/\/www.claret.org\/it\/la-croce-del-sud\/img_4515-2\/\" data-orig-file=\"https:\/\/i0.wp.com\/www.claret.org\/wp-content\/uploads\/2022\/09\/IMG_4515-scaled.jpg?fit=2880%2C1920&amp;ssl=1\" data-orig-size=\"2880,1920\" data-comments-opened=\"0\" data-image-meta=\"{&quot;aperture&quot;:&quot;5.6&quot;,&quot;credit&quot;:&quot;MidhunCMF&quot;,&quot;camera&quot;:&quot;Canon EOS 1300D&quot;,&quot;caption&quot;:&quot;&quot;,&quot;created_timestamp&quot;:&quot;946703109&quot;,&quot;copyright&quot;:&quot;Photography&quot;,&quot;focal_length&quot;:&quot;250&quot;,&quot;iso&quot;:&quot;3200&quot;,&quot;shutter_speed&quot;:&quot;0.1&quot;,&quot;title&quot;:&quot;&quot;,&quot;orientation&quot;:&quot;1&quot;}\" data-image-title=\"IMG_4515\" data-image-description=\"\" data-image-caption=\"\" data-large-file=\"https:\/\/i0.wp.com\/www.claret.org\/wp-content\/uploads\/2022\/09\/IMG_4515-scaled.jpg?fit=1024%2C683&amp;ssl=1\" data-id=\"135416\" src=\"https:\/\/i0.wp.com\/www.claret.org\/wp-content\/uploads\/2022\/09\/IMG_4515-scaled.jpg?resize=1080%2C720&#038;ssl=1\" alt=\"\" class=\"wp-image-135416\" title=\"\" srcset=\"https:\/\/www.claret.org\/wp-content\/uploads\/2022\/09\/IMG_4515-scaled.jpg 2880w, https:\/\/www.claret.org\/wp-content\/uploads\/2022\/09\/IMG_4515-1280x853.jpg 1280w, https:\/\/www.claret.org\/wp-content\/uploads\/2022\/09\/IMG_4515-980x653.jpg 980w, https:\/\/www.claret.org\/wp-content\/uploads\/2022\/09\/IMG_4515-480x320.jpg 480w\" sizes=\"(min-width: 0px) and (max-width: 480px) 480px, (min-width: 481px) and (max-width: 980px) 980px, (min-width: 981px) and (max-width: 1280px) 1280px, (min-width: 1281px) 2880px, 100vw\" \/><\/figure>\n<\/figure>\n\n<p><\/p>\n\n<p>Dopo la colazione, abbiamo iniziato il nostro dialogo con il tema della <strong>sinodalit\u00e0.<\/strong> Pedro Belderrain, CMF, Consultore e Prefetto Generale dell&#8217;Apostolato, ci ha invitato a riflettere sulla domanda:n:<\/p>\n\n<p><strong>Quali passi lo Spirito ci invita a compiere per crescere nel nostro cammino insieme?<\/strong><\/p>\n\n<p>Come dimensione costitutiva della Chiesa, la sinodalit\u00e0 presuppone <strong>uno stile con cui viviamo e agiamo ordinariamente<\/strong> e si esprime in <strong>strutture e processi ecclesiali<\/strong> in vari ambiti. In questo senso, abbiamo un cammino come comunit\u00e0 congregazionale e quindi ci ha invitato a chiederci: <\/p>\n\n<ul class=\"wp-block-list\"><li>Quali punti devono essere confermati (semi di vita)?<\/li><li>Quali sono le prospettive di cambiamento (progetti)?<\/li><li>Quali sono i passi da compiere (impegni)?<\/li><\/ul>\n\n<p>Dopo la presentazione, ci siamo scambiati idee e sfumature sulla sinodalit\u00e0.<\/p>\n\n<p>Nella seconda parte della mattinata, il dialogo ha riguardato la situazione vocazionale della Congregazione. Carlos Verga, CMF, Consultore e Prefetto Generale della Giovent\u00f9 e delle Vocazioni, ha condiviso una tabella statistica basata su un&#8217;indagine condotta su tutti gli Organismi Maggiori della Congregazione. Si \u00e8 svolto uno scambio di opinioni e sono state proposte alcune raccomandazioni per sostenere e approfondire la dimensione vocazionale nella nostra comunit\u00e0 congregazionale.<\/p>\n\n<p>Nel pomeriggio, l&#8217;Arcivescovo di Nairobi, Philip Arnold Subira Anyolo, ci ha fatto visita. Ha condiviso con noi l&#8217;Eucaristia, ci ha ringraziato per il servizio missionario della Congregazione e ci ha invitato a guardare alla Croce come fonte di gioia e speranza. Da parte nostra, lo abbiamo ringraziato per la sua presenza e la sua vicinanza fraterna.<\/p>\n\n<p><\/p>\n\n<figure class=\"wp-block-image size-full\"><img data-recalc-dims=\"1\" loading=\"lazy\" decoding=\"async\" width=\"1080\" height=\"720\" data-attachment-id=\"135392\" data-permalink=\"https:\/\/www.claret.org\/it\/la-croce-del-sud\/img_4498-2\/\" data-orig-file=\"https:\/\/i0.wp.com\/www.claret.org\/wp-content\/uploads\/2022\/09\/IMG_4498-scaled.jpg?fit=2880%2C1920&amp;ssl=1\" data-orig-size=\"2880,1920\" data-comments-opened=\"0\" data-image-meta=\"{&quot;aperture&quot;:&quot;5&quot;,&quot;credit&quot;:&quot;MidhunCMF&quot;,&quot;camera&quot;:&quot;Canon EOS 1300D&quot;,&quot;caption&quot;:&quot;&quot;,&quot;created_timestamp&quot;:&quot;946684877&quot;,&quot;copyright&quot;:&quot;Photography&quot;,&quot;focal_length&quot;:&quot;18&quot;,&quot;iso&quot;:&quot;100&quot;,&quot;shutter_speed&quot;:&quot;0.008&quot;,&quot;title&quot;:&quot;&quot;,&quot;orientation&quot;:&quot;1&quot;}\" data-image-title=\"IMG_4498\" data-image-description=\"\" data-image-caption=\"\" data-large-file=\"https:\/\/i0.wp.com\/www.claret.org\/wp-content\/uploads\/2022\/09\/IMG_4498-scaled.jpg?fit=1024%2C683&amp;ssl=1\" src=\"https:\/\/i0.wp.com\/www.claret.org\/wp-content\/uploads\/2022\/09\/IMG_4498-scaled.jpg?resize=1080%2C720&#038;ssl=1\" alt=\"\" class=\"wp-image-135392\" title=\"\" srcset=\"https:\/\/www.claret.org\/wp-content\/uploads\/2022\/09\/IMG_4498-scaled.jpg 2880w, https:\/\/www.claret.org\/wp-content\/uploads\/2022\/09\/IMG_4498-1280x853.jpg 1280w, https:\/\/www.claret.org\/wp-content\/uploads\/2022\/09\/IMG_4498-980x653.jpg 980w, https:\/\/www.claret.org\/wp-content\/uploads\/2022\/09\/IMG_4498-480x320.jpg 480w\" sizes=\"(min-width: 0px) and (max-width: 480px) 480px, (min-width: 481px) and (max-width: 980px) 980px, (min-width: 981px) and (max-width: 1280px) 1280px, (min-width: 1281px) 2880px, 100vw\" \/><\/figure>\n\n<p><\/p>\n\n<p>L&#8217;ultima sessione del pomeriggio \u00e8 stata l&#8217;occasione per condividere due &#8220;buone pratiche&#8221;. La prima \u00e8 stata quella di Josu\u00e9 Jaramillo, CMF, che ha condiviso con noi le &#8220;Assemblee Pastorali&#8221; in missione condivisa come esperienze significative nella vita e nella missione della Provincia di Colombia-Ecuador. Il secondo \u00e8 stato condiviso da Antony Bhyju, CMF, della Delegazione di Kolkata. Si tratta del progetto &#8220;Leggi la Bibbia in un anno&#8221;, un&#8217;iniziativa attuata nelle case di formazione che invita a dedicare 15 minuti al giorno alla lettura delle Sacre Scritture, seguendo l&#8217;esempio del Padre Fondatore e lo spirito dei Capitoli Generali, in particolare quello del 1991, Servi della Parola.<\/p>\n\n<p><\/p>\n\n<figure class=\"wp-block-gallery has-nested-images columns-default is-cropped wp-block-gallery-2 is-layout-flex wp-block-gallery-is-layout-flex\">\n<figure class=\"wp-block-image size-large\"><img data-recalc-dims=\"1\" loading=\"lazy\" decoding=\"async\" width=\"1080\" height=\"720\" data-attachment-id=\"135398\" data-permalink=\"https:\/\/www.claret.org\/it\/la-croce-del-sud\/img_4513-2\/\" data-orig-file=\"https:\/\/i0.wp.com\/www.claret.org\/wp-content\/uploads\/2022\/09\/IMG_4513-scaled.jpg?fit=2880%2C1920&amp;ssl=1\" data-orig-size=\"2880,1920\" data-comments-opened=\"0\" data-image-meta=\"{&quot;aperture&quot;:&quot;5&quot;,&quot;credit&quot;:&quot;MidhunCMF&quot;,&quot;camera&quot;:&quot;Canon EOS 1300D&quot;,&quot;caption&quot;:&quot;&quot;,&quot;created_timestamp&quot;:&quot;946702991&quot;,&quot;copyright&quot;:&quot;Photography&quot;,&quot;focal_length&quot;:&quot;146&quot;,&quot;iso&quot;:&quot;3200&quot;,&quot;shutter_speed&quot;:&quot;0.076923076923077&quot;,&quot;title&quot;:&quot;&quot;,&quot;orientation&quot;:&quot;1&quot;}\" data-image-title=\"IMG_4513\" data-image-description=\"\" data-image-caption=\"\" data-large-file=\"https:\/\/i0.wp.com\/www.claret.org\/wp-content\/uploads\/2022\/09\/IMG_4513-scaled.jpg?fit=1024%2C683&amp;ssl=1\" data-id=\"135398\" src=\"https:\/\/i0.wp.com\/www.claret.org\/wp-content\/uploads\/2022\/09\/IMG_4513-scaled.jpg?resize=1080%2C720&#038;ssl=1\" alt=\"\" class=\"wp-image-135398\" title=\"\" srcset=\"https:\/\/www.claret.org\/wp-content\/uploads\/2022\/09\/IMG_4513-scaled.jpg 2880w, https:\/\/www.claret.org\/wp-content\/uploads\/2022\/09\/IMG_4513-1280x853.jpg 1280w, https:\/\/www.claret.org\/wp-content\/uploads\/2022\/09\/IMG_4513-980x653.jpg 980w, https:\/\/www.claret.org\/wp-content\/uploads\/2022\/09\/IMG_4513-480x320.jpg 480w\" sizes=\"(min-width: 0px) and (max-width: 480px) 480px, (min-width: 481px) and (max-width: 980px) 980px, (min-width: 981px) and (max-width: 1280px) 1280px, (min-width: 1281px) 2880px, 100vw\" \/><\/figure>\n\n\n\n<figure class=\"wp-block-image size-large\"><img data-recalc-dims=\"1\" loading=\"lazy\" decoding=\"async\" width=\"1080\" height=\"720\" data-attachment-id=\"135404\" data-permalink=\"https:\/\/www.claret.org\/it\/la-croce-del-sud\/img_4512-2\/\" data-orig-file=\"https:\/\/i0.wp.com\/www.claret.org\/wp-content\/uploads\/2022\/09\/IMG_4512-scaled.jpg?fit=2880%2C1920&amp;ssl=1\" data-orig-size=\"2880,1920\" data-comments-opened=\"0\" data-image-meta=\"{&quot;aperture&quot;:&quot;5&quot;,&quot;credit&quot;:&quot;MidhunCMF&quot;,&quot;camera&quot;:&quot;Canon EOS 1300D&quot;,&quot;caption&quot;:&quot;&quot;,&quot;created_timestamp&quot;:&quot;946702961&quot;,&quot;copyright&quot;:&quot;Photography&quot;,&quot;focal_length&quot;:&quot;131&quot;,&quot;iso&quot;:&quot;3200&quot;,&quot;shutter_speed&quot;:&quot;0.125&quot;,&quot;title&quot;:&quot;&quot;,&quot;orientation&quot;:&quot;1&quot;}\" data-image-title=\"IMG_4512\" data-image-description=\"\" data-image-caption=\"\" data-large-file=\"https:\/\/i0.wp.com\/www.claret.org\/wp-content\/uploads\/2022\/09\/IMG_4512-scaled.jpg?fit=1024%2C683&amp;ssl=1\" data-id=\"135404\" src=\"https:\/\/i0.wp.com\/www.claret.org\/wp-content\/uploads\/2022\/09\/IMG_4512-scaled.jpg?resize=1080%2C720&#038;ssl=1\" alt=\"\" class=\"wp-image-135404\" title=\"\" srcset=\"https:\/\/www.claret.org\/wp-content\/uploads\/2022\/09\/IMG_4512-scaled.jpg 2880w, https:\/\/www.claret.org\/wp-content\/uploads\/2022\/09\/IMG_4512-1280x853.jpg 1280w, https:\/\/www.claret.org\/wp-content\/uploads\/2022\/09\/IMG_4512-980x653.jpg 980w, https:\/\/www.claret.org\/wp-content\/uploads\/2022\/09\/IMG_4512-480x320.jpg 480w\" sizes=\"(min-width: 0px) and (max-width: 480px) 480px, (min-width: 481px) and (max-width: 980px) 980px, (min-width: 981px) and (max-width: 1280px) 1280px, (min-width: 1281px) 2880px, 100vw\" \/><\/figure>\n\n\n\n<figure class=\"wp-block-image size-large\"><img data-recalc-dims=\"1\" loading=\"lazy\" decoding=\"async\" width=\"1080\" height=\"720\" data-attachment-id=\"135410\" data-permalink=\"https:\/\/www.claret.org\/it\/la-croce-del-sud\/img_4516-2\/\" data-orig-file=\"https:\/\/i0.wp.com\/www.claret.org\/wp-content\/uploads\/2022\/09\/IMG_4516-scaled.jpg?fit=2880%2C1920&amp;ssl=1\" data-orig-size=\"2880,1920\" data-comments-opened=\"0\" data-image-meta=\"{&quot;aperture&quot;:&quot;5.6&quot;,&quot;credit&quot;:&quot;MidhunCMF&quot;,&quot;camera&quot;:&quot;Canon EOS 1300D&quot;,&quot;caption&quot;:&quot;&quot;,&quot;created_timestamp&quot;:&quot;946702825&quot;,&quot;copyright&quot;:&quot;Photography&quot;,&quot;focal_length&quot;:&quot;163&quot;,&quot;iso&quot;:&quot;3200&quot;,&quot;shutter_speed&quot;:&quot;0.16666666666667&quot;,&quot;title&quot;:&quot;&quot;,&quot;orientation&quot;:&quot;1&quot;}\" data-image-title=\"IMG_4516\" data-image-description=\"\" data-image-caption=\"\" data-large-file=\"https:\/\/i0.wp.com\/www.claret.org\/wp-content\/uploads\/2022\/09\/IMG_4516-scaled.jpg?fit=1024%2C683&amp;ssl=1\" data-id=\"135410\" src=\"https:\/\/i0.wp.com\/www.claret.org\/wp-content\/uploads\/2022\/09\/IMG_4516-scaled.jpg?resize=1080%2C720&#038;ssl=1\" alt=\"\" class=\"wp-image-135410\" title=\"\" srcset=\"https:\/\/www.claret.org\/wp-content\/uploads\/2022\/09\/IMG_4516-scaled.jpg 2880w, https:\/\/www.claret.org\/wp-content\/uploads\/2022\/09\/IMG_4516-1280x853.jpg 1280w, https:\/\/www.claret.org\/wp-content\/uploads\/2022\/09\/IMG_4516-980x653.jpg 980w, https:\/\/www.claret.org\/wp-content\/uploads\/2022\/09\/IMG_4516-480x320.jpg 480w\" sizes=\"(min-width: 0px) and (max-width: 480px) 480px, (min-width: 481px) and (max-width: 980px) 980px, (min-width: 981px) and (max-width: 1280px) 1280px, (min-width: 1281px) 2880px, 100vw\" \/><\/figure>\n<\/figure>\n\n<p><\/p>\n\n<p>Ringraziamo per quanto \u00e8 stato condiviso durante questa giornata. Mario David Gutierrez, CMF, cronista della giornata<\/p>\n\n<p><\/p>\n\n<p><em>Mario David Gutierrez, CMF, cronista della giornata<\/em><\/p>\n\n<p><\/p>\n","protected":false},"excerpt":{"rendered":"<p>&#8220;\u00c8 la costellazione pi\u00f9 piccola dell&#8217;emisfero meridionale e permette ai naviganti e ai viaggiatori di orientare la loro rotta nel sud del mondo&#8221;. La nostra giornata \u00e8 iniziata con la preghiera delle Lodi animata dai nostri fratelli di ASCLA West (Clarettiani dell&#8217;India e dello Sri Lanka). Oggi celebriamo con tutta la Chiesa la Festa dell&#8217;Esaltazione [&hellip;]<\/p>\n","protected":false},"author":2,"featured_media":135422,"comment_status":"closed","ping_status":"closed","sticky":false,"template":"","format":"standard","meta":{"_et_pb_use_builder":"","_et_pb_old_content":"","_et_gb_content_width":"","footnotes":""},"categories":[4918],"tags":[],"class_list":["post-135710","post","type-post","status-publish","format-standard","has-post-thumbnail","hentry","category-nairobi-2022-it"],"jetpack_featured_media_url":"https:\/\/i0.wp.com\/www.claret.org\/wp-content\/uploads\/2022\/09\/IMG_3806-scaled.jpg?fit=2880%2C1920&ssl=1","jetpack_sharing_enabled":true,"jetpack_shortlink":"https:\/\/wp.me\/pdaBmi-ziS","jetpack_likes_enabled":true,"_links":{"self":[{"href":"https:\/\/www.claret.org\/it\/wp-json\/wp\/v2\/posts\/135710","targetHints":{"allow":["GET"]}}],"collection":[{"href":"https:\/\/www.claret.org\/it\/wp-json\/wp\/v2\/posts"}],"about":[{"href":"https:\/\/www.claret.org\/it\/wp-json\/wp\/v2\/types\/post"}],"author":[{"embeddable":true,"href":"https:\/\/www.claret.org\/it\/wp-json\/wp\/v2\/users\/2"}],"replies":[{"embeddable":true,"href":"https:\/\/www.claret.org\/it\/wp-json\/wp\/v2\/comments?post=135710"}],"version-history":[{"count":0,"href":"https:\/\/www.claret.org\/it\/wp-json\/wp\/v2\/posts\/135710\/revisions"}],"wp:featuredmedia":[{"embeddable":true,"href":"https:\/\/www.claret.org\/it\/wp-json\/wp\/v2\/media\/135422"}],"wp:attachment":[{"href":"https:\/\/www.claret.org\/it\/wp-json\/wp\/v2\/media?parent=135710"}],"wp:term":[{"taxonomy":"category","embeddable":true,"href":"https:\/\/www.claret.org\/it\/wp-json\/wp\/v2\/categories?post=135710"},{"taxonomy":"post_tag","embeddable":true,"href":"https:\/\/www.claret.org\/it\/wp-json\/wp\/v2\/tags?post=135710"}],"curies":[{"name":"wp","href":"https:\/\/api.w.org\/{rel}","templated":true}]}}