{"id":137224,"date":"2022-10-31T12:03:00","date_gmt":"2022-10-31T11:03:00","guid":{"rendered":"https:\/\/www.claret.org\/?p=137224"},"modified":"2022-10-31T10:49:42","modified_gmt":"2022-10-31T09:49:42","slug":"papa-francesco-nomina-fernando-prado-ayuso-cmf-nuovo-vescovo-di-san-sebastian","status":"publish","type":"post","link":"https:\/\/www.claret.org\/it\/papa-francesco-nomina-fernando-prado-ayuso-cmf-nuovo-vescovo-di-san-sebastian\/","title":{"rendered":"Papa Francesco nomina Fernando Prado Ayuso, CMF, nuovo vescovo di San Sebastian"},"content":{"rendered":"\n<p class=\"has-drop-cap\"><strong>Citt\u00e0 del Vaticano.<\/strong> La Santa Sede ha comunicato tramite il Bollettino delle ore 12.00 di oggi, luned\u00ec 31 ottobre 2022, che Papa Francesco ha nominato il religioso clarettiano Fernando Prado Ayuso, CMF, Vescovo di San Sebastian. La Nunziatura Apostolica lo ha comunicato anche alla Conferenza Episcopale Spagnola e lo ha pubblicato sulla sua pagina web.<\/p>\n\n<p>Se Dio vuole, il 17 dicembre avr\u00e0 luogo la sua ordinazione episcopale nella Cattedrale del Buon Pastore della diocesi, iniziando cos\u00ec il suo ministero di prelato nella sede di San Sebastian. Dunque, noi missionari clarettiani vogliamo affidare il nuovo incarico del nostro fratello Fernando nelle mani della Madre e del suo Cuore Immacolato, fucina di missionari, di Sant&#8217;Antonio Maria Claret, fondatore e vescovo missionario, e dei nostri numerosi martiri clarettiani, profeti della gioia e del perdono.<\/p>\n\n<h2 class=\"wp-block-heading\">Missionario e sacerdote clarettiano<\/h2>\n\n<p>Fernando Prado Ayuso (Bilbao, 1969) \u00e8 nato in una famiglia cristiana, essendo il terzo di tre fratelli. La sua formazione pre-universitaria \u00e8 stata accompagnata dai Padri Agostiniani nella Scuola Andr\u00e9s de Urdaneta (Loiu-Bizkaia). Durante l&#8217;adolescenza e la giovinezza ha conosciuto la Congregazione dei Missionari Clarettiani nella parrocchia della sua citt\u00e0, Las Arenas (Getxo). Insieme a loro scopre la sua vocazione e matura la fede che i suoi genitori, Ramiro (+) e Gloria, avevano seminato in famiglia. Prima di iniziare il Noviziato, all&#8217;et\u00e0 di 22 anni, si \u00e8 laureato in Scienze dell&#8217;Informazione (Giornalismo) presso l&#8217;Universit\u00e0 dei Paesi Baschi. Ha emesso la prima professione a Vitoria il 27 agosto 1994.&#13;\n<\/p>\n\n<p>Gli anni di formazione teologica, clarettiana e sacerdotale sono stati svolti nel Teologato clarettiano di Bilbao, dove ha ottenuto la Licenza in Studi Ecclesiastici (baccalaureatus) presso l&#8217;Universit\u00e0 di Deusto, gestita dalla Compagnia di Ges\u00f9. In quegli anni ha affiancato alla formazione lo studio della lingua basca, oltre a collaborare strettamente alla pastorale giovanile dei centri clarettiani e a un lavoro incentrato sullo sviluppo e la promozione umana degli emarginati.<\/p>\n\n<p>Conclusi gli studi teologico-sacerdotali ed emessa la professione perpetua il 27 settembre 1998, \u00e8 stato assegnato a Donostia-San Sebasti\u00e1n, dove si \u00e8 unito all&#8217;\u00e9quipe educativo-parrocchiale di Mariaren Bihotza Ikastola-Parrokia. L\u00ec \u00e8 stato insegnante di Educazione primaria e secondaria, oltre che coadiutore della parrocchia. \u00c8 stato ordinato il 7 maggio 2000 dal vescovo Juan Mar\u00eda Uriarte, titolare della diocesi, che gli ha affidato il coordinamento della pastorale giovanile nell&#8217;unit\u00e0 pastorale del quartiere Gros. Dopo alcuni anni di intenso insegnamento e di lavoro pastorale, soprattutto nei confronti dei bambini e dei giovani, l&#8217;allora Superiore Generale della Congregazione, P. Aquilino Bocos Merino, CMF, oggi membro del Collegio Cardinalizio, lo ha destinato a Madrid per entrare nella comunit\u00e0 generale del Buen Suceso, dedicata principalmente al servizio della vita consacrata. Gi\u00e0 incorporato in quella comunit\u00e0, nel 2003 ha conseguito un Master in Editoria (Universit\u00e0 di Salamanca in collaborazione con il Grupo Santillana), ricevendo poi l&#8217;incarico di dirigere la casa editrice Publicaciones Claretianas, compito che svolge da allora e che attualmente affianca all&#8217;insegnamento, essendo professore ordinario di &#8220;Teologia della missione&#8221; nel Biennio Teologico dell&#8217;Istituto Teologico di Vita Religiosa di Madrid, dal 2012. Insegna anche le materie &#8220;Media&#8221; e &#8220;Teologia della missione&#8221; nel Noviziato e in altri programmi formativi della Scuola Regina Apostolorum (ITVR-ERA). Nel 2012 ha discusso la tesi di licenza in Teologia della vita religiosa dal titolo &#8220;Il ministero ordinato dei religiosi nella Chiesa&#8221;, ottenendo il titolo corrispondente (ITVR-Univ. Pontificia de Salamanca).<\/p>\n\n<p>D&#8217;altra parte, da anni dedica il suo tempo estivo a un intenso servizio pastorale in parrocchie prevalentemente ispaniche negli Stati Uniti (Los Angeles, CA e Chicago, IL). Durante il resto dell&#8217;anno, collabora come sacerdote volontario nella Chiesa di San Ant\u00f3n a Madrid (Mensajeros de la Paz) ed \u00e8 cappellano della comunit\u00e0 delle Religiosas Misioneras Concepcionistas de la Ense\u00f1anza, (Princesa).<\/p>\n\n<p>&#13;\nCome giornalista collabora regolarmente con diversi media, tra cui il programma La Linterna de la Iglesia, su Cadena COPE e Trece TV. Come autore ha pubblicato molti articoli specialistici e diversi libri, tra cui il libro-intervista con Papa Francesco, <em>La fuerza de la vocaci\u00f3<\/em>n, tradotto in diciassette lingue e pubblicato da ventidue editori internazionali. Il suo ultimo libro-intervista con il card. Rodriguez Maradiaga \u00e8 stato pubblicato con il titolo &#8220;<em>Praedicatem Evangelium<\/em>&#8220;, una nuova curia per un nuovo tempo.<\/p>\n\n<p><\/p>\n\n<p><em>Ignacio Virgillito (Ufficio comunicazioni &#8211; Provincia di Santiago)<\/em><\/p>\n","protected":false},"excerpt":{"rendered":"<p>Citt\u00e0 del Vaticano. La Santa Sede ha comunicato tramite il Bollettino delle ore 12.00 di oggi, luned\u00ec 31 ottobre 2022, che Papa Francesco ha nominato il religioso clarettiano Fernando Prado Ayuso, CMF, Vescovo di San Sebastian. La Nunziatura Apostolica lo ha comunicato anche alla Conferenza Episcopale Spagnola e lo ha pubblicato sulla sua pagina web. [&hellip;]<\/p>\n","protected":false},"author":2,"featured_media":137218,"comment_status":"closed","ping_status":"closed","sticky":false,"template":"","format":"standard","meta":{"_et_pb_use_builder":"","_et_pb_old_content":"","_et_gb_content_width":"","footnotes":""},"categories":[567,506],"tags":[],"class_list":["post-137224","post","type-post","status-publish","format-standard","has-post-thumbnail","hentry","category-cardinali-e-vescovi","category-notizie-ecclesiastiche"],"jetpack_featured_media_url":"https:\/\/i0.wp.com\/www.claret.org\/wp-content\/uploads\/2022\/10\/Fernando-Prado-Ayuso-CMF.jpeg?fit=1600%2C1137&ssl=1","jetpack_sharing_enabled":true,"jetpack_shortlink":"https:\/\/wp.me\/pdaBmi-zHi","jetpack_likes_enabled":true,"_links":{"self":[{"href":"https:\/\/www.claret.org\/it\/wp-json\/wp\/v2\/posts\/137224","targetHints":{"allow":["GET"]}}],"collection":[{"href":"https:\/\/www.claret.org\/it\/wp-json\/wp\/v2\/posts"}],"about":[{"href":"https:\/\/www.claret.org\/it\/wp-json\/wp\/v2\/types\/post"}],"author":[{"embeddable":true,"href":"https:\/\/www.claret.org\/it\/wp-json\/wp\/v2\/users\/2"}],"replies":[{"embeddable":true,"href":"https:\/\/www.claret.org\/it\/wp-json\/wp\/v2\/comments?post=137224"}],"version-history":[{"count":0,"href":"https:\/\/www.claret.org\/it\/wp-json\/wp\/v2\/posts\/137224\/revisions"}],"wp:featuredmedia":[{"embeddable":true,"href":"https:\/\/www.claret.org\/it\/wp-json\/wp\/v2\/media\/137218"}],"wp:attachment":[{"href":"https:\/\/www.claret.org\/it\/wp-json\/wp\/v2\/media?parent=137224"}],"wp:term":[{"taxonomy":"category","embeddable":true,"href":"https:\/\/www.claret.org\/it\/wp-json\/wp\/v2\/categories?post=137224"},{"taxonomy":"post_tag","embeddable":true,"href":"https:\/\/www.claret.org\/it\/wp-json\/wp\/v2\/tags?post=137224"}],"curies":[{"name":"wp","href":"https:\/\/api.w.org\/{rel}","templated":true}]}}