{"id":137441,"date":"2022-11-06T21:54:58","date_gmt":"2022-11-06T20:54:58","guid":{"rendered":"https:\/\/www.claret.org\/?p=137441"},"modified":"2022-11-06T22:20:16","modified_gmt":"2022-11-06T21:20:16","slug":"un-clarettiano-ispira-un-romanzo","status":"publish","type":"post","link":"https:\/\/www.claret.org\/it\/un-clarettiano-ispira-un-romanzo\/","title":{"rendered":"Un Clarettiano ispira un romanzo"},"content":{"rendered":"\n<p class=\"has-drop-cap\">\u00c8 stato pubblicato questo ottobre il romanzo del colombiano H\u00e9ctor Abad, autore di romanzi molto noti come &#8220;<em>El olvido que seremos<\/em>&#8220;. Il titolo di questo ultimo romanzo \u00e8 &#8220;<em>Salvo mi coraz\u00f3n, todo est\u00e1 bien<\/em>&#8220;. Un romanzo sui preti scritto da un romanziere per nulla religioso. Si tratta di un sacerdote, Luis C\u00f3rdoba, molto malato di cuore, che scopre il fascino della vita familiare grazie a due donne che si prendono cura di lui in attesa di un donatore. <\/p>\n\n<p>Abbiamo voluto rendere nota questa pubblicazione perch\u00e9 il romanzo \u00e8 ispirato alla vita del missionario clarettiano Luis Alberto \u00c1lvarez, molto conosciuto in Colombia e in tutta l&#8217;America Latina per la sua competenza in varie arti come il cinema, la musica, ecc. Ascoltiamo l&#8217;autore:<\/p>\n\n<blockquote class=\"wp-block-quote is-layout-flow wp-block-quote-is-layout-flow\">\n<p>&#8220;Il romanzo \u00e8 ispirato alla vita e all&#8217;opera di Luis Alberto \u00c1lvarez, un magnifico sacerdote a cui noi della mia generazione, a Medell\u00edn, dobbiamo molto. Ci ha insegnato a vedere il cinema con occhi attenti, critici e generosi allo stesso tempo. Ci ha aiutato ad approfondire la musica classica, per me la pi\u00f9 sublime che esista, e in particolare l&#8217;opera di Mozart, che lui adorava. Luis Alberto aveva due amori profondi, il cinema e l&#8217;opera, ed era cos\u00ec entusiasta e sincero in queste passioni artistiche che ha trasmesso a molti di noi lo stesso amore per la bellezza che c&#8217;\u00e8 nel cinema e nella musica. Ero un buon amico di Luis Alberto, ma altre persone erano molto pi\u00f9 amiche di me; quindi, ho potuto scrivere il libro grazie a ci\u00f2 che mi hanno raccontato le persone pi\u00f9 vicine a lui: familiari, altri sacerdoti, amici e amici molto stretti che mi hanno aiutato con i loro ricordi di Gordo. Naturalmente, c&#8217;\u00e8 stato un momento in cui non volevo parlare con nessun altro (ogni giorno comparivano sempre pi\u00f9 amici di Luis Alberto, che era una persona molto cara) perch\u00e9 altrimenti il libro sarebbe diventato una biografia, e non il romanzo che volevo scrivere. Alla fine, non ho voluto sapere altro di lui, per poter immaginare meglio il personaggio, che non \u00e8 esattamente Luis Alberto \u00c1lvarez, ma Luis C\u00f3rdoba, un sacerdote simile a lui per molti aspetti, ma molto diverso per altri. Forse ci\u00f2 che era pi\u00f9 diverso dal suo modello \u00e8 il punto in cui ci\u00f2 che sono, o che immagino, si interseca maggiormente. L&#8217;autofiction non \u00e8 un genere ma un destino per chiunque scriva romanzi&#8221;.<\/p>\n<cite>Hector Abad<\/cite><\/blockquote>\n\n<p>Due anni fa \u00e8 stato ripubblicato in tre volumi il suo libro &#8220;<em>P\u00e1ginas de Cine<\/em>&#8220;, una selezione di articoli che Luis Alberto ha scritto su diversi giornali colombiani tra il 1976 e il 1995 e che non era pi\u00f9 stato pubblicato dal 1998. <\/p>\n\n<p><\/p>\n\n<figure class=\"wp-block-image size-full\"><img data-recalc-dims=\"1\" loading=\"lazy\" decoding=\"async\" width=\"1080\" height=\"608\" src=\"https:\/\/i0.wp.com\/www.claret.org\/wp-content\/uploads\/2022\/11\/IMG20221103171001-scaled.jpg?resize=1080%2C608&#038;ssl=1\" alt=\"\" class=\"wp-image-137446\" title=\"\" srcset=\"https:\/\/www.claret.org\/wp-content\/uploads\/2022\/11\/IMG20221103171001-scaled.jpg 2560w, https:\/\/www.claret.org\/wp-content\/uploads\/2022\/11\/IMG20221103171001-1280x720.jpg 1280w, https:\/\/www.claret.org\/wp-content\/uploads\/2022\/11\/IMG20221103171001-980x551.jpg 980w, https:\/\/www.claret.org\/wp-content\/uploads\/2022\/11\/IMG20221103171001-480x270.jpg 480w\" sizes=\"(min-width: 0px) and (max-width: 480px) 480px, (min-width: 481px) and (max-width: 980px) 980px, (min-width: 981px) and (max-width: 1280px) 1280px, (min-width: 1281px) 2560px, 100vw\" \/><\/figure>\n\n<p><\/p>\n\n<figure class=\"wp-block-gallery has-nested-images columns-default is-cropped wp-block-gallery-1 is-layout-flex wp-block-gallery-is-layout-flex\">\n<figure class=\"wp-block-image size-large\"><img data-recalc-dims=\"1\" loading=\"lazy\" decoding=\"async\" width=\"1080\" height=\"903\" data-id=\"137458\" src=\"https:\/\/i0.wp.com\/www.claret.org\/wp-content\/uploads\/2022\/11\/luis-alberto-alvarez-peliculas.jpg?resize=1080%2C903&#038;ssl=1\" alt=\"\" class=\"wp-image-137458\" title=\"\" srcset=\"https:\/\/www.claret.org\/wp-content\/uploads\/2022\/11\/luis-alberto-alvarez-peliculas.jpg 2031w, https:\/\/www.claret.org\/wp-content\/uploads\/2022\/11\/luis-alberto-alvarez-peliculas-1280x1071.jpg 1280w, https:\/\/www.claret.org\/wp-content\/uploads\/2022\/11\/luis-alberto-alvarez-peliculas-980x820.jpg 980w, https:\/\/www.claret.org\/wp-content\/uploads\/2022\/11\/luis-alberto-alvarez-peliculas-480x402.jpg 480w\" sizes=\"(min-width: 0px) and (max-width: 480px) 480px, (min-width: 481px) and (max-width: 980px) 980px, (min-width: 981px) and (max-width: 1280px) 1280px, (min-width: 1281px) 2031px, 100vw\" \/><\/figure>\n\n\n\n<figure class=\"wp-block-image size-large\"><img data-recalc-dims=\"1\" loading=\"lazy\" decoding=\"async\" width=\"1080\" height=\"1920\" data-id=\"137464\" src=\"https:\/\/i0.wp.com\/www.claret.org\/wp-content\/uploads\/2022\/11\/IMG20221103171423-scaled.jpg?resize=1080%2C1920&#038;ssl=1\" alt=\"\" class=\"wp-image-137464\" title=\"\" srcset=\"https:\/\/www.claret.org\/wp-content\/uploads\/2022\/11\/IMG20221103171423-scaled.jpg 1440w, https:\/\/www.claret.org\/wp-content\/uploads\/2022\/11\/IMG20221103171423-1280x2276.jpg 1280w, https:\/\/www.claret.org\/wp-content\/uploads\/2022\/11\/IMG20221103171423-980x1742.jpg 980w, https:\/\/www.claret.org\/wp-content\/uploads\/2022\/11\/IMG20221103171423-480x853.jpg 480w\" sizes=\"(min-width: 0px) and (max-width: 480px) 480px, (min-width: 481px) and (max-width: 980px) 980px, (min-width: 981px) and (max-width: 1280px) 1280px, (min-width: 1281px) 1440px, 100vw\" \/><\/figure>\n\n\n\n<figure class=\"wp-block-image size-large\"><img data-recalc-dims=\"1\" loading=\"lazy\" decoding=\"async\" width=\"1080\" height=\"991\" data-id=\"137470\" src=\"https:\/\/i0.wp.com\/www.claret.org\/wp-content\/uploads\/2022\/11\/luis-alberto-alvarez-con-personajes.jpg?resize=1080%2C991&#038;ssl=1\" alt=\"\" class=\"wp-image-137470\" title=\"\" srcset=\"https:\/\/www.claret.org\/wp-content\/uploads\/2022\/11\/luis-alberto-alvarez-con-personajes.jpg 1989w, https:\/\/www.claret.org\/wp-content\/uploads\/2022\/11\/luis-alberto-alvarez-con-personajes-1280x1174.jpg 1280w, https:\/\/www.claret.org\/wp-content\/uploads\/2022\/11\/luis-alberto-alvarez-con-personajes-980x899.jpg 980w, https:\/\/www.claret.org\/wp-content\/uploads\/2022\/11\/luis-alberto-alvarez-con-personajes-480x440.jpg 480w\" sizes=\"(min-width: 0px) and (max-width: 480px) 480px, (min-width: 481px) and (max-width: 980px) 980px, (min-width: 981px) and (max-width: 1280px) 1280px, (min-width: 1281px) 1989px, 100vw\" \/><\/figure>\n<\/figure>\n\n<p><\/p>\n\n<p>Luis Alberto ha completato gli studi teologici al Claretianum di Roma e l\u00ec \u00e8 stato ordinato sacerdote il 20 giugno 1970. \u00c8 a Roma che si risveglia la sua passione per il cinema. Frequenta il cineforum del gesuita P. Taddey, riservato a sacerdoti e religiosi, e l\u00ec conosce il neorealismo italiano. Ha conosciuto gli studi di Cinecitt\u00e0 durante le riprese di Medea di Pasolini. Questa passione non lo avrebbe mai pi\u00f9 abbandonato. Ha incontrato Elkin Obreg\u00f3n, H\u00e9ctor Abad Faciolince, Carlos Gaviria D\u00edaz. Ha ricevuto il premio Mundo de Oro dal quotidiano El Mundo di Medell\u00edn e il premio Honoris Causa in Comunicazione Sociale e Giornalismo dall&#8217;Universit\u00e0 di Antioquia. <\/p>\n\n<p>Un bel romanzo ispirato a Luis Alberto \u00c1lvarez, un nostro grande fratello, morto giovane, a 53 anni, nel 1996, in attesa di un trapianto di cuore.<\/p>\n","protected":false},"excerpt":{"rendered":"<p>\u00c8 stato pubblicato questo ottobre il romanzo del colombiano H\u00e9ctor Abad, autore di romanzi molto noti come &#8220;El olvido que seremos&#8220;. Il titolo di questo ultimo romanzo \u00e8 &#8220;Salvo mi coraz\u00f3n, todo est\u00e1 bien&#8220;. Un romanzo sui preti scritto da un romanziere per nulla religioso. Si tratta di un sacerdote, Luis C\u00f3rdoba, molto malato di [&hellip;]<\/p>\n","protected":false},"author":2,"featured_media":137455,"comment_status":"closed","ping_status":"closed","sticky":false,"template":"","format":"standard","meta":{"_et_pb_use_builder":"","_et_pb_old_content":"","_et_gb_content_width":"","footnotes":""},"categories":[4767,1144,4399],"tags":[],"class_list":["post-137441","post","type-post","status-publish","format-standard","has-post-thumbnail","hentry","category-arte-it","category-clarettiani-oggi","category-comunicazione"],"jetpack_featured_media_url":"https:\/\/i0.wp.com\/www.claret.org\/wp-content\/uploads\/2022\/11\/Luis-Alberto-Alvarez-scaled.jpg?fit=2560%2C1440&ssl=1","jetpack_sharing_enabled":true,"jetpack_shortlink":"https:\/\/wp.me\/pdaBmi-zKN","jetpack_likes_enabled":true,"_links":{"self":[{"href":"https:\/\/www.claret.org\/it\/wp-json\/wp\/v2\/posts\/137441","targetHints":{"allow":["GET"]}}],"collection":[{"href":"https:\/\/www.claret.org\/it\/wp-json\/wp\/v2\/posts"}],"about":[{"href":"https:\/\/www.claret.org\/it\/wp-json\/wp\/v2\/types\/post"}],"author":[{"embeddable":true,"href":"https:\/\/www.claret.org\/it\/wp-json\/wp\/v2\/users\/2"}],"replies":[{"embeddable":true,"href":"https:\/\/www.claret.org\/it\/wp-json\/wp\/v2\/comments?post=137441"}],"version-history":[{"count":0,"href":"https:\/\/www.claret.org\/it\/wp-json\/wp\/v2\/posts\/137441\/revisions"}],"wp:featuredmedia":[{"embeddable":true,"href":"https:\/\/www.claret.org\/it\/wp-json\/wp\/v2\/media\/137455"}],"wp:attachment":[{"href":"https:\/\/www.claret.org\/it\/wp-json\/wp\/v2\/media?parent=137441"}],"wp:term":[{"taxonomy":"category","embeddable":true,"href":"https:\/\/www.claret.org\/it\/wp-json\/wp\/v2\/categories?post=137441"},{"taxonomy":"post_tag","embeddable":true,"href":"https:\/\/www.claret.org\/it\/wp-json\/wp\/v2\/tags?post=137441"}],"curies":[{"name":"wp","href":"https:\/\/api.w.org\/{rel}","templated":true}]}}