{"id":15296,"date":"2018-03-05T18:42:10","date_gmt":"2018-03-05T16:42:10","guid":{"rendered":"https:\/\/www.claret.org\/difesa-della-tesi-dottorale-missioni-popolari-del-claret\/"},"modified":"2018-03-05T18:42:10","modified_gmt":"2018-03-05T16:42:10","slug":"difesa-della-tesi-dottorale-missioni-popolari-del-claret","status":"publish","type":"post","link":"https:\/\/www.claret.org\/it\/difesa-della-tesi-dottorale-missioni-popolari-del-claret\/","title":{"rendered":"Difesa della Tesi Dottorale: Missioni Popolari del Claret"},"content":{"rendered":"<p><strong><img data-recalc-dims=\"1\" loading=\"lazy\" decoding=\"async\" data-attachment-id=\"15291\" data-permalink=\"https:\/\/www.claret.org\/it\/difesa-della-tesi-dottorale-missioni-popolari-del-claret\/con-director-2\/\" data-orig-file=\"https:\/\/i0.wp.com\/www.claret.org\/wp-content\/uploads\/2018\/03\/con-director.jpg?fit=690%2C1021&amp;ssl=1\" data-orig-size=\"690,1021\" data-comments-opened=\"1\" data-image-meta=\"{&quot;aperture&quot;:&quot;0&quot;,&quot;credit&quot;:&quot;&quot;,&quot;camera&quot;:&quot;&quot;,&quot;caption&quot;:&quot;&quot;,&quot;created_timestamp&quot;:&quot;0&quot;,&quot;copyright&quot;:&quot;&quot;,&quot;focal_length&quot;:&quot;0&quot;,&quot;iso&quot;:&quot;0&quot;,&quot;shutter_speed&quot;:&quot;0&quot;,&quot;title&quot;:&quot;&quot;,&quot;orientation&quot;:&quot;0&quot;}\" data-image-title=\"con-director\" data-image-description=\"\" data-image-caption=\"\" data-large-file=\"https:\/\/i0.wp.com\/www.claret.org\/wp-content\/uploads\/2018\/03\/con-director.jpg?fit=690%2C1021&amp;ssl=1\" class=\"alignleft wp-image-15291\" src=\"https:\/\/i0.wp.com\/www.claret.org\/wp-content\/uploads\/2018\/03\/con-director.jpg?resize=346%2C512&#038;ssl=1\" alt=\"\" width=\"346\" height=\"512\" title=\"\" srcset=\"https:\/\/i0.wp.com\/www.claret.org\/wp-content\/uploads\/2018\/03\/con-director.jpg?w=690&amp;ssl=1 690w, https:\/\/i0.wp.com\/www.claret.org\/wp-content\/uploads\/2018\/03\/con-director.jpg?resize=203%2C300&amp;ssl=1 203w\" sizes=\"(max-width: 346px) 100vw, 346px\" \/><\/strong><\/p>\n<p><strong>Madrid, Spagna. <\/strong> Alle ore 12.00 di luned\u00ec 5 marzo 2018, si \u00e8 svolta la difesa della tesi di dottorato del P. Carlos Enrique S\u00e1nchez Miranda, CMF, direttore del CESC, nell&#8217;auditorium del Campus Cantoblanco dell\u2019 Universit\u00e0  Pontificia Comillas, a Madrid. Il tribunale era presieduto dal Dott. Pedro Ferm\u00edn \u00c1lvarez L\u00e1zaro e i suoi membri erano: Dr. D\u00aa. Mar\u00eda Jes\u00fas Fern\u00e1ndez Cordero, Dott. Francisco Jos\u00e9 L\u00f3pez S\u00e1ez, il Direttore della Tesi ed il Dott. Eduard L\u00f3pez Hortelano, che ha ricoperto il ruolo di Segretario.<\/p>\n<p>La tesi, diretta dal Dr. D. Alfredo Verdoy Herr\u00e1nz, SJ, specialista in Storia della Chiesa contemporanea e professore a Comillas, ha il titolo: &#8220;<strong>Le missioni popolari del P. Claret in Catalogna tra il 1840 e il 1850. Un cammino di evangelizzazione in tempi di crisi<\/strong> &#8220;. P. Carlos ha ottenuto il voto finale di eccezionale con una nota di 9.<\/p>\n<p>Ofrecemos a continuaci\u00f3n el <a href=\"https:\/\/drive.google.com\/file\/d\/1TMAaqks36eoqVEYwsmYR75wHEHLYHLNV\/view?usp=sharing\" target=\"_blank\" rel=\"noopener nofollow\">texto le\u00eddo<\/a> por el P. Carlos S\u00e1nchez durante la Defensa.<\/p>\n<div class=\"et_pb_slider et_pb_slider_fullwidth_off et_pb_gallery_post_type\">\n\t\t\t\t<div class=\"et_pb_slides\">\n\t\t\t\t\t<div class=\"et_pb_slide\" style=\"background: url(https:\/\/www.claret.org\/wp-content\/uploads\/2018\/03\/carlos_defense_4.jpg);\"><\/div><div class=\"et_pb_slide\" style=\"background: url(https:\/\/www.claret.org\/wp-content\/uploads\/2018\/03\/carlos_defense_3.jpg);\"><\/div><div class=\"et_pb_slide\" style=\"background: url(https:\/\/www.claret.org\/wp-content\/uploads\/2018\/03\/con-asistentes-de-cerca-2.jpg);\"><\/div>\n\t\t\t\t<\/div>\n\t\t\t<\/div>\n","protected":false},"excerpt":{"rendered":"<p>Madrid, Spagna. Alle ore 12.00 di luned\u00ec 5 marzo 2018, si \u00e8 svolta la difesa della tesi di dottorato del P. Carlos Enrique S\u00e1nchez Miranda, CMF, direttore del CESC, nell&#8217;auditorium del Campus Cantoblanco dell\u2019 Universit\u00e0 Pontificia Comillas, a Madrid. Il tribunale era presieduto dal Dott. Pedro Ferm\u00edn \u00c1lvarez L\u00e1zaro e i suoi membri erano: Dr. [&hellip;]<\/p>\n","protected":false},"author":1,"featured_media":15278,"comment_status":"closed","ping_status":"closed","sticky":false,"template":"","format":"standard","meta":{"_et_pb_use_builder":"","_et_pb_old_content":"","_et_gb_content_width":"","footnotes":""},"categories":[401,570,617],"tags":[],"class_list":["post-15296","post","type-post","status-publish","format-standard","has-post-thumbnail","hentry","category-cesc-it","category-fondatori","category-spiritualita-it"],"jetpack_featured_media_url":"https:\/\/i0.wp.com\/www.claret.org\/wp-content\/uploads\/2018\/03\/con-el-tribunal-3.jpg?fit=1280%2C766&ssl=1","jetpack_sharing_enabled":true,"jetpack_shortlink":"https:\/\/wp.me\/pdaBmi-3YI","jetpack_likes_enabled":true,"_links":{"self":[{"href":"https:\/\/www.claret.org\/it\/wp-json\/wp\/v2\/posts\/15296","targetHints":{"allow":["GET"]}}],"collection":[{"href":"https:\/\/www.claret.org\/it\/wp-json\/wp\/v2\/posts"}],"about":[{"href":"https:\/\/www.claret.org\/it\/wp-json\/wp\/v2\/types\/post"}],"author":[{"embeddable":true,"href":"https:\/\/www.claret.org\/it\/wp-json\/wp\/v2\/users\/1"}],"replies":[{"embeddable":true,"href":"https:\/\/www.claret.org\/it\/wp-json\/wp\/v2\/comments?post=15296"}],"version-history":[{"count":0,"href":"https:\/\/www.claret.org\/it\/wp-json\/wp\/v2\/posts\/15296\/revisions"}],"wp:featuredmedia":[{"embeddable":true,"href":"https:\/\/www.claret.org\/it\/wp-json\/wp\/v2\/media\/15278"}],"wp:attachment":[{"href":"https:\/\/www.claret.org\/it\/wp-json\/wp\/v2\/media?parent=15296"}],"wp:term":[{"taxonomy":"category","embeddable":true,"href":"https:\/\/www.claret.org\/it\/wp-json\/wp\/v2\/categories?post=15296"},{"taxonomy":"post_tag","embeddable":true,"href":"https:\/\/www.claret.org\/it\/wp-json\/wp\/v2\/tags?post=15296"}],"curies":[{"name":"wp","href":"https:\/\/api.w.org\/{rel}","templated":true}]}}