{"id":158242,"date":"2023-10-25T12:16:27","date_gmt":"2023-10-25T10:16:27","guid":{"rendered":"https:\/\/www.claret.org\/fussimanya-app-il-nuovo-direttorio-spirituale-dei-missionari-clarettiani\/"},"modified":"2023-10-25T12:25:01","modified_gmt":"2023-10-25T10:25:01","slug":"fussimanya-app-il-nuovo-direttorio-spirituale-dei-missionari-clarettiani","status":"publish","type":"post","link":"https:\/\/www.claret.org\/it\/fussimanya-app-il-nuovo-direttorio-spirituale-dei-missionari-clarettiani\/","title":{"rendered":"Fussimanya App, il Nuovo Direttorio Spirituale dei Missionari Clarettiani"},"content":{"rendered":"\n<p class=\"has-drop-cap\"><p><strong>Roma, Italia.<\/strong> Il 24 ottobre 2023, festa di Sant&#8217;Antonio Maria Claret, il Prefetto Generale della Spiritualit\u00e0 e della Vita Comunitaria ha rilanciato l&#8217;App Fussimanya su App Store e Google Play. Lanciata inizialmente nel marzo 2021 come semplice app di preghiera clarettiana, il Governo Generale dei Missionari Clarettiani l&#8217;ha poi convertita nel suo Direttorio Spirituale digitale.<\/p><\/p>\n\n<p>L&#8217;App \u00e8 ora disponibile in spagnolo, inglese, polacco, catalano, bahasa Indonesia, francese, italiano e portoghese. Il team tecnico sta aggiungendo continuamente traduzioni delle preghiere e dei canti in varie lingue e presto le render\u00e0 disponibili in altre lingue locali dove sono presenti i Clarettiani. La tecnologia \u00e8 stata sviluppata e mantenuta dall&#8217;universit\u00e0 della Provincia Clarettiana del Brasile. Si consiglia di aggiornare l&#8217;App dall&#8217;App Store o da Google Play per ottenere la versione pi\u00f9 recente.<\/p>\n\n<p><p><strong>L&#8217;App Fussimanya<\/strong><\/p><\/p>\n\n<p>L&#8217;applicazione Fussimanya (che allude alla Vergine di Fussimanya, il cui eremo si trova a sette chilometri da Sallent, il luogo di nascita di Sant&#8217;Antonio Maria Claret) presenta una serie di preghiere, testi e canzoni di ispirazione clarettiana, in modo da avere sempre a portata di mano. L&#8217;applicazione consente di accedere alle risorse anche se sono offline.<\/p>\n\n<p>Altre applicazioni disponibili sui telefoni cellulari &#8211; Anno Clarettiano e Claret Con Te.<\/p>\n\n<p><p>Scarichi l&#8217;applicazione: <strong>L&#8217;App Fussimanya<\/strong><\/p><\/p>\n\n<p class=\"has-text-align-left\"><\/p>\n\n<figure class=\"wp-block-gallery has-nested-images columns-default is-cropped wp-block-gallery-1 is-layout-flex wp-block-gallery-is-layout-flex\">\n<figure class=\"wp-block-image size-large\"><a href=\"https:\/\/apps.apple.com\/ph\/app\/fussimanya\/id1556693027\" target=\"_blank\" rel=\"noreferrer noopener nofollow\"><img data-recalc-dims=\"1\" loading=\"lazy\" decoding=\"async\" width=\"820\" height=\"549\" data-id=\"158076\" src=\"https:\/\/i0.wp.com\/www.claret.org\/wp-content\/uploads\/2023\/10\/app-store.png?resize=820%2C549&#038;ssl=1\" alt=\"\" class=\"wp-image-158076\" title=\"\" srcset=\"https:\/\/www.claret.org\/wp-content\/uploads\/2023\/10\/app-store.png 820w, https:\/\/www.claret.org\/wp-content\/uploads\/2023\/10\/app-store-480x321.png 480w\" sizes=\"(min-width: 0px) and (max-width: 480px) 480px, (min-width: 481px) 820px, 100vw\" \/><\/a><\/figure>\n\n\n\n<figure class=\"wp-block-image size-large\"><a href=\"https:\/\/play.google.com\/store\/apps\/details?id=com.claretiano.fussimanya&amp;pcampaignid=web_share\" target=\"_blank\" rel=\"noreferrer noopener nofollow\"><img data-recalc-dims=\"1\" loading=\"lazy\" decoding=\"async\" width=\"1024\" height=\"647\" data-id=\"158140\" src=\"https:\/\/i0.wp.com\/www.claret.org\/wp-content\/uploads\/2023\/10\/google-play-3.png?resize=1024%2C647&#038;ssl=1\" alt=\"\" class=\"wp-image-158140\" title=\"\" srcset=\"https:\/\/www.claret.org\/wp-content\/uploads\/2023\/10\/google-play-3-980x619.png 980w, https:\/\/www.claret.org\/wp-content\/uploads\/2023\/10\/google-play-3-480x303.png 480w\" sizes=\"(min-width: 0px) and (max-width: 480px) 480px, (min-width: 481px) and (max-width: 980px) 980px, (min-width: 981px) 1024px, 100vw\" \/><\/a><\/figure>\n<\/figure>\n\n<p><\/p>\n\n<p><\/p>\n\n<p class=\"has-text-align-left\"><p>Anno Clarettiano &#8211; <a href=\"https:\/\/apps.apple.com\/ph\/app\/a%C3%B1o-claretiano\/id1483597452\" target=\"_blank\" rel=\"noreferrer noopener nofollow\">App Store<\/a> &#8211; <a href=\"https:\/\/play.google.com\/store\/apps\/details?id=com.claretiano.anoclaretiano&amp;pcampaignid=web_share\" target=\"_blank\" rel=\"noreferrer noopener nofollow\">Google Play<\/a><\/p><\/p>\n\n<p><p>Claret Con Te &#8211; <a href=\"https:\/\/apps.apple.com\/ph\/app\/claret-contigo\/id1504271487\" target=\"_blank\" rel=\"noreferrer noopener nofollow\">App Store<\/a> &#8211; <a href=\"https:\/\/play.google.com\/store\/apps\/details?id=com.claretiano.claretcontigo&amp;pcampaignid=web_share\" target=\"_blank\" rel=\"noreferrer noopener nofollow\">Google Play<\/a><\/p><\/p>\n\n<p><\/p>\n\n<p><\/p>\n\n<figure class=\"wp-block-gallery has-nested-images columns-default is-cropped wp-block-gallery-2 is-layout-flex wp-block-gallery-is-layout-flex\">\n<figure class=\"wp-block-image size-full\"><img data-recalc-dims=\"1\" decoding=\"async\" data-id=\"158221\" src=\"https:\/\/i0.wp.com\/www.claret.org\/wp-content\/uploads\/2023\/10\/IMG-20231025-WA0063-1.jpg?w=1080&#038;ssl=1\" alt=\"\" class=\"wp-image-158226\" title=\"\"><\/figure>\n\n\n\n<figure class=\"wp-block-image size-full\"><img data-recalc-dims=\"1\" decoding=\"async\" data-id=\"158233\" src=\"https:\/\/i0.wp.com\/www.claret.org\/wp-content\/uploads\/2023\/10\/IMG-20231025-WA0064-1.jpg?w=1080&#038;ssl=1\" alt=\"\" class=\"wp-image-158238\" title=\"\"><\/figure>\n\n\n\n<figure class=\"wp-block-image size-full\"><img data-recalc-dims=\"1\" decoding=\"async\" data-id=\"158227\" src=\"https:\/\/i0.wp.com\/www.claret.org\/wp-content\/uploads\/2023\/10\/IMG-20231025-WA0066-1.jpg?w=1080&#038;ssl=1\" alt=\"\" class=\"wp-image-158232\" title=\"\"><\/figure>\n<\/figure>\n","protected":false},"excerpt":{"rendered":"<p>Roma, Italia. Il 24 ottobre 2023, festa di Sant&#8217;Antonio Maria Claret, il Prefetto Generale della Spiritualit\u00e0 e della Vita Comunitaria ha rilanciato l&#8217;App Fussimanya su App Store e Google Play. Lanciata inizialmente nel marzo 2021 come semplice app di preghiera clarettiana, il Governo Generale dei Missionari Clarettiani l&#8217;ha poi convertita nel suo Direttorio Spirituale digitale. [&hellip;]<\/p>\n","protected":false},"author":69,"featured_media":158149,"comment_status":"closed","ping_status":"closed","sticky":false,"template":"","format":"standard","meta":{"_et_pb_use_builder":"","_et_pb_old_content":"","_et_gb_content_width":"","footnotes":""},"categories":[617],"tags":[],"class_list":["post-158242","post","type-post","status-publish","format-standard","has-post-thumbnail","hentry","category-spiritualita-it"],"jetpack_featured_media_url":"https:\/\/i0.wp.com\/www.claret.org\/wp-content\/uploads\/2023\/10\/APP.jpg?fit=1890%2C1176&ssl=1","jetpack_sharing_enabled":true,"jetpack_shortlink":"https:\/\/wp.me\/pdaBmi-Fai","jetpack_likes_enabled":true,"_links":{"self":[{"href":"https:\/\/www.claret.org\/it\/wp-json\/wp\/v2\/posts\/158242","targetHints":{"allow":["GET"]}}],"collection":[{"href":"https:\/\/www.claret.org\/it\/wp-json\/wp\/v2\/posts"}],"about":[{"href":"https:\/\/www.claret.org\/it\/wp-json\/wp\/v2\/types\/post"}],"author":[{"embeddable":true,"href":"https:\/\/www.claret.org\/it\/wp-json\/wp\/v2\/users\/69"}],"replies":[{"embeddable":true,"href":"https:\/\/www.claret.org\/it\/wp-json\/wp\/v2\/comments?post=158242"}],"version-history":[{"count":0,"href":"https:\/\/www.claret.org\/it\/wp-json\/wp\/v2\/posts\/158242\/revisions"}],"wp:featuredmedia":[{"embeddable":true,"href":"https:\/\/www.claret.org\/it\/wp-json\/wp\/v2\/media\/158149"}],"wp:attachment":[{"href":"https:\/\/www.claret.org\/it\/wp-json\/wp\/v2\/media?parent=158242"}],"wp:term":[{"taxonomy":"category","embeddable":true,"href":"https:\/\/www.claret.org\/it\/wp-json\/wp\/v2\/categories?post=158242"},{"taxonomy":"post_tag","embeddable":true,"href":"https:\/\/www.claret.org\/it\/wp-json\/wp\/v2\/tags?post=158242"}],"curies":[{"name":"wp","href":"https:\/\/api.w.org\/{rel}","templated":true}]}}