{"id":160152,"date":"2023-12-03T10:45:52","date_gmt":"2023-12-03T09:45:52","guid":{"rendered":"https:\/\/www.claret.org\/digitalizzazione-di-misioneros-claretianos-i-ii-e-iii\/"},"modified":"2023-12-05T11:19:05","modified_gmt":"2023-12-05T10:19:05","slug":"digitalizzazione-di-misioneros-claretianos-i-ii-e-iii","status":"publish","type":"post","link":"https:\/\/www.claret.org\/it\/digitalizzazione-di-misioneros-claretianos-i-ii-e-iii\/","title":{"rendered":"Digitalizzazione di &#8220;Misioneros Claretianos, I, II e III&#8221;."},"content":{"rendered":"\n<p class=\"has-drop-cap\">Nell&#8217;ambito dei preparativi per la celebrazione del 175\u00ba anniversario della fondazione della Congregazione, il Centro di Spiritualit\u00e0 Clarettiana (CESC) ha effettuato la digitalizzazione della narrazione storica contenuta nei tre volumi della nostra pi\u00f9 recente ricerca storica congregazionale. I loro autori e titoli sono: P. Jesus \u00c1lvarez G\u00f3mez, CMF, <em>Misioneros Claretianos.\u00a0 I: Retorno a los or\u00edgenes (<\/em>PCL, Madrid 1993, 428 pagine) e <em>Misioneros Claretianos. II: Transmisi\u00f3n y recepci\u00f3n del Carisma Claretiano (<\/em>PCL, Madrid 1997, 713 pagine) insieme a P. Gustavo Alonso, CMF, <em>Misioneros Claretianos.\u00a0 III: La Renovaci\u00f3n conciliar (<\/em>Ed. Claretiana, Buenos Aires 2007, 640 pagine). I tre formano una visione integrale, combinata e aggiornata della storia della nostra Congregazione. Le loro pagine ci invitano ad un viaggio nel nostro passato fino all&#8217;anno 2000, offrendo una rigorosa e profonda fonte di dati e una buona ispirazione ermeneutica. Ci permette di immergerci nello spirito e nello sviluppo storico della vita e dell&#8217;opera di sant&#8217;Antonio Maria Claret.<\/p>\n\n<p>Il motivo principale alla base della creazione di questa collezione \u00e8 stato quello di mantenere vivo nella nostra memoria collettiva il processo della nostra Congregazione dal suo inizio fino al momento del rinnovamento conciliare. Cos\u00ec facendo, ci connettiamo intimamente con le nostre ricche e fondate radici storiche. Come espresso nel Documento Capitolare CPR n. 9, siamo riusciti a mantenere vivo lo spirito di Claret come modello esemplare e fonte di identit\u00e0 nei diversi contesti geografici e culturali in cui si \u00e8 diffusa la nostra vita missionaria. Attraverso un esame lucido e perspicace dei segni dei nostri tempi, riconosciamo la perenne attualit\u00e0 e potenza del carisma che lo Spirito Santo ci ha donato attraverso il nostro Fondatore.<\/p>\n\n<p>Nella prefazione al primo volume, scritto dal Cardinale Aquilino Bocos, CMF, quando era Superiore Generale della Congregazione al momento della sua pubblicazione, sottolinea il prezioso contributo di questa raccolta nel preparare i futuri missionari ad essere informati e adeguatamente attrezzati per accogliere e mantenere vivo lo spirito del Fondatore. I primi due volumi sono stati scritti dallo studioso claretiano P. Jes\u00fas \u00c1lvarez G\u00f3mez, CMF (1934-2001), che si \u00e8 distinto come professore di storia della Chiesa e di vita consacrata. La sua profonda conoscenza della storia e del carisma della Congregazione \u00e8 evidente nel suo lavoro meticoloso. Anni dopo, nel 2007, P. Gustavo Alonzo, CMF, Superiore Generale (1979-1991), ha aggiunto gli ultimi studi a questa raccolta. La sua eccezionale capacit\u00e0 intellettuale, lo stile eccellente e lo spirito clarettiano incrollabile si riflettono vividamente nel terzo e ultimo volume.<\/p>\n\n<p><strong>Volume I: Ritorno alle origini:<\/strong><\/p>\n\n<p><p>Il primo volume, intitolato &#8220;<a href=\"https:\/\/drive.google.com\/file\/d\/1VLhn1ZMy9unvXTdw06MGgdnyg_WY69d_\/view\" target=\"_blank\" rel=\"noreferrer noopener nofollow\"><strong><em>Retorno a los or\u00edgenes<\/em><\/strong><\/a>&#8220;, esplora le origini della Congregazione. Come suggerisce il sottotitolo, si tratta di un interessante viaggio che ci avvicina ai primi eventi che hanno reso possibile la fondazione. Offre una visione sintetica e completa della biografia del fondatore, S. Antonio Maria Claret, nel contesto della cultura e degli eventi storici che ha vissuto.<\/p><\/p>\n\n<p><strong>Volume II: Trasmissione e ricezione del carisma clarettiano:<\/strong><\/p>\n\n<p>Il secondo volume, intitolato \u201c<strong><a href=\"https:\/\/drive.google.com\/file\/d\/1O8K9JWPDALEqb7myhKtI0bNF3Y3626bd\/view?usp=sharing\" target=\"_blank\" rel=\"noreferrer noopener nofollow\"><em>Transmisi\u00f3n y recepci\u00f3n del carisma claretiano<\/em><\/a><\/strong>\u201c, adotta un approccio distinto. Non si limita a contare il numero delle case e delle missioni stabilite dalla Congregazione. Tuttavia, si concentra sull&#8217;evidenziare il filo evolutivo interno che ha reso possibile lo sviluppo dell&#8217;identit\u00e0 clarettiana senza perdere la sua coerenza con il carisma del fondatore. Il volume compie un percorso tematico e spirituale attraverso la storia della Congregazione fino alla soglia del Concilio Vaticano II. Mostra l&#8217;impatto profondo del carisma nelle varie culture e contesti in cui \u00e8 stata inserita la Congregazione.<\/p>\n\n<p><strong>Volume III: Rinnovamento conciliare:<\/strong><\/p>\n\n<p>Il terzo volume, \u201c<strong><a href=\"https:\/\/drive.google.com\/file\/d\/1uyBKnIezs4FkbhuOYGLzOn2RoIBkBd1Z\/view?usp=sharing\" target=\"_blank\" rel=\"noreferrer noopener nofollow\"><em>La renovaci\u00f3n conciliar<\/em><\/a><\/strong>\u201c, \u00e8 di grande interesse per comprendere l&#8217;evoluzione storica, spirituale e pratica della Congregazione nel periodo post-conciliare. &#8220;Il libro mostra un percorso coerente e audace che trova, soprattutto nei Capitoli Generali, momenti significativi di sintesi e nuove proposte&#8221; (Missionari Clarettiani III, p. 7). <\/p>\n\n<p>Inizialmente pubblicata in spagnolo, questa trilogia \u00e8 stata tradotta anche in inglese. Grazie al modesto servizio del Centro di Spiritualit\u00e0 Clarettiana (CESC), tutti e tre i volumi sono ora a disposizione di lettori, ricercatori e sostenitori. Questa offerta digitale rappresenta un servizio significativo, rendendo questo fondamentale lavoro pi\u00f9 accessibile che mai attraverso il nostro sito web.<\/p>\n\n<p>La digitalizzazione di &#8220;<em>Misioneros Claretianos, I, II e III<\/em>&#8221; evidenzia l&#8217;impegno a preservare e condividere la ricca storia e il carisma, assicurando cos\u00ec che lo spirito del fondatore, S. Antonio Maria Claret, continui a ispirare e guidare i Clarettiani in tutto il mondo.<\/p>\n\n<p><strong><em><a href=\"https:\/\/drive.google.com\/file\/d\/1VLhn1ZMy9unvXTdw06MGgdnyg_WY69d_\/view\" target=\"_blank\" rel=\"noreferrer noopener nofollow\">Volume I: Retorno a los or\u00edgenes<\/a><\/em><\/strong><\/p>\n\n<p><strong><em><a href=\"https:\/\/drive.google.com\/file\/d\/1O8K9JWPDALEqb7myhKtI0bNF3Y3626bd\/view\" target=\"_blank\" rel=\"noreferrer noopener nofollow\">Volume II: Transmisi\u00f3n y recepci\u00f3n del carisma claretiano<\/a><\/em><\/strong><\/p>\n\n<p><em><strong><em><a href=\"https:\/\/drive.google.com\/file\/d\/1uyBKnIezs4Fk bhuOYGLzOn2RoIBkBd1Z\/view\" target=\"_blank\" rel=\"noreferrer noopener nofollow\">Volume III: La renovaci\u00f3n conciliar<\/a><\/em><\/strong><\/em><\/p>\n\n<p>Fonte: <a href=\"https:\/\/www.cescvic.org\/en\/2023\/11\/06\/digitalizacion-de-misioneros-claretianos-i-ii-y-iii\/\" rel=\"nofollow noopener\" target=\"_blank\">CESC<\/a><\/p>\n","protected":false},"excerpt":{"rendered":"<p>Nell&#8217;ambito dei preparativi per la celebrazione del 175\u00ba anniversario della fondazione della Congregazione, il Centro di Spiritualit\u00e0 Clarettiana (CESC) ha effettuato la digitalizzazione della narrazione storica contenuta nei tre volumi della nostra pi\u00f9 recente ricerca storica congregazionale. I loro autori e titoli sono: P. Jesus \u00c1lvarez G\u00f3mez, CMF, Misioneros Claretianos.\u00a0 I: Retorno a los or\u00edgenes [&hellip;]<\/p>\n","protected":false},"author":69,"featured_media":159960,"comment_status":"closed","ping_status":"closed","sticky":false,"template":"","format":"standard","meta":{"_et_pb_use_builder":"","_et_pb_old_content":"","_et_gb_content_width":"","footnotes":""},"categories":[401,535],"tags":[],"class_list":["post-160152","post","type-post","status-publish","format-standard","has-post-thumbnail","hentry","category-cesc-it","category-la-congregazione"],"jetpack_featured_media_url":"https:\/\/i0.wp.com\/www.claret.org\/wp-content\/uploads\/2023\/11\/Post-Feature-Image.jpg?fit=1890%2C1176&ssl=1","jetpack_sharing_enabled":true,"jetpack_shortlink":"https:\/\/wp.me\/pdaBmi-FF6","jetpack_likes_enabled":true,"_links":{"self":[{"href":"https:\/\/www.claret.org\/it\/wp-json\/wp\/v2\/posts\/160152","targetHints":{"allow":["GET"]}}],"collection":[{"href":"https:\/\/www.claret.org\/it\/wp-json\/wp\/v2\/posts"}],"about":[{"href":"https:\/\/www.claret.org\/it\/wp-json\/wp\/v2\/types\/post"}],"author":[{"embeddable":true,"href":"https:\/\/www.claret.org\/it\/wp-json\/wp\/v2\/users\/69"}],"replies":[{"embeddable":true,"href":"https:\/\/www.claret.org\/it\/wp-json\/wp\/v2\/comments?post=160152"}],"version-history":[{"count":0,"href":"https:\/\/www.claret.org\/it\/wp-json\/wp\/v2\/posts\/160152\/revisions"}],"wp:featuredmedia":[{"embeddable":true,"href":"https:\/\/www.claret.org\/it\/wp-json\/wp\/v2\/media\/159960"}],"wp:attachment":[{"href":"https:\/\/www.claret.org\/it\/wp-json\/wp\/v2\/media?parent=160152"}],"wp:term":[{"taxonomy":"category","embeddable":true,"href":"https:\/\/www.claret.org\/it\/wp-json\/wp\/v2\/categories?post=160152"},{"taxonomy":"post_tag","embeddable":true,"href":"https:\/\/www.claret.org\/it\/wp-json\/wp\/v2\/tags?post=160152"}],"curies":[{"name":"wp","href":"https:\/\/api.w.org\/{rel}","templated":true}]}}