{"id":161705,"date":"2024-01-14T22:22:02","date_gmt":"2024-01-14T21:22:02","guid":{"rendered":"https:\/\/www.claret.org\/p-jose-alejandro-abarza-morales-cmf-nuovo-superiore-provinciale-della-provincia-di-san-jose-del-sur\/"},"modified":"2024-01-14T22:44:25","modified_gmt":"2024-01-14T21:44:25","slug":"p-jose-alejandro-abarza-morales-cmf-nuovo-superiore-provinciale-della-provincia-di-san-jose-del-sur","status":"publish","type":"post","link":"https:\/\/www.claret.org\/it\/p-jose-alejandro-abarza-morales-cmf-nuovo-superiore-provinciale-della-provincia-di-san-jose-del-sur\/","title":{"rendered":"P. Jos\u00e9 Alejandro Abarza Morales, CMF, Nuovo Superiore Provinciale della Provincia di San Jos\u00e9 del Sur"},"content":{"rendered":"\n<p><strong>Luj\u00e1n, Argentina.<\/strong> Durante il III Capitolo Generale di San Jos\u00e9 del Sur, tenutosi a Luj\u00e1n della Citt\u00e0 di Buenos Aires il 14 gennaio 2024, P. Jos\u00e9 Alejandro Abarza Morales, CMF, \u00e8 stato eletto Superiore Provinciale per il prossimo sessennio dal 2024 al 2030.<\/p>\n\n<p>P. Jos\u00e9 Alejandro \u00e8 nato a Linares, in Cile, l&#8217;8 novembre 1969. Si un\u00ec alla Congregazione dei Missionari Figli del Cuore Immacolato di Maria nel 1993. Ha fatto la sua prima professione il 16 gennaio 1994, a Chascom\u00fas (Argentina) nell&#8217;allora Delegazione Indipendente del Cile. Inoltre, ha emesso i voti finali il 5 dicembre 1998 a Santiago nella stessa Delegazione Indipendente menzionata. \u00c8 stato ordinato sacerdote a Santiago il 24 settembre 1999. \u00c8 stato assegnato a diversi ministeri pastorali, e il suo ultimo \u00e8 quello della parrocchia di Antofagasta dal 2019.<\/p>\n\n<p>Affidiamo al Signore p. Jos\u00e9 Alejandro Abarza Morales, CMF, e alla cura materna della Vergine Maria e di S. Giuseppe, mentre guida i suoi fratelli della sua provincia e cammina con le persone coinvolte nelle opere pastorali di San Jos\u00e9 del Sur verso il compimento del Sogno Provinciale nei prossimi sei anni.<\/p>\n","protected":false},"excerpt":{"rendered":"<p>Il 14 gennaio 2024, P. Jos\u00e9 Alejandro Abarza Morales, CMF, \u00e8 stato eletto nuovo Superiore Provinciale della Provincia di San Jos\u00e9 del Sur per il periodo 2024-2030.<\/p>\n","protected":false},"author":2,"featured_media":161692,"comment_status":"closed","ping_status":"closed","sticky":false,"template":"","format":"standard","meta":{"_et_pb_use_builder":"","_et_pb_old_content":"","_et_gb_content_width":"","footnotes":""},"categories":[395],"tags":[],"class_list":["post-161705","post","type-post","status-publish","format-standard","has-post-thumbnail","hentry","category-san-jose-del-sur-it"],"jetpack_featured_media_url":"https:\/\/i0.wp.com\/www.claret.org\/wp-content\/uploads\/2024\/01\/SJ-20240114-New-Provincial-Superior.jpg?fit=1280%2C720&ssl=1","jetpack_sharing_enabled":true,"jetpack_shortlink":"https:\/\/wp.me\/pdaBmi-G49","jetpack_likes_enabled":true,"_links":{"self":[{"href":"https:\/\/www.claret.org\/it\/wp-json\/wp\/v2\/posts\/161705","targetHints":{"allow":["GET"]}}],"collection":[{"href":"https:\/\/www.claret.org\/it\/wp-json\/wp\/v2\/posts"}],"about":[{"href":"https:\/\/www.claret.org\/it\/wp-json\/wp\/v2\/types\/post"}],"author":[{"embeddable":true,"href":"https:\/\/www.claret.org\/it\/wp-json\/wp\/v2\/users\/2"}],"replies":[{"embeddable":true,"href":"https:\/\/www.claret.org\/it\/wp-json\/wp\/v2\/comments?post=161705"}],"version-history":[{"count":0,"href":"https:\/\/www.claret.org\/it\/wp-json\/wp\/v2\/posts\/161705\/revisions"}],"wp:featuredmedia":[{"embeddable":true,"href":"https:\/\/www.claret.org\/it\/wp-json\/wp\/v2\/media\/161692"}],"wp:attachment":[{"href":"https:\/\/www.claret.org\/it\/wp-json\/wp\/v2\/media?parent=161705"}],"wp:term":[{"taxonomy":"category","embeddable":true,"href":"https:\/\/www.claret.org\/it\/wp-json\/wp\/v2\/categories?post=161705"},{"taxonomy":"post_tag","embeddable":true,"href":"https:\/\/www.claret.org\/it\/wp-json\/wp\/v2\/tags?post=161705"}],"curies":[{"name":"wp","href":"https:\/\/api.w.org\/{rel}","templated":true}]}}