{"id":162325,"date":"2024-01-03T09:31:40","date_gmt":"2024-01-03T08:31:40","guid":{"rendered":"https:\/\/www.claret.org\/incontro-annuale-delle-equipe-di-animazione-spirituale-della-congregazione\/"},"modified":"2024-01-25T07:57:54","modified_gmt":"2024-01-25T06:57:54","slug":"incontro-annuale-delle-equipe-di-animazione-spirituale-della-congregazione","status":"publish","type":"post","link":"https:\/\/www.claret.org\/it\/incontro-annuale-delle-equipe-di-animazione-spirituale-della-congregazione\/","title":{"rendered":"Incontro annuale delle Equipe di Animazione Spirituale della Congregazione"},"content":{"rendered":"\n<p><strong>Colmenar Viejo, Spagna.<\/strong> I membri del CESC (Centro di spiritualit\u00e0 claretiana) e della squadra della Fucina hanno avuto il consueto incontro annuale con il Prefetto Generale della Spiritualit\u00e0 e della Vita Comunitaria. La riunione si \u00e8 svolta dal 26 dicembre al 30 dicembre 2023, presso la Casa di ritiro della Comunit\u00e0 Clarettiana a Colmenar Viejo, Madrid. I membri del team del CESC a Vic erano Juan Carlos Martos (Direttore), Josep Rovira, Sebin Mundackal e Rohan Peires, che vive nella Curia Provinciale di Santiago a Madrid, dove studia Spiritualit\u00e0 all&#8217;Universit\u00e0 di Comillas. Del Fragua Team hanno potuto partecipare solo F\u00e9lix Ketoglo e Salvador Le\u00f3n, che risiedono rispettivamente a Madrid e Colmenar Viejo.<\/p>\n\n<p>In un&#8217;atmosfera fraterna e rilassata, \u00e8 stato possibile condividere la situazione personale di ciascun partecipante e poi valutare il CESC e la Fucina durante il 2023. \u00c8 stato anche un momento favorevole per proiettare le attivit\u00e0 che questi Centri offrono alla Congregazione per alimentare il fuoco dello Spirito. Uno dei punti essenziali su cui si \u00e8 lavorato \u00e8 stato il coinvolgimento del CESC nella preparazione del prossimo Congresso di Spiritualit\u00e0. L&#8217;incontro si \u00e8 concluso con il ringraziamento a Dio per la possibilit\u00e0 di una riunione fraterna e la ricarica di energie per continuare il servizio dell&#8217;animazione spirituale della Congregazione.<\/p>\n","protected":false},"excerpt":{"rendered":"<p>Le Equipe di Animazione Spirituale della Congregazione hanno avuto il loro incontro annuale alla fine dell&#8217;anno per rivedere e progettare le attivit\u00e0 offerte alla Congregazione.<\/p>\n","protected":false},"author":2,"featured_media":161045,"comment_status":"closed","ping_status":"closed","sticky":false,"template":"","format":"standard","meta":{"_et_pb_use_builder":"","_et_pb_old_content":"","_et_gb_content_width":"","footnotes":""},"categories":[401,620],"tags":[],"class_list":["post-162325","post","type-post","status-publish","format-standard","has-post-thumbnail","hentry","category-cesc-it","category-la-fucina"],"jetpack_featured_media_url":"https:\/\/i0.wp.com\/www.claret.org\/wp-content\/uploads\/2024\/01\/CESC-Meeting.jpg?fit=1600%2C1200&ssl=1","jetpack_sharing_enabled":true,"jetpack_shortlink":"https:\/\/wp.me\/pdaBmi-Ge9","jetpack_likes_enabled":true,"_links":{"self":[{"href":"https:\/\/www.claret.org\/it\/wp-json\/wp\/v2\/posts\/162325","targetHints":{"allow":["GET"]}}],"collection":[{"href":"https:\/\/www.claret.org\/it\/wp-json\/wp\/v2\/posts"}],"about":[{"href":"https:\/\/www.claret.org\/it\/wp-json\/wp\/v2\/types\/post"}],"author":[{"embeddable":true,"href":"https:\/\/www.claret.org\/it\/wp-json\/wp\/v2\/users\/2"}],"replies":[{"embeddable":true,"href":"https:\/\/www.claret.org\/it\/wp-json\/wp\/v2\/comments?post=162325"}],"version-history":[{"count":0,"href":"https:\/\/www.claret.org\/it\/wp-json\/wp\/v2\/posts\/162325\/revisions"}],"wp:featuredmedia":[{"embeddable":true,"href":"https:\/\/www.claret.org\/it\/wp-json\/wp\/v2\/media\/161045"}],"wp:attachment":[{"href":"https:\/\/www.claret.org\/it\/wp-json\/wp\/v2\/media?parent=162325"}],"wp:term":[{"taxonomy":"category","embeddable":true,"href":"https:\/\/www.claret.org\/it\/wp-json\/wp\/v2\/categories?post=162325"},{"taxonomy":"post_tag","embeddable":true,"href":"https:\/\/www.claret.org\/it\/wp-json\/wp\/v2\/tags?post=162325"}],"curies":[{"name":"wp","href":"https:\/\/api.w.org\/{rel}","templated":true}]}}