{"id":162345,"date":"2023-12-31T18:34:41","date_gmt":"2023-12-31T17:34:41","guid":{"rendered":"https:\/\/www.claret.org\/sono-tra-voi-come-colui-che-serve-ordinazione-di-un-clarettiano-dal-circolo-artico\/"},"modified":"2024-01-25T08:23:58","modified_gmt":"2024-01-25T07:23:58","slug":"sono-tra-voi-come-colui-che-serve-ordinazione-di-un-clarettiano-dal-circolo-artico","status":"publish","type":"post","link":"https:\/\/www.claret.org\/it\/sono-tra-voi-come-colui-che-serve-ordinazione-di-un-clarettiano-dal-circolo-artico\/","title":{"rendered":"Sono tra voi come Colui Che serve. Ordinazione di un Clarettiano dal Circolo Artico"},"content":{"rendered":"\n<p><strong>San Pietroburgo, Russia.<\/strong> P. Malov Denis Dmitriyevich, CMF, \u00e8 stato ordinato sacerdote il 16 dicembre 2023, nella Cattedrale dell&#8217;Assunzione a San Pietroburgo, Russia. Il vescovo Nicolai Gennadevich Dubinin, O.F.M. Conv., vescovo ausiliare di Madre di Dio a Mosca (Mosca) e vescovo titolare di Aquae in Byzacena, gli confer\u00ec l&#8217;ordine.<\/p>\n\n<p>I rappresentanti della Provincia di Santiago hanno affrontato un viaggio impegnativo per partecipare all&#8217;evento a causa della situazione attuale in Russia. Il Superiore Provinciale, P. Adolfo Lamata Muyo, CMF, il Prefetto dell&#8217;Apostolato della Provincia di Santiago di Santiago, P. Luis Arribas Estebaranz, CMF, e il Superiore locale della comunit\u00e0 di San Pietroburgo, Mariano Sedan, CMF, ha dovuto superare varie difficolt\u00e0 nei giorni precedenti la cerimonia di ordinazione. I clarettiani della Siberia erano presenti anche quel giorno attraverso la presenza del polacco P. Marcin Dragan, CMF, della comunit\u00e0 Obschina Klaretinov &#8211; Bratsk in Siberia, circa 1000 chilometri a est di Krasnoyarsk. Erano presenti la famiglia e gli amici di P. Dennis, cos\u00ec come i parrocchiani venuti dalla parrocchia di S. Michele a Murmansk.<\/p>\n\n<p><\/p>\n\n<figure class=\"wp-block-gallery has-nested-images columns-default is-cropped wp-block-gallery-1 is-layout-flex wp-block-gallery-is-layout-flex\">\n<figure class=\"wp-block-image size-large\"><img data-recalc-dims=\"1\" loading=\"lazy\" decoding=\"async\" width=\"1080\" height=\"1620\" data-id=\"160871\" src=\"https:\/\/i0.wp.com\/www.claret.org\/wp-content\/uploads\/2023\/12\/SA-20231216-Ordenacion-de-Malov-Denis-Dmitriyevich-9.jpg?resize=1080%2C1620&#038;ssl=1\" alt=\"\" class=\"wp-image-160871\" title=\"\" srcset=\"https:\/\/www.claret.org\/wp-content\/uploads\/2023\/12\/SA-20231216-Ordenacion-de-Malov-Denis-Dmitriyevich-9.jpg 1080w, https:\/\/www.claret.org\/wp-content\/uploads\/2023\/12\/SA-20231216-Ordenacion-de-Malov-Denis-Dmitriyevich-9-980x1470.jpg 980w, https:\/\/www.claret.org\/wp-content\/uploads\/2023\/12\/SA-20231216-Ordenacion-de-Malov-Denis-Dmitriyevich-9-480x720.jpg 480w\" sizes=\"(min-width: 0px) and (max-width: 480px) 480px, (min-width: 481px) and (max-width: 980px) 980px, (min-width: 981px) 1080px, 100vw\" \/><\/figure>\n\n\n\n<figure class=\"wp-block-image size-large\"><img data-recalc-dims=\"1\" loading=\"lazy\" decoding=\"async\" width=\"1080\" height=\"1385\" data-id=\"160865\" src=\"https:\/\/i0.wp.com\/www.claret.org\/wp-content\/uploads\/2023\/12\/SA-20231216-Ordenacion-de-Malov-Denis-Dmitriyevich-4.jpg?resize=1080%2C1385&#038;ssl=1\" alt=\"\" class=\"wp-image-160865\" title=\"\" srcset=\"https:\/\/www.claret.org\/wp-content\/uploads\/2023\/12\/SA-20231216-Ordenacion-de-Malov-Denis-Dmitriyevich-4.jpg 1080w, https:\/\/www.claret.org\/wp-content\/uploads\/2023\/12\/SA-20231216-Ordenacion-de-Malov-Denis-Dmitriyevich-4-980x1257.jpg 980w, https:\/\/www.claret.org\/wp-content\/uploads\/2023\/12\/SA-20231216-Ordenacion-de-Malov-Denis-Dmitriyevich-4-480x616.jpg 480w\" sizes=\"(min-width: 0px) and (max-width: 480px) 480px, (min-width: 481px) and (max-width: 980px) 980px, (min-width: 981px) 1080px, 100vw\" \/><\/figure>\n\n\n\n<figure class=\"wp-block-image size-large\"><img data-recalc-dims=\"1\" loading=\"lazy\" decoding=\"async\" width=\"1080\" height=\"1166\" data-id=\"160877\" src=\"https:\/\/i0.wp.com\/www.claret.org\/wp-content\/uploads\/2023\/12\/SA-20231216-Ordenacion-de-Malov-Denis-Dmitriyevich-6.jpg?resize=1080%2C1166&#038;ssl=1\" alt=\"\" class=\"wp-image-160877\" title=\"\" srcset=\"https:\/\/www.claret.org\/wp-content\/uploads\/2023\/12\/SA-20231216-Ordenacion-de-Malov-Denis-Dmitriyevich-6.jpg 1080w, https:\/\/www.claret.org\/wp-content\/uploads\/2023\/12\/SA-20231216-Ordenacion-de-Malov-Denis-Dmitriyevich-6-980x1058.jpg 980w, https:\/\/www.claret.org\/wp-content\/uploads\/2023\/12\/SA-20231216-Ordenacion-de-Malov-Denis-Dmitriyevich-6-480x518.jpg 480w\" sizes=\"(min-width: 0px) and (max-width: 480px) 480px, (min-width: 481px) and (max-width: 980px) 980px, (min-width: 981px) 1080px, 100vw\" \/><\/figure>\n\n\n\n<figure class=\"wp-block-image size-large\"><img data-recalc-dims=\"1\" loading=\"lazy\" decoding=\"async\" width=\"1080\" height=\"720\" data-id=\"160883\" src=\"https:\/\/i0.wp.com\/www.claret.org\/wp-content\/uploads\/2023\/12\/SA-20231216-Ordenacion-de-Malov-Denis-Dmitriyevich-5.jpg?resize=1080%2C720&#038;ssl=1\" alt=\"\" class=\"wp-image-160883\" title=\"\" srcset=\"https:\/\/www.claret.org\/wp-content\/uploads\/2023\/12\/SA-20231216-Ordenacion-de-Malov-Denis-Dmitriyevich-5.jpg 1080w, https:\/\/www.claret.org\/wp-content\/uploads\/2023\/12\/SA-20231216-Ordenacion-de-Malov-Denis-Dmitriyevich-5-980x653.jpg 980w, https:\/\/www.claret.org\/wp-content\/uploads\/2023\/12\/SA-20231216-Ordenacion-de-Malov-Denis-Dmitriyevich-5-480x320.jpg 480w\" sizes=\"(min-width: 0px) and (max-width: 480px) 480px, (min-width: 481px) and (max-width: 980px) 980px, (min-width: 981px) 1080px, 100vw\" \/><\/figure>\n<\/figure>\n\n<p><\/p>\n\n<p>Nelle settimane precedenti, P. Denis e i seminaristi del Seminario interdiocesano Maria Regina degli Apostoli si sono preparati con grande cura alla celebrazione. L&#8217;evento si \u00e8 rivelato dignitoso pur mantenendo il significato emotivo che meritava. Un particolare degno di nota \u00e8 la vestizione della casula su P. Denis da parte del Superiore Provinciale. La pianeta \u00e8 un dono della comunit\u00e0 parrocchiale di Murmansk e della comunit\u00e0 clarettiana di San Pietroburgo. Inoltre, il neo-ordinato sacerdote Denis ricevette un calice e una patena come dono dal &#8220;popolo santo di Dio&#8221;, che furono offerti al Vescovo dalla madre di Denis e da uno dei suoi fratelli.<\/p>\n\n<p>Dopo la celebrazione, il Vescovo ha consegnato la parola all&#8217;Ispettore, che ha poi espresso l&#8217;immensa gioia della Provincia di Santiago nel commemorare il completamento della fase di formazione iniziale di P. Denis. Ha sottolineato che P. Denis era stato chiamato a servire la Chiesa nella Famiglia Clarettiana a causa della presenza della Congregazione nel territorio del Circolo Polare Artico per quasi 25 anni. L&#8217;Ispettore ha anche augurato a P. Denis la capacit\u00e0 di conservare la testimonianza della gioia missionaria nel suo servizio al Popolo di Dio, che dovrebbe essere sempre la sua qualit\u00e0 pi\u00f9 attiva.<\/p>\n\n<p>Durante le sue parole di gratitudine, P. Denis ha detto:<\/p>\n\n<blockquote class=\"wp-block-quote is-layout-flow wp-block-quote-is-layout-flow\">\n<p>&#8220;Vi prego di pregare per me affinch\u00e9, nel mio ministero sacerdotale, io possa essere parte di voi. Perch\u00e9 sono parte di queste persone. Sono tra voi come colui che serve. Sono qui per te.&#8221;<\/p>\n<\/blockquote>\n\n<p>Sua madre, Rita, ringrazi\u00f2 il Signore e i missionari clarettiani che non avevano paura delle dure condizioni del Circolo Polare Artico e vennero a servire il popolo di Dio a Murmansk.<\/p>\n\n<blockquote class=\"wp-block-quote is-layout-flow wp-block-quote-is-layout-flow\">\n<p>&#8220;Credo e spero che nella persona di mio figlio, la Chiesa abbia trovato un degno successore all&#8217;opera di sant&#8217;Antonio Maria Claret e dei santi apostoli, un pastore per il quale l&#8217;amore di Dio e del prossimo non \u00e8 un insieme di parole nobili, ma abnegazione espressa nelle azioni di servizio quotidiane.&#8221;<\/p>\n<\/blockquote>\n\n<p>Ha anche letto un saluto a nome della comunit\u00e0 parrocchiale a Denis, che era felice di vedere uno dei suoi figli messo al servizio degli altri fratelli nella fede.<\/p>\n\n<p><\/p>\n\n<figure class=\"wp-block-gallery has-nested-images columns-default is-cropped wp-block-gallery-2 is-layout-flex wp-block-gallery-is-layout-flex\">\n<figure class=\"wp-block-image size-large\"><img data-recalc-dims=\"1\" loading=\"lazy\" decoding=\"async\" width=\"1080\" height=\"720\" data-id=\"160889\" src=\"https:\/\/i0.wp.com\/www.claret.org\/wp-content\/uploads\/2023\/12\/SA-20231216-Ordenacion-de-Malov-Denis-Dmitriyevich-7.jpg?resize=1080%2C720&#038;ssl=1\" alt=\"\" class=\"wp-image-160889\" title=\"\" srcset=\"https:\/\/www.claret.org\/wp-content\/uploads\/2023\/12\/SA-20231216-Ordenacion-de-Malov-Denis-Dmitriyevich-7.jpg 1080w, https:\/\/www.claret.org\/wp-content\/uploads\/2023\/12\/SA-20231216-Ordenacion-de-Malov-Denis-Dmitriyevich-7-980x653.jpg 980w, https:\/\/www.claret.org\/wp-content\/uploads\/2023\/12\/SA-20231216-Ordenacion-de-Malov-Denis-Dmitriyevich-7-480x320.jpg 480w\" sizes=\"(min-width: 0px) and (max-width: 480px) 480px, (min-width: 481px) and (max-width: 980px) 980px, (min-width: 981px) 1080px, 100vw\" \/><\/figure>\n\n\n\n<figure class=\"wp-block-image size-large\"><img data-recalc-dims=\"1\" loading=\"lazy\" decoding=\"async\" width=\"1080\" height=\"735\" data-id=\"160895\" src=\"https:\/\/i0.wp.com\/www.claret.org\/wp-content\/uploads\/2023\/12\/SA-20231216-Ordenacion-de-Malov-Denis-Dmitriyevich-8.jpg?resize=1080%2C735&#038;ssl=1\" alt=\"\" class=\"wp-image-160895\" title=\"\" srcset=\"https:\/\/www.claret.org\/wp-content\/uploads\/2023\/12\/SA-20231216-Ordenacion-de-Malov-Denis-Dmitriyevich-8.jpg 1080w, https:\/\/www.claret.org\/wp-content\/uploads\/2023\/12\/SA-20231216-Ordenacion-de-Malov-Denis-Dmitriyevich-8-980x667.jpg 980w, https:\/\/www.claret.org\/wp-content\/uploads\/2023\/12\/SA-20231216-Ordenacion-de-Malov-Denis-Dmitriyevich-8-480x327.jpg 480w\" sizes=\"(min-width: 0px) and (max-width: 480px) 480px, (min-width: 481px) and (max-width: 980px) 980px, (min-width: 981px) 1080px, 100vw\" \/><\/figure>\n<\/figure>\n\n<p><\/p>\n","protected":false},"excerpt":{"rendered":"<p>P. Malov Denis Dmitriyevich, CMF, \u00e8 stato ordinato sacerdote il 16 dicembre 2023 nella Cattedrale dell&#8217;Assunzione di San Pietroburgo dal vescovo Nicolai Gennadevich Dubinin, O.F.M. Conv.<\/p>\n","protected":false},"author":2,"featured_media":160862,"comment_status":"closed","ping_status":"closed","sticky":false,"template":"","format":"standard","meta":{"_et_pb_use_builder":"","_et_pb_old_content":"","_et_gb_content_width":"","footnotes":""},"categories":[577,338],"tags":[],"class_list":["post-162345","post","type-post","status-publish","format-standard","has-post-thumbnail","hentry","category-ordinazioni","category-santiago-it"],"jetpack_featured_media_url":"https:\/\/i0.wp.com\/www.claret.org\/wp-content\/uploads\/2023\/12\/SA-20231216-Ordenacion-de-Malov-Denis-Dmitriyevich-1.jpg?fit=1080%2C720&ssl=1","jetpack_sharing_enabled":true,"jetpack_shortlink":"https:\/\/wp.me\/pdaBmi-Get","jetpack_likes_enabled":true,"_links":{"self":[{"href":"https:\/\/www.claret.org\/it\/wp-json\/wp\/v2\/posts\/162345","targetHints":{"allow":["GET"]}}],"collection":[{"href":"https:\/\/www.claret.org\/it\/wp-json\/wp\/v2\/posts"}],"about":[{"href":"https:\/\/www.claret.org\/it\/wp-json\/wp\/v2\/types\/post"}],"author":[{"embeddable":true,"href":"https:\/\/www.claret.org\/it\/wp-json\/wp\/v2\/users\/2"}],"replies":[{"embeddable":true,"href":"https:\/\/www.claret.org\/it\/wp-json\/wp\/v2\/comments?post=162345"}],"version-history":[{"count":0,"href":"https:\/\/www.claret.org\/it\/wp-json\/wp\/v2\/posts\/162345\/revisions"}],"wp:featuredmedia":[{"embeddable":true,"href":"https:\/\/www.claret.org\/it\/wp-json\/wp\/v2\/media\/160862"}],"wp:attachment":[{"href":"https:\/\/www.claret.org\/it\/wp-json\/wp\/v2\/media?parent=162345"}],"wp:term":[{"taxonomy":"category","embeddable":true,"href":"https:\/\/www.claret.org\/it\/wp-json\/wp\/v2\/categories?post=162345"},{"taxonomy":"post_tag","embeddable":true,"href":"https:\/\/www.claret.org\/it\/wp-json\/wp\/v2\/tags?post=162345"}],"curies":[{"name":"wp","href":"https:\/\/api.w.org\/{rel}","templated":true}]}}