{"id":177722,"date":"2025-03-10T09:00:00","date_gmt":"2025-03-10T08:00:00","guid":{"rendered":"https:\/\/www.claret.org\/?p=177722"},"modified":"2025-03-11T16:05:59","modified_gmt":"2025-03-11T15:05:59","slug":"la-delegazione-indonesia-timor-leste-presto-provincia-ave-maria","status":"publish","type":"post","link":"https:\/\/www.claret.org\/it\/la-delegazione-indonesia-timor-leste-presto-provincia-ave-maria\/","title":{"rendered":"La Delegazione Indonesia-Timor Leste presto Provincia Ave Maria"},"content":{"rendered":"\n<p class=\"has-drop-cap\"><p><span style=\"font-weight: 400;\">Onore alla missione della Delegazione Indipendente di Indonesia-Timor Leste! Il 7 marzo 2025, il Superiore Generale, P. Mathew Vattamattam, e il suo Consiglio hanno accolto la richiesta del Superiore Maggiore, P. Valens Agino, di elevare la Delegazione a nuova Provincia con il nome di <\/span><i><span style=\"font-weight: 400;\">Provincia Ave Maria<\/span><\/i><span style=\"font-weight: 400;\">. Questa richiesta \u00e8 il frutto di un lungo periodo di preparazione, consultazione e discernimento. Nel corso degli anni, la Delegazione ha conosciuto una crescita significativa, con un numero crescente di membri, audaci piattaforme di evangelizzazione nelle periferie e il costante supporto di tutti i suoi collaboratori.<\/span><\/p><\/p>\n\n<p><p><span style=\"font-weight: 400;\">La missione claretiana in Indonesia-Timor Leste \u00e8 nata durante il mandato del P. Domingo Moraleda, allora Superiore Provinciale della Provincia delle Filippine, con il sostegno del P. Gustavo\u00a0Alonso, ex Superiore Generale della Congregazione. L&#8217;idea di questa nuova missione \u00e8 sorta all&#8217;interno della Provincia delle Filippine, che nel 1983 aveva aperto una missione a Darwin, in Australia, includendo l&#8217;assistenza pastorale ai rifugiati provenienti da Timor Leste. Grazie all\u2019esperienza maturata nell&#8217;accompagnamento dei rifugiati timoresi a Darwin, il Consiglio Provinciale delle Filippine ha iniziato a raccogliere ulteriori informazioni in vista di una possibile missione in Indonesia, in particolare nella provincia di Timor Leste. A quel tempo, Timor Leste era ancora sotto il dominio dell&#8217;Indonesia. La sfavorevole situazione socio-politica ha rallentato la realizzazione di questa intenzione missionaria. Il progetto di apertura della missione \u00e8 stato poi ulteriormente discernito durante la conferenza ASCLA. Nella cronaca scritta dal P. Domingo Moraleda, egli descriveva la missione in Indonesia-Timor Leste come <\/span><i><span style=\"font-weight: 400;\">Una nuova frontiera missionaria per i Clarettiani dell&#8217;ASCLA<\/span><\/i><span style=\"font-weight: 400;\">.<\/span><\/p><\/p>\n\n<p>Nel 1987, il P. Domingo Moraleda entr\u00f2 in contatto con i missionari salesiani presenti a Timor Leste. Con l&#8217;aiuto della Divina Provvidenza, riusc\u00ec a mettersi in comunicazione con il Superiore salesiano per Timor Leste, P. Jos\u00e9 Carbonell, SDB. Quest&#8217;ultimo era un caro amico dei missionari clarettiani delle Filippine, avendo servito come Provinciale salesiano nelle Filippine negli anni Settanta. Fu lui a facilitare ulteriori comunicazioni riguardo al desiderio missionario dei clarettiani di operare a Timor Leste. Attraverso di lui, il P. Domingo Moraleda invi\u00f2 una lettera all&#8217;Amministratore Apostolico di Timor, Mons. Felipe Ximenes Belo, SDB, nel settembre 1987. Per il tramite del P. Carbonell, l\u2019Amministratore Apostolico di Timor rispose con una lettera di invito al P. Moraleda nel gennaio 1988, invitandolo a lavorare nella Chiesa locale di Timor Leste. Questo invito fu accolto con grande entusiasmo dal Consiglio Provinciale delle Filippine e l&#8217;ASCLA era pronta a inviare missionari clarettiani per la missione.<\/p>\n\n<p>La Provincia assegn\u00f2 come missionari pionieri i Padri Manuel Su\u00f1az e Orly Cantillon, dalle Filippine, e il P. James Nadakal, dall&#8217;India. Il 5 maggio 1990, questi tre missionari, accompagnati dal P. Moraleda, partirono per Jakarta e giunsero a Dili il 10 maggio 1990. Furono accolti dal Vescovo Belo, che li accompagn\u00f2 alla parrocchia di Suai, Kovalima. Questa parrocchia portava il nome di Parrocchia Ave Maria. Dal centro missionario della Parrocchia Ave Maria, a Suai, ottennero il permesso di espandersi e fondare una nuova parrocchia a Fohorem. Grazie allo sviluppo rapido della missione e delle vocazioni, questa nuova missione divenne una delegazione dipendente dalla Provincia delle Filippine. Successivamente, il 25 aprile 2005, fu eretta come Delegazione Indipendente di Indonesia-Timor Leste. Oggi conta 177 membri distribuiti in dieci diocesi in Indonesia e due diocesi a Timor Leste.&#13;\n&#13;\n<\/p>\n\n<p><\/p>\n\n<figure class=\"wp-block-gallery has-nested-images columns-default is-cropped wp-block-gallery-1 is-layout-flex wp-block-gallery-is-layout-flex\">\n<figure class=\"wp-block-image size-large\"><img data-recalc-dims=\"1\" loading=\"lazy\" decoding=\"async\" width=\"1024\" height=\"730\" data-id=\"177690\" src=\"https:\/\/i0.wp.com\/www.claret.org\/wp-content\/uploads\/2025\/03\/2025-03-10-Annoucement-New-Province-Indonasia-2.jpg?resize=1024%2C730&#038;ssl=1\" alt=\"\" class=\"wp-image-177690\" title=\"\" srcset=\"https:\/\/www.claret.org\/wp-content\/uploads\/2025\/03\/2025-03-10-Annoucement-New-Province-Indonasia-2-980x698.jpg 980w, https:\/\/www.claret.org\/wp-content\/uploads\/2025\/03\/2025-03-10-Annoucement-New-Province-Indonasia-2-480x342.jpg 480w\" sizes=\"(min-width: 0px) and (max-width: 480px) 480px, (min-width: 481px) and (max-width: 980px) 980px, (min-width: 981px) 1024px, 100vw\" \/><\/figure>\n\n\n\n<figure class=\"wp-block-image size-large\"><img data-recalc-dims=\"1\" loading=\"lazy\" decoding=\"async\" width=\"1024\" height=\"768\" data-id=\"177708\" src=\"https:\/\/i0.wp.com\/www.claret.org\/wp-content\/uploads\/2025\/03\/2025-03-10-Annoucement-New-Province-Indonasia-3.jpg?resize=1024%2C768&#038;ssl=1\" alt=\"\" class=\"wp-image-177708\" title=\"\" srcset=\"https:\/\/www.claret.org\/wp-content\/uploads\/2025\/03\/2025-03-10-Annoucement-New-Province-Indonasia-3-980x735.jpg 980w, https:\/\/www.claret.org\/wp-content\/uploads\/2025\/03\/2025-03-10-Annoucement-New-Province-Indonasia-3-480x360.jpg 480w\" sizes=\"(min-width: 0px) and (max-width: 480px) 480px, (min-width: 481px) and (max-width: 980px) 980px, (min-width: 981px) 1024px, 100vw\" \/><\/figure>\n\n\n\n<figure class=\"wp-block-image size-large\"><img data-recalc-dims=\"1\" loading=\"lazy\" decoding=\"async\" width=\"1024\" height=\"869\" data-id=\"177702\" src=\"https:\/\/i0.wp.com\/www.claret.org\/wp-content\/uploads\/2025\/03\/2025-03-10-Annoucement-New-Province-Indonasia-5.jpg?resize=1024%2C869&#038;ssl=1\" alt=\"\" class=\"wp-image-177702\" title=\"\" srcset=\"https:\/\/www.claret.org\/wp-content\/uploads\/2025\/03\/2025-03-10-Annoucement-New-Province-Indonasia-5-1024x869.jpg 1024w, https:\/\/www.claret.org\/wp-content\/uploads\/2025\/03\/2025-03-10-Annoucement-New-Province-Indonasia-5-980x831.jpg 980w, https:\/\/www.claret.org\/wp-content\/uploads\/2025\/03\/2025-03-10-Annoucement-New-Province-Indonasia-5-480x407.jpg 480w\" sizes=\"(min-width: 0px) and (max-width: 480px) 480px, (min-width: 481px) and (max-width: 980px) 980px, (min-width: 981px) 1024px, 100vw\" \/><\/figure>\n<\/figure>\n","protected":false},"excerpt":{"rendered":"<p>Onore alla missione della Delegazione Indipendente di Indonesia-Timor Leste! Il 7 marzo 2025, il Superiore Generale, P. Mathew Vattamattam, e il suo Consiglio hanno accolto la richiesta del Superiore Maggiore, P. Valens Agino, di elevare la Delegazione a nuova Provincia con il nome di Provincia Ave Maria. Questa richiesta \u00e8 il frutto di un lungo [&hellip;]<\/p>\n","protected":false},"author":1009,"featured_media":177687,"comment_status":"closed","ping_status":"closed","sticky":false,"template":"","format":"standard","meta":{"_et_pb_use_builder":"","_et_pb_old_content":"","_et_gb_content_width":"","footnotes":""},"categories":[203,195],"tags":[],"class_list":["post-177722","post","type-post","status-publish","format-standard","has-post-thumbnail","hentry","category-ave-maria-it","category-ascla-east-it"],"jetpack_featured_media_url":"https:\/\/i0.wp.com\/www.claret.org\/wp-content\/uploads\/2025\/03\/2025-03-10-Annoucement-New-Province-Indonasia-1-1.jpg?fit=1266%2C712&ssl=1","jetpack_sharing_enabled":true,"jetpack_shortlink":"https:\/\/wp.me\/pdaBmi-Keu","jetpack_likes_enabled":true,"_links":{"self":[{"href":"https:\/\/www.claret.org\/it\/wp-json\/wp\/v2\/posts\/177722","targetHints":{"allow":["GET"]}}],"collection":[{"href":"https:\/\/www.claret.org\/it\/wp-json\/wp\/v2\/posts"}],"about":[{"href":"https:\/\/www.claret.org\/it\/wp-json\/wp\/v2\/types\/post"}],"author":[{"embeddable":true,"href":"https:\/\/www.claret.org\/it\/wp-json\/wp\/v2\/users\/1009"}],"replies":[{"embeddable":true,"href":"https:\/\/www.claret.org\/it\/wp-json\/wp\/v2\/comments?post=177722"}],"version-history":[{"count":3,"href":"https:\/\/www.claret.org\/it\/wp-json\/wp\/v2\/posts\/177722\/revisions"}],"predecessor-version":[{"id":177779,"href":"https:\/\/www.claret.org\/it\/wp-json\/wp\/v2\/posts\/177722\/revisions\/177779"}],"wp:featuredmedia":[{"embeddable":true,"href":"https:\/\/www.claret.org\/it\/wp-json\/wp\/v2\/media\/177687"}],"wp:attachment":[{"href":"https:\/\/www.claret.org\/it\/wp-json\/wp\/v2\/media?parent=177722"}],"wp:term":[{"taxonomy":"category","embeddable":true,"href":"https:\/\/www.claret.org\/it\/wp-json\/wp\/v2\/categories?post=177722"},{"taxonomy":"post_tag","embeddable":true,"href":"https:\/\/www.claret.org\/it\/wp-json\/wp\/v2\/tags?post=177722"}],"curies":[{"name":"wp","href":"https:\/\/api.w.org\/{rel}","templated":true}]}}