{"id":17956,"date":"2018-05-10T19:05:02","date_gmt":"2018-05-10T17:05:02","guid":{"rendered":"https:\/\/www.claret.org\/la-fragua-inglese-comincia-la-seconda-fase\/"},"modified":"2018-05-10T19:05:02","modified_gmt":"2018-05-10T17:05:02","slug":"la-fragua-inglese-comincia-la-seconda-fase","status":"publish","type":"post","link":"https:\/\/www.claret.org\/it\/la-fragua-inglese-comincia-la-seconda-fase\/","title":{"rendered":"La Fragua (inglese) comincia la seconda fase"},"content":{"rendered":"<p><strong>Madrid, Spagna.<\/strong> La quarta edizione inglese dell\u2019Incontro di Rinnovamento Clarettiano, La Fragua, ha completato con successo la prima fase ed \u00e8 entrato nella seconda, Missionari in Comunit\u00e0: <em>Caritas Christ<\/em>i. Questa tappa segue il secondo processo di trasformazione indicato dal XXV Capitolo Generale e concentra la sua riflessione sulla sequela di Ges\u00f9 Cristo. L&#8217;esperienza centrale di questa parte sar\u00e0 il pellegrinaggio in Terra Santa per camminare nella terra dove Ges\u00f9 stesso ha camminato, contemplando il suo mistero pasquale e il nostro discepolato in comunit\u00e0. Il pellegrinaggio si svolger\u00e0 tra l&#8217;11 e il 19 maggio.<\/p>\n<p>La prima fase si \u00e8 concentrata sul terzo processo di trasformazione indicato dal Capitolo Generale: Adoratori. Gli esercizi spirituali  di nove giorni, che si sono tenuti nel monastero cistercense del XII secolo di  Buenafuente del Sistal sono stati l&#8217;esperienza centrale di questo tempo di &#8220;stare nella casa del Padre&#8221;. Tutti i partecipanti hanno riconosciuto all&#8217;unanimit\u00e0 la profonda esperienza vissuta nel monastero come un momento che ha arricchito la dimensione contemplativa del loro cuore. Essi sono stati immersi nella profondit\u00e0 degli esercizi spirituale meditando su tre dinamiche principali della Fragua- <em>Patris mei, Caritas Christi e Spiritus Domini<\/em>&#8211; radicati nella Parola di Dio e aiutati da varie forme di preghiera come la meditazione riflessiva e attenta, la preghiera raccolta e la <em>lectio divina<\/em>.<\/p>\n<p>La prima fase di Patris Mei ha avuto il miglior finale possibile grazie alla presenza del Superiore Generale della nostra Congregazione, Mathew Vattamattam cmf, che ha animato le sessioni dei giorni 4 e 5 maggio e ha avuto un incontro fraterno con ciascuno dei partecipanti offrendo  il suo supporto ed accompagnamento nei loro  processi personali di trasformazione. Il gruppo della Fucina porta tutta la Congregazione nel suo cuore e la rende costantemente presente nella  preghiera intercedendo ogni giorno per ognuno dei suoi  Organismi Maggiori. A sua volta, il gruppo chiede la preghiera della Congregazione per questi loro figli che fanno la Fucina.<\/p>\n<p>&nbsp;<\/p>\n<p>&nbsp;<\/p>\n<div class=\"et_pb_slider et_pb_slider_fullwidth_off et_pb_gallery_post_type\">\n\t\t\t\t<div class=\"et_pb_slides\">\n\t\t\t\t\t<div class=\"et_pb_slide\" style=\"background: url(https:\/\/www.claret.org\/wp-content\/uploads\/2018\/05\/LaGranja1-copy.jpg);\"><\/div><div class=\"et_pb_slide\" style=\"background: url(https:\/\/www.claret.org\/wp-content\/uploads\/2018\/05\/Stations-copy.jpg);\"><\/div><div class=\"et_pb_slide\" style=\"background: url(https:\/\/www.claret.org\/wp-content\/uploads\/2018\/05\/BuenafuentedeSistal-copy.jpg);\"><\/div><div class=\"et_pb_slide\" style=\"background: url(https:\/\/www.claret.org\/wp-content\/uploads\/2018\/05\/Aquaduct-copy.jpg);\"><\/div>\n\t\t\t\t<\/div>\n\t\t\t<\/div>\n","protected":false},"excerpt":{"rendered":"<p>Madrid, Spagna. La quarta edizione inglese dell\u2019Incontro di Rinnovamento Clarettiano, La Fragua, ha completato con successo la prima fase ed \u00e8 entrato nella seconda, Missionari in Comunit\u00e0: Caritas Christi. Questa tappa segue il secondo processo di trasformazione indicato dal XXV Capitolo Generale e concentra la sua riflessione sulla sequela di Ges\u00f9 Cristo. L&#8217;esperienza centrale di [&hellip;]<\/p>\n","protected":false},"author":2,"featured_media":17852,"comment_status":"closed","ping_status":"closed","sticky":false,"template":"","format":"standard","meta":{"_et_pb_use_builder":"","_et_pb_old_content":"","_et_gb_content_width":"","footnotes":""},"categories":[626,620],"tags":[],"class_list":["post-17956","post","type-post","status-publish","format-standard","has-post-thumbnail","hentry","category-formazione-permanente","category-la-fucina"],"jetpack_featured_media_url":"https:\/\/i0.wp.com\/www.claret.org\/wp-content\/uploads\/2018\/05\/GeneralGroup_Salva-copy.jpg?fit=1280%2C960&ssl=1","jetpack_sharing_enabled":true,"jetpack_shortlink":"https:\/\/wp.me\/pdaBmi-4FC","jetpack_likes_enabled":true,"_links":{"self":[{"href":"https:\/\/www.claret.org\/it\/wp-json\/wp\/v2\/posts\/17956","targetHints":{"allow":["GET"]}}],"collection":[{"href":"https:\/\/www.claret.org\/it\/wp-json\/wp\/v2\/posts"}],"about":[{"href":"https:\/\/www.claret.org\/it\/wp-json\/wp\/v2\/types\/post"}],"author":[{"embeddable":true,"href":"https:\/\/www.claret.org\/it\/wp-json\/wp\/v2\/users\/2"}],"replies":[{"embeddable":true,"href":"https:\/\/www.claret.org\/it\/wp-json\/wp\/v2\/comments?post=17956"}],"version-history":[{"count":0,"href":"https:\/\/www.claret.org\/it\/wp-json\/wp\/v2\/posts\/17956\/revisions"}],"wp:featuredmedia":[{"embeddable":true,"href":"https:\/\/www.claret.org\/it\/wp-json\/wp\/v2\/media\/17852"}],"wp:attachment":[{"href":"https:\/\/www.claret.org\/it\/wp-json\/wp\/v2\/media?parent=17956"}],"wp:term":[{"taxonomy":"category","embeddable":true,"href":"https:\/\/www.claret.org\/it\/wp-json\/wp\/v2\/categories?post=17956"},{"taxonomy":"post_tag","embeddable":true,"href":"https:\/\/www.claret.org\/it\/wp-json\/wp\/v2\/tags?post=17956"}],"curies":[{"name":"wp","href":"https:\/\/api.w.org\/{rel}","templated":true}]}}