{"id":25333,"date":"2018-08-02T00:00:30","date_gmt":"2018-08-01T22:00:30","guid":{"rendered":"https:\/\/www.claret.org\/2-agosto\/"},"modified":"2018-08-02T00:00:30","modified_gmt":"2018-08-01T22:00:30","slug":"2-agosto","status":"publish","type":"post","link":"https:\/\/www.claret.org\/it\/2-agosto\/","title":{"rendered":"2 Agosto"},"content":{"rendered":"<div class=\"field field-name-field-meditacion-cita-texto field-type-text-long field-label-hidden\">\n<div class=\"field-items\">\n<div class=\"field-item even\">\u00abIl Cuore di Maria non solo fu membro vivo di Ges\u00f9 Cristo per la fede e la carit\u00e0, ma anche origine e sorgente da cui si form\u00f2 l\u2019umanit\u00e0\u00bb.<\/div>\n<\/div>\n<\/div>\n<div class=\"field field-name-field-meditacion-cita field-type-text field-label-hidden\">\n<div class=\"field-items\">\n<div class=\"field-item even\">Lettera a un devoto del Cuore di Maria, in EC II, p. 1.500<\/div>\n<\/div>\n<\/div>\n<div class=\"titulo-meditacion\">\n<h2>IL CUORE DI MARIA, SORGENTE DI DONI<\/h2>\n<\/div>\n<div class=\"field field-name-body field-type-text-with-summary field-label-hidden\">\n<div class=\"field-items\">\n<div class=\"field-item even\">\n<p>I mariologi, contemplando Maria nel mistero della salvezza, riconoscono uno stretto legame di relazioni, e tanti vincoli che sono obbligati a presentarla come donna aperta alla reciprocit\u00e0, come esperta agli incontri, come modello di comunione. Si \u00e8 scritto certamente che \u00abMaria \u00e8 la donna dell\u2019armonia, che riunisce in se il simbolo sacro delle relazioni universali e dell\u2019integrazione di tutto il creato nel mistero della bellezza cosmica che trascende tutto il creato \u2026 \u00bb (R. Tomich\u00e1).<br \/>\nNel testo che ora commentiamo affiorano nell\u2019intuizione clarettiana le due relazioni che provocarono le maggiori controversie conciliari: Maria in rapporto a Cristo di fronte a Maria nel suo rapporto con la Chiesa. La controversia fu feconda e diede come risultato il cap. 8 della Costituzione Lumen Gentium, sintesi delle due tendenze: \u00abLa beata Vergine, per il dono e l&#8217;ufficio della divina maternit\u00e0 che la unisce col Figlio redentore e per le sue singolari grazie e funzioni, \u00e8 pure intimamente congiunta con la Chiesa\u00bb (LG 63).<br \/>\nL\u2019Enciclica di san Giovanni Paolo II, Redemptoris Mater, esplicita ancor pi\u00f9 queste prospettive. Limitiamoci al testi riferito alla fede: \u00abLa madre di quel Figlio [\u2026] porta in s\u00e9 la radicale \u00abnovit\u00e0\u00bb della fede: l&#8217;inizio della Nuova Alleanza. [\u2026] Non \u00e8 difficile, per\u00f2, notare in questo inizio una particolare fatica del cuore, unita a una sorta di \u00abnotte della fede\u00bb -per usare le parole di san Giovanni della Croce-, quasi un \u00abvelo\u00bb attraverso il quale bisogna accostarsi all&#8217;Invisibile e vivere nell&#8217;intimit\u00e0 col mistero\u00bb (RM 17b).<br \/>\nPer questo Claret la chiam\u00f2 sua \u00abMadrina\u00bb. Cio\u00e8 educatrice nella fede. Non so di nessun santo n\u00e9 santa che l\u2019avevano chiamata cos\u00ec: \u00abMia Madrina\u00bb, colei che mi educa nella fede, perch\u00e9 Lei conosce meglio di altri il cammino di questa pellegrinaggio.<\/p>\n<\/div>\n<\/div>\n<\/div>\n","protected":false},"excerpt":{"rendered":"<p>\u00abIl Cuore di Maria non solo fu membro vivo di Ges\u00f9 Cristo per la fede e la carit\u00e0, ma anche origine e sorgente da cui si form\u00f2 l\u2019umanit\u00e0\u00bb. Lettera a un devoto del Cuore di Maria, in EC II, p. 1.500 IL CUORE DI MARIA, SORGENTE DI DONI I mariologi, contemplando Maria nel mistero della [&hellip;]<\/p>\n","protected":false},"author":1,"featured_media":0,"comment_status":"closed","ping_status":"closed","sticky":false,"template":"","format":"standard","meta":{"_et_pb_use_builder":"","_et_pb_old_content":"","_et_gb_content_width":"","footnotes":""},"categories":[525],"tags":[],"class_list":["post-25333","post","type-post","status-publish","format-standard","hentry","category-claret-con-te"],"jetpack_featured_media_url":"","jetpack_sharing_enabled":true,"jetpack_shortlink":"https:\/\/wp.me\/pdaBmi-6AB","jetpack_likes_enabled":true,"_links":{"self":[{"href":"https:\/\/www.claret.org\/it\/wp-json\/wp\/v2\/posts\/25333","targetHints":{"allow":["GET"]}}],"collection":[{"href":"https:\/\/www.claret.org\/it\/wp-json\/wp\/v2\/posts"}],"about":[{"href":"https:\/\/www.claret.org\/it\/wp-json\/wp\/v2\/types\/post"}],"author":[{"embeddable":true,"href":"https:\/\/www.claret.org\/it\/wp-json\/wp\/v2\/users\/1"}],"replies":[{"embeddable":true,"href":"https:\/\/www.claret.org\/it\/wp-json\/wp\/v2\/comments?post=25333"}],"version-history":[{"count":0,"href":"https:\/\/www.claret.org\/it\/wp-json\/wp\/v2\/posts\/25333\/revisions"}],"wp:attachment":[{"href":"https:\/\/www.claret.org\/it\/wp-json\/wp\/v2\/media?parent=25333"}],"wp:term":[{"taxonomy":"category","embeddable":true,"href":"https:\/\/www.claret.org\/it\/wp-json\/wp\/v2\/categories?post=25333"},{"taxonomy":"post_tag","embeddable":true,"href":"https:\/\/www.claret.org\/it\/wp-json\/wp\/v2\/tags?post=25333"}],"curies":[{"name":"wp","href":"https:\/\/api.w.org\/{rel}","templated":true}]}}