{"id":26006,"date":"2018-08-17T00:00:25","date_gmt":"2018-08-16T22:00:25","guid":{"rendered":"https:\/\/www.claret.org\/?p=26006"},"modified":"2018-08-17T00:00:25","modified_gmt":"2018-08-16T22:00:25","slug":"17-agosto","status":"publish","type":"post","link":"https:\/\/www.claret.org\/it\/17-agosto\/","title":{"rendered":"17 Agosto"},"content":{"rendered":"<div class=\"field field-name-field-meditacion-cita-texto field-type-text-long field-label-hidden\">\n<div class=\"field-items\">\n<div class=\"field-item even\">\u00abNon aspirare alle dignit\u00e0 e ai benefici ecclesiastici, se Dio non ti chiama a questo, come Aronne; e, se, la divina Provvidenza te le ha date, considera con molta frequenza, il grande peso che grava sulle tue spalle, sia riguardo a te stesso che agli altri che sono tuoi sudditi\u00bb<\/div>\n<\/div>\n<\/div>\n<div class=\"field field-name-field-meditacion-cita field-type-text field-label-hidden\">\n<div class=\"field-items\">\n<div class=\"field-item even\">Suggerimenti a un sacerdote che terminava gli esercizi di Sant\u2019Ignazio, Vic 1844, p. 5).<\/div>\n<\/div>\n<\/div>\n<div class=\"titulo-meditacion\">\n<h2>OCCUPA L\u2019ULTIMO POSTO<\/h2>\n<\/div>\n<div class=\"field field-name-body field-type-text-with-summary field-label-hidden\">\n<div class=\"field-items\">\n<div class=\"field-item even\">\n<p>\u00abVoi per\u00f2 non fate cos\u00ec\u00bb (Lc 22,26). Ges\u00f9 lo disse ai suoi discepoli dopo aver osservato ds vicino come la gente del suo tempo gareggiavano per il potere, i privilegi e la scalata sociale. Lui li esorta con dolcezza a non assecondare una simile tentazione. Ricorda loro che il fine della propria vocazione \u00e8 l\u2019affabilit\u00e0 nel reciproco servizio. L\u2019autorit\u00e0 (il potere) e i privilegi non sono cose cattive in se stesse, ma, quando diventano un valore assoluto e si utilizzano per opprimere gli altri, diventano intrinsecamente perversi.<br \/>\nGli animatori della vita cristiana vengono dal popolo di Dio per essere al servizio di questo stesso popolo. Per prestare questo servizio bisogna essere in sintonia con Dio e non pensare a un livello meramente umano. Per questo, coloro che ricevono la chiamata a essere gli animatori della fede degli altri mai devono utilizzare il potere e il privilegio della propria posizione per ottenere onori, titoli o vantaggi economici, per se stessi o per i loro affiliati. La sua vocazione lo obbliga a qualcosa di pi\u00f9 con atteggiamento di servizio e in impiego di amore.<br \/>\nQuando il P. Claret, nella sua Autobiografia, fa la lista del gruppo di fondazione della sua Congregazione di Missionari, conclude cos\u00ec: \u00ab\u2026 Antonio Claret, io, infimo fra tutti; e infatti tutti sono pi\u00f9 istruiti di me, pi\u00f9 virtuosi e io mi ritenevo felice e fortunato di poter essere il loro servitore\u00bb (Aut 489).<br \/>\nTu sei disposto ad assumere gioiosamente, il servizio ecclesiale che ti \u00e8 chiesto, e a far si, che fruttifichi il seme che \u00e8 stato seminato in te, senza preoccuparti di considerare la maggiore o minore riuscita che possa portare con s\u00e9? Se ti hanno affidato un servizio di direzione o di governo, saprai evitare la ricerca di un profitto personale e opterai per metterti a servizio amorevolmente per le persone che ti sono state affidate?<\/p>\n<\/div>\n<\/div>\n<\/div>\n","protected":false},"excerpt":{"rendered":"<p>\u00abNon aspirare alle dignit\u00e0 e ai benefici ecclesiastici, se Dio non ti chiama a questo, come Aronne; e, se, la divina Provvidenza te le ha date, considera con molta frequenza, il grande peso che grava sulle tue spalle, sia riguardo a te stesso che agli altri che sono tuoi sudditi\u00bb Suggerimenti a un sacerdote che [&hellip;]<\/p>\n","protected":false},"author":1,"featured_media":0,"comment_status":"closed","ping_status":"closed","sticky":false,"template":"","format":"standard","meta":{"_et_pb_use_builder":"","_et_pb_old_content":"","_et_gb_content_width":"","footnotes":""},"categories":[525],"tags":[],"class_list":["post-26006","post","type-post","status-publish","format-standard","hentry","category-claret-con-te"],"jetpack_featured_media_url":"","jetpack_sharing_enabled":true,"jetpack_shortlink":"https:\/\/wp.me\/pdaBmi-6Ls","jetpack_likes_enabled":true,"_links":{"self":[{"href":"https:\/\/www.claret.org\/it\/wp-json\/wp\/v2\/posts\/26006","targetHints":{"allow":["GET"]}}],"collection":[{"href":"https:\/\/www.claret.org\/it\/wp-json\/wp\/v2\/posts"}],"about":[{"href":"https:\/\/www.claret.org\/it\/wp-json\/wp\/v2\/types\/post"}],"author":[{"embeddable":true,"href":"https:\/\/www.claret.org\/it\/wp-json\/wp\/v2\/users\/1"}],"replies":[{"embeddable":true,"href":"https:\/\/www.claret.org\/it\/wp-json\/wp\/v2\/comments?post=26006"}],"version-history":[{"count":0,"href":"https:\/\/www.claret.org\/it\/wp-json\/wp\/v2\/posts\/26006\/revisions"}],"wp:attachment":[{"href":"https:\/\/www.claret.org\/it\/wp-json\/wp\/v2\/media?parent=26006"}],"wp:term":[{"taxonomy":"category","embeddable":true,"href":"https:\/\/www.claret.org\/it\/wp-json\/wp\/v2\/categories?post=26006"},{"taxonomy":"post_tag","embeddable":true,"href":"https:\/\/www.claret.org\/it\/wp-json\/wp\/v2\/tags?post=26006"}],"curies":[{"name":"wp","href":"https:\/\/api.w.org\/{rel}","templated":true}]}}