{"id":29827,"date":"2018-09-16T11:09:46","date_gmt":"2018-09-16T09:09:46","guid":{"rendered":"https:\/\/www.claret.org\/animatorecomunitario\/"},"modified":"2018-09-16T11:09:46","modified_gmt":"2018-09-16T09:09:46","slug":"animatorecomunitario","status":"publish","type":"post","link":"https:\/\/www.claret.org\/it\/animatorecomunitario\/","title":{"rendered":"#ANIMATORECOMUNITARIO"},"content":{"rendered":"<blockquote><p><span style=\"font-size: 14pt; color: #000080;\"><strong><em>&#8220;Conosco la realt\u00e0 dei giovani e le loro domande sulla vita. L&#8217;incontro con il Dio vivente mi motiva a fornire accompagnamento ai giovani, con carit\u00e0, gioia e fraternit\u00e0 &#8220;.<\/em><\/strong><\/span><\/p><\/blockquote>\n<p><span style=\"font-size: 14pt;\">Nel 2014 ho avuto il mio primo ritiro di Fragua Giovanile, chiamato <em>Quid Prodest<\/em>. Quell&#8217;esperienza ha cambiato totalmente la mia vita, mi ha fatto approfondire l&#8217;intero processo che stavo passando e nonostante ci\u00f2  mi sono sentito cos\u00ec amato da Dio.<\/span><\/p>\n<p><span style=\"font-size: 14pt;\">Quando ho scoperto la Missione Clarettiana, sono stato scosso dallo stile di vita della comunit\u00e0. Ci\u00f2 che mi ha attratto tanto \u00e8 stato vedere come i clarettiani danno la vita ai pi\u00f9 poveri, danno speranza, educano i giovani e le comunit\u00e0 con il tocco del loro carisma, con fraternit\u00e0 e carit\u00e0, senza curarsi delle distanze o del tempo; lasciando da parte il conforto. Ho iniziato a identificarmi con il carisma e assumevo responsabilit\u00e0 come animatore delle comunit\u00e0 giovanili, sapendo di pi\u00f9 sulla vita del Claret. Attualmente lavoro come educatore in una fondazione educativa e sono un volontario in un collegio per giovani <em>q&#8217;eqchi<\/em>&#8216; con risorse limitate.<\/span><\/p>\n<p><span style=\"font-size: 14pt;\">Nella mia parrocchia coordino la Pastorale Giovanile Clarettiana, vivendo la missione di laico impegnato con i giovani, cercando di condividere il carisma clarettiano con altri giovani per aiutarli a trovare un senso nella loro vita.<\/span><\/p>\n<p><span style=\"font-size: 14pt;\"><em>Gumercindo Caal (Guatemala)<\/em><\/span><\/p>\n<p><a href=\"https:\/\/www.claret.org\/wp-content\/uploads\/2018\/08\/La-Misi\u00f3n-Claretiana-2018-Web-Mobile.pdf\" target=\"_blank\" rel=\"noopener\"><strong><span id=\"result_box\" class=\"short_text\" lang=\"es\"><span class=\"\">Ver el PDF de<\/span><\/span> la Misi\u00f3n Claretiana<\/strong><\/a><\/p>\n<p><a href=\"https:\/\/www.claret.org\/wp-content\/uploads\/2018\/08\/The-Claretian-Mission-2018-Web-Mobile.pdf\" target=\"_blank\" rel=\"noopener\">View the entire PDF version of the Claretian Mission 2018<\/a><\/p>\n<p>&nbsp;<\/p>\n<div class=\"et_pb_slider et_pb_slider_fullwidth_off et_pb_gallery_post_type\">\n\t\t\t\t<div class=\"et_pb_slides\">\n\t\t\t\t\t<div class=\"et_pb_slide\" style=\"background: url(https:\/\/www.claret.org\/wp-content\/uploads\/2018\/09\/animador-gumercindo-2.jpg);\"><\/div><div class=\"et_pb_slide\" style=\"background: url(https:\/\/www.claret.org\/wp-content\/uploads\/2018\/09\/animador-gumercindo-3.jpg);\"><\/div><div class=\"et_pb_slide\" style=\"background: url(https:\/\/www.claret.org\/wp-content\/uploads\/2018\/09\/animador-gumercindo-4.jpg);\"><\/div><div class=\"et_pb_slide\" style=\"background: url(https:\/\/www.claret.org\/wp-content\/uploads\/2018\/09\/animador-gumercindo-1.jpg);\"><\/div>\n\t\t\t\t<\/div>\n\t\t\t<\/div>\n","protected":false},"excerpt":{"rendered":"<p>&#8220;Conosco la realt\u00e0 dei giovani e le loro domande sulla vita. L&#8217;incontro con il Dio vivente mi motiva a fornire accompagnamento ai giovani, con carit\u00e0, gioia e fraternit\u00e0 &#8220;. Nel 2014 ho avuto il mio primo ritiro di Fragua Giovanile, chiamato Quid Prodest. Quell&#8217;esperienza ha cambiato totalmente la mia vita, mi ha fatto approfondire l&#8217;intero [&hellip;]<\/p>\n","protected":false},"author":2,"featured_media":29559,"comment_status":"closed","ping_status":"closed","sticky":false,"template":"","format":"standard","meta":{"_et_pb_use_builder":"","_et_pb_old_content":"","_et_gb_content_width":"","footnotes":""},"categories":[367,458,611,484],"tags":[],"class_list":["post-29827","post","type-post","status-publish","format-standard","has-post-thumbnail","hentry","category-centroamerica-it","category-la-missione-clarettiana","category-missione-viva","category-pastorale-giovanile-e-vocazioni"],"jetpack_featured_media_url":"https:\/\/i0.wp.com\/www.claret.org\/wp-content\/uploads\/2018\/09\/39.jpg?fit=4500%2C2717&ssl=1","jetpack_sharing_enabled":true,"jetpack_shortlink":"https:\/\/wp.me\/pdaBmi-7L5","jetpack_likes_enabled":true,"_links":{"self":[{"href":"https:\/\/www.claret.org\/it\/wp-json\/wp\/v2\/posts\/29827","targetHints":{"allow":["GET"]}}],"collection":[{"href":"https:\/\/www.claret.org\/it\/wp-json\/wp\/v2\/posts"}],"about":[{"href":"https:\/\/www.claret.org\/it\/wp-json\/wp\/v2\/types\/post"}],"author":[{"embeddable":true,"href":"https:\/\/www.claret.org\/it\/wp-json\/wp\/v2\/users\/2"}],"replies":[{"embeddable":true,"href":"https:\/\/www.claret.org\/it\/wp-json\/wp\/v2\/comments?post=29827"}],"version-history":[{"count":0,"href":"https:\/\/www.claret.org\/it\/wp-json\/wp\/v2\/posts\/29827\/revisions"}],"wp:featuredmedia":[{"embeddable":true,"href":"https:\/\/www.claret.org\/it\/wp-json\/wp\/v2\/media\/29559"}],"wp:attachment":[{"href":"https:\/\/www.claret.org\/it\/wp-json\/wp\/v2\/media?parent=29827"}],"wp:term":[{"taxonomy":"category","embeddable":true,"href":"https:\/\/www.claret.org\/it\/wp-json\/wp\/v2\/categories?post=29827"},{"taxonomy":"post_tag","embeddable":true,"href":"https:\/\/www.claret.org\/it\/wp-json\/wp\/v2\/tags?post=29827"}],"curies":[{"name":"wp","href":"https:\/\/api.w.org\/{rel}","templated":true}]}}