{"id":30196,"date":"2018-09-21T00:00:56","date_gmt":"2018-09-20T22:00:56","guid":{"rendered":"https:\/\/www.claret.org\/riunione-in-vista-della-creazione-dell-istituto-teologico-della-vita-consacrata-in-america\/"},"modified":"2018-09-21T00:00:56","modified_gmt":"2018-09-20T22:00:56","slug":"riunione-in-vista-della-creazione-dell-istituto-teologico-della-vita-consacrata-in-america","status":"publish","type":"post","link":"https:\/\/www.claret.org\/it\/riunione-in-vista-della-creazione-dell-istituto-teologico-della-vita-consacrata-in-america\/","title":{"rendered":"RIUNIONE IN VISTA DELLA CREAZIONE DELL\u2019 ISTITUTO TEOLOGICO DELLA VITA CONSACRATA IN AMERICA"},"content":{"rendered":"<p><strong>Bogot\u00e1, Colombia.<\/strong> Il 18 settembre 2018, nella citt\u00e0 di  Bogot\u00e1, ha avuto luogo una riunione per discernere e definire la rilevanza e l\u2019opportunit\u00e0 di creare \u2013 fondare un Istituto Teologico della Vita Consacrata in America.<\/p>\n<p>I partecipanti di questa riunione erano:<\/p>\n<p>Mathew Vattamattam, CMF \u2013 Superiore Generale;<br \/>\nP. Mario Guti\u00e9rrez, CMF \u2013 Superiore Provinciale di San Jos\u00e9 del Sur (Presidente della Commissione);<br \/>\nP. Marcos Loro, CMF \u2013 Superiore Provinciale del Brasile (Vicepresidente di MICLA);<br \/>\nP. Armando Valencia, CMF \u2013 Superiore Provinciale di Colombia \u2013 Venezuela;<br \/>\nP. Josu\u00e9 Gonz\u00e1lez, CMF \u2013 Superiore Provinciale di Colombia Orientale \u2013 Ecuador;<br \/>\nP. Carlos Julio Rozo, CMF \u2013 Coordinatore della Commissione.<\/p>\n<p>&nbsp;<\/p>\n<p><img data-recalc-dims=\"1\" loading=\"lazy\" decoding=\"async\" class=\"alignnone size-full wp-image-30041\" src=\"https:\/\/i0.wp.com\/www.claret.org\/wp-content\/uploads\/2018\/09\/WhatsApp-Image-2018-09-18-at-11.28.37-1.jpeg?resize=1080%2C810&#038;ssl=1\" alt=\"\" width=\"1080\" height=\"810\" title=\"\" srcset=\"https:\/\/i0.wp.com\/www.claret.org\/wp-content\/uploads\/2018\/09\/WhatsApp-Image-2018-09-18-at-11.28.37-1.jpeg?w=1280&amp;ssl=1 1280w, https:\/\/i0.wp.com\/www.claret.org\/wp-content\/uploads\/2018\/09\/WhatsApp-Image-2018-09-18-at-11.28.37-1.jpeg?resize=300%2C225&amp;ssl=1 300w, https:\/\/i0.wp.com\/www.claret.org\/wp-content\/uploads\/2018\/09\/WhatsApp-Image-2018-09-18-at-11.28.37-1.jpeg?resize=768%2C576&amp;ssl=1 768w, https:\/\/i0.wp.com\/www.claret.org\/wp-content\/uploads\/2018\/09\/WhatsApp-Image-2018-09-18-at-11.28.37-1.jpeg?resize=1024%2C768&amp;ssl=1 1024w, https:\/\/i0.wp.com\/www.claret.org\/wp-content\/uploads\/2018\/09\/WhatsApp-Image-2018-09-18-at-11.28.37-1.jpeg?resize=510%2C382&amp;ssl=1 510w, https:\/\/i0.wp.com\/www.claret.org\/wp-content\/uploads\/2018\/09\/WhatsApp-Image-2018-09-18-at-11.28.37-1.jpeg?resize=1080%2C810&amp;ssl=1 1080w\" sizes=\"(max-width: 1080px) 100vw, 1080px\" \/><\/p>\n","protected":false},"excerpt":{"rendered":"<p>Bogot\u00e1, Colombia. Il 18 settembre 2018, nella citt\u00e0 di Bogot\u00e1, ha avuto luogo una riunione per discernere e definire la rilevanza e l\u2019opportunit\u00e0 di creare \u2013 fondare un Istituto Teologico della Vita Consacrata in America. I partecipanti di questa riunione erano: Mathew Vattamattam, CMF \u2013 Superiore Generale; P. Mario Guti\u00e9rrez, CMF \u2013 Superiore Provinciale di [&hellip;]<\/p>\n","protected":false},"author":2,"featured_media":30036,"comment_status":"closed","ping_status":"closed","sticky":false,"template":"","format":"standard","meta":{"_et_pb_use_builder":"","_et_pb_old_content":"","_et_gb_content_width":"","footnotes":""},"categories":[366,375,379,421,352,395],"tags":[],"class_list":["post-30196","post","type-post","status-publish","format-standard","has-post-thumbnail","hentry","category-brasil-it","category-colombia-venezuela-it","category-colombia-oriental-ecuador-it","category-vita-consacrata","category-micla-it","category-san-jose-del-sur-it"],"jetpack_featured_media_url":"https:\/\/i0.wp.com\/www.claret.org\/wp-content\/uploads\/2018\/09\/itvc-america.jpeg?fit=1280%2C635&ssl=1","jetpack_sharing_enabled":true,"jetpack_shortlink":"https:\/\/wp.me\/pdaBmi-7R2","jetpack_likes_enabled":true,"_links":{"self":[{"href":"https:\/\/www.claret.org\/it\/wp-json\/wp\/v2\/posts\/30196","targetHints":{"allow":["GET"]}}],"collection":[{"href":"https:\/\/www.claret.org\/it\/wp-json\/wp\/v2\/posts"}],"about":[{"href":"https:\/\/www.claret.org\/it\/wp-json\/wp\/v2\/types\/post"}],"author":[{"embeddable":true,"href":"https:\/\/www.claret.org\/it\/wp-json\/wp\/v2\/users\/2"}],"replies":[{"embeddable":true,"href":"https:\/\/www.claret.org\/it\/wp-json\/wp\/v2\/comments?post=30196"}],"version-history":[{"count":0,"href":"https:\/\/www.claret.org\/it\/wp-json\/wp\/v2\/posts\/30196\/revisions"}],"wp:featuredmedia":[{"embeddable":true,"href":"https:\/\/www.claret.org\/it\/wp-json\/wp\/v2\/media\/30036"}],"wp:attachment":[{"href":"https:\/\/www.claret.org\/it\/wp-json\/wp\/v2\/media?parent=30196"}],"wp:term":[{"taxonomy":"category","embeddable":true,"href":"https:\/\/www.claret.org\/it\/wp-json\/wp\/v2\/categories?post=30196"},{"taxonomy":"post_tag","embeddable":true,"href":"https:\/\/www.claret.org\/it\/wp-json\/wp\/v2\/tags?post=30196"}],"curies":[{"name":"wp","href":"https:\/\/api.w.org\/{rel}","templated":true}]}}