{"id":30392,"date":"2018-10-02T00:00:15","date_gmt":"2018-10-01T22:00:15","guid":{"rendered":"https:\/\/www.claret.org\/?p=30392"},"modified":"2018-10-02T00:00:15","modified_gmt":"2018-10-01T22:00:15","slug":"2-ottobre","status":"publish","type":"post","link":"https:\/\/www.claret.org\/it\/2-ottobre\/","title":{"rendered":"2 Ottobre"},"content":{"rendered":"<div class=\"field field-name-field-meditacion-cita-texto field-type-text-long field-label-hidden\">\n<div class=\"field-items\">\n<div class=\"field-item even\">\u00abI popoli vengono meno, soffrono la fame, da quando non ricevono pi\u00f9 il pane quotidiano della Parola di Dio; ogni volont\u00e0 di salvezza sar\u00e0 sterile, se non si restaura in tutta la sua pienezza la grande parola cattolica\u00bb.<\/div>\n<\/div>\n<\/div>\n<div class=\"field field-name-field-meditacion-cita field-type-text field-label-hidden\">\n<div class=\"field-items\">\n<div class=\"field-item even\">Aut 450<\/div>\n<\/div>\n<\/div>\n<div class=\"titulo-meditacion\">\n<h2>IL PANE DELLA PAROLA<\/h2>\n<\/div>\n<div class=\"field field-name-body field-type-text-with-summary field-label-hidden\">\n<div class=\"field-items\">\n<div class=\"field-item even\">\n<p>Questo paragrafo -scritto da J. Donoso Cort\u00e9s- Claret lo fece proprio in un periodo in cui in Spagna, a causa della soppressione degli ordini religiosi dal potere civile, vi erano poche predicazioni. I sacerdoti si preparavano in seminario alle funzioni religiose e al governo parrocchiale, ma a fatica per predicare. Claret si rese conto di questa grande mancanza e si lanci\u00f2 per rimediarla. Dopo quattro anni di lavoro in parrocchia (1835-1839), nel presentarsi al noviziato romano dei gesuiti, defin\u00ec se stesso come molto incline a confessare e a esortare il popolo, \u00abtanto che in questi esercizi -dice- sono infaticabile\u00bb (AEC, p. 528).<br \/>\nMesi dopo, nei suoi viaggi come predicatore popolare per la Catalogna, non si accontenter\u00e0 di farle da solo, ma assocer\u00e0 altri al suo compito, dando origine a diversi gruppi di predicatori, fino a sfociare nella Congregazione Clarettiana come aggregazione stabile. E non si limiter\u00e0 a diffondere la parola con la predicazione, ma stamper\u00e0 libretti di catechetici \u2013 pedagogici  e terminer\u00e0 fondando una casa editrice, la \u00abLibreria religiosa\u00bb, che in pochi anni inond\u00f2 la Spagna di opuscoli, fogli volanti e libretti di spiritualit\u00e0.<br \/>\nI mezzi di comunicazione hanno oggi un potere immenso. Questo lo sanno bene i politici, che, se possono, sostengono un periodico e affondano un altro. Noi credenti dovremmo prendere nota e lanciarci su mezzi di comunicazione di qualit\u00e0, che confondano tanto sudiciume pseudo informativo. Un anarchico del sec. XIX si lamentava che tra i suoi seguaci non si fosse pubblicato qualcosa di tanto successo come il Camino recto di Claret. Anche oggi si sente la mancanza di tanti Claret, nell\u2019editoria, nella televisione, in Internet \u2026 che, con parole semplici, saziassero il tanto bisogno -e a volte l\u2019ansia- di alimento salutare.<\/p>\n<\/div>\n<\/div>\n<\/div>\n","protected":false},"excerpt":{"rendered":"<p>\u00abI popoli vengono meno, soffrono la fame, da quando non ricevono pi\u00f9 il pane quotidiano della Parola di Dio; ogni volont\u00e0 di salvezza sar\u00e0 sterile, se non si restaura in tutta la sua pienezza la grande parola cattolica\u00bb. Aut 450 IL PANE DELLA PAROLA Questo paragrafo -scritto da J. Donoso Cort\u00e9s- Claret lo fece proprio [&hellip;]<\/p>\n","protected":false},"author":1,"featured_media":0,"comment_status":"closed","ping_status":"closed","sticky":false,"template":"","format":"standard","meta":{"_et_pb_use_builder":"","_et_pb_old_content":"","_et_gb_content_width":"","footnotes":""},"categories":[525],"tags":[],"class_list":["post-30392","post","type-post","status-publish","format-standard","hentry","category-claret-con-te"],"jetpack_featured_media_url":"","jetpack_sharing_enabled":true,"jetpack_shortlink":"https:\/\/wp.me\/pdaBmi-7Uc","jetpack_likes_enabled":true,"_links":{"self":[{"href":"https:\/\/www.claret.org\/it\/wp-json\/wp\/v2\/posts\/30392","targetHints":{"allow":["GET"]}}],"collection":[{"href":"https:\/\/www.claret.org\/it\/wp-json\/wp\/v2\/posts"}],"about":[{"href":"https:\/\/www.claret.org\/it\/wp-json\/wp\/v2\/types\/post"}],"author":[{"embeddable":true,"href":"https:\/\/www.claret.org\/it\/wp-json\/wp\/v2\/users\/1"}],"replies":[{"embeddable":true,"href":"https:\/\/www.claret.org\/it\/wp-json\/wp\/v2\/comments?post=30392"}],"version-history":[{"count":0,"href":"https:\/\/www.claret.org\/it\/wp-json\/wp\/v2\/posts\/30392\/revisions"}],"wp:attachment":[{"href":"https:\/\/www.claret.org\/it\/wp-json\/wp\/v2\/media?parent=30392"}],"wp:term":[{"taxonomy":"category","embeddable":true,"href":"https:\/\/www.claret.org\/it\/wp-json\/wp\/v2\/categories?post=30392"},{"taxonomy":"post_tag","embeddable":true,"href":"https:\/\/www.claret.org\/it\/wp-json\/wp\/v2\/tags?post=30392"}],"curies":[{"name":"wp","href":"https:\/\/api.w.org\/{rel}","templated":true}]}}