{"id":31130,"date":"2018-10-03T18:10:07","date_gmt":"2018-10-03T16:10:07","guid":{"rendered":"https:\/\/www.claret.org\/sinodo-dei-vescovi-sui-giovani-la-fede-ed-il-discernimento-vocazionale\/"},"modified":"2018-10-04T16:59:02","modified_gmt":"2018-10-04T14:59:02","slug":"sinodo-dei-vescovi-sui-giovani-la-fede-ed-il-discernimento-vocazionale","status":"publish","type":"post","link":"https:\/\/www.claret.org\/it\/sinodo-dei-vescovi-sui-giovani-la-fede-ed-il-discernimento-vocazionale\/","title":{"rendered":"Sinodo dei Vescovi sui Giovani, la Fede ed il Discernimento Vocazionale"},"content":{"rendered":"<p><strong>Piazza San Pietro, Citt\u00e0 del Vaticano.<\/strong> La XV Assemblea Generale Ordinaria del Sinodo dei Vescovi \u00e8 stata inaugurata con la celebrazione della Santa Eucaristia in Piazza San Pietro, mercoled\u00ec mattina 3 ottobre. Il tema del Sinodo \u00e8: &#8220;<em>I giovani, la fede e il discernimento vocazionale<\/em>&#8220;.<\/p>\n<blockquote><p><em>&#8220;Essendo stati formati da tante scelte fatte in passato, i giovani ora ci chiamano per unirsi a loro per affrontare il presente con un maggiore impegno e lavorare contro tutto ci\u00f2 che impedisce alle loro vite di crescere in modo dignitoso. Ci chiedono e richiedono una dedizione creativa, un dinamismo intelligente, entusiasta e pieno di speranza. Ci chiedono di non lasciarli soli nelle mani di tanti venditori di morte che opprimono le loro vite e ne oscurano la visione<\/em> &#8220;- Estratto dall&#8217;omelia di Papa Francesco.<\/p><\/blockquote>\n<p>Oltre ai precedenti contributi richiesti sul Documento Preparatorio, e al fine di garantire che le voci dei giovani siano state espressamente ascoltate,  si \u00e8 tenuto a Roma dal 19 al 24 marzo, un evento Pre-Sinodale, a cui hanno partecipato 300 giovani, e altri quindicimila vi hanno partecipato tramite online. Il documento di lavoro per il Sinodo contiene sia il materiale del documento preparato dai giovani di tutto il mondo, che \u00e8 stato presentato a Papa Francesco la Domenica delle Palme, sia il riassunto dei contributi inviati dalle Chiese Locali.<\/p>\n<p>Il Sinodo, che si concluder\u00e0 il 28 ottobre, ha visto la partecipazione di oltre 250 vescovi, oltre quaranta giovani, oltre agli uditori invitati, esperti, consulenti e delegati fraterni. Durante la Messa inaugurale, il Papa si \u00e8 commosso nel constatare che due vescovi della Cina continentale stavano partecipando al Sinodo.<\/p>\n<p>Omelia di Papa Francesco durante la Messa di apertura in 6 lingue: <a href=\"http:\/\/press.vatican.va\/content\/salastampa\/it\/bollettino\/pubblico\/2018\/10\/03\/0719\/01528.html\" target=\"_blank\" rel=\"noopener nofollow\">http:\/\/press.vatican.va\/content\/salastampa\/it\/bollettino\/pubblico\/2018\/10\/03\/0719\/01528.html <\/a><\/p>\n<p>Sito web del Sinodo: <a href=\"http:\/\/www.synod2018.va\" target=\"_blank\" rel=\"noopener nofollow\">http:\/\/www.synod2018.va<\/a><\/p>\n<p>Per coloro che desiderano vedere i Canali ed i Media del Vaticano in differenti lingue: <a href=\"https:\/\/www.youtube.com\/user\/vatican\/channels\" target=\"_blank\" rel=\"noopener nofollow\">https:\/\/www.youtube.com\/user\/vatican\/channels<\/a><\/p>\n","protected":false},"excerpt":{"rendered":"<p>Piazza San Pietro, Citt\u00e0 del Vaticano. La XV Assemblea Generale Ordinaria del Sinodo dei Vescovi \u00e8 stata inaugurata con la celebrazione della Santa Eucaristia in Piazza San Pietro, mercoled\u00ec mattina 3 ottobre. Il tema del Sinodo \u00e8: &#8220;I giovani, la fede e il discernimento vocazionale&#8220;. &#8220;Essendo stati formati da tante scelte fatte in passato, i [&hellip;]<\/p>\n","protected":false},"author":2,"featured_media":31045,"comment_status":"closed","ping_status":"closed","sticky":false,"template":"","format":"standard","meta":{"_et_pb_use_builder":"","_et_pb_old_content":"","_et_gb_content_width":"","footnotes":""},"categories":[506,484],"tags":[],"class_list":["post-31130","post","type-post","status-publish","format-standard","has-post-thumbnail","hentry","category-notizie-ecclesiastiche","category-pastorale-giovanile-e-vocazioni"],"jetpack_featured_media_url":"https:\/\/i0.wp.com\/www.claret.org\/wp-content\/uploads\/2018\/10\/Synod-of-Bishops-2018.png?fit=1271%2C585&ssl=1","jetpack_sharing_enabled":true,"jetpack_shortlink":"https:\/\/wp.me\/pdaBmi-866","jetpack_likes_enabled":true,"_links":{"self":[{"href":"https:\/\/www.claret.org\/it\/wp-json\/wp\/v2\/posts\/31130","targetHints":{"allow":["GET"]}}],"collection":[{"href":"https:\/\/www.claret.org\/it\/wp-json\/wp\/v2\/posts"}],"about":[{"href":"https:\/\/www.claret.org\/it\/wp-json\/wp\/v2\/types\/post"}],"author":[{"embeddable":true,"href":"https:\/\/www.claret.org\/it\/wp-json\/wp\/v2\/users\/2"}],"replies":[{"embeddable":true,"href":"https:\/\/www.claret.org\/it\/wp-json\/wp\/v2\/comments?post=31130"}],"version-history":[{"count":0,"href":"https:\/\/www.claret.org\/it\/wp-json\/wp\/v2\/posts\/31130\/revisions"}],"wp:featuredmedia":[{"embeddable":true,"href":"https:\/\/www.claret.org\/it\/wp-json\/wp\/v2\/media\/31045"}],"wp:attachment":[{"href":"https:\/\/www.claret.org\/it\/wp-json\/wp\/v2\/media?parent=31130"}],"wp:term":[{"taxonomy":"category","embeddable":true,"href":"https:\/\/www.claret.org\/it\/wp-json\/wp\/v2\/categories?post=31130"},{"taxonomy":"post_tag","embeddable":true,"href":"https:\/\/www.claret.org\/it\/wp-json\/wp\/v2\/tags?post=31130"}],"curies":[{"name":"wp","href":"https:\/\/api.w.org\/{rel}","templated":true}]}}