{"id":41774,"date":"2019-02-12T09:43:12","date_gmt":"2019-02-12T08:43:12","guid":{"rendered":"https:\/\/www.claret.org\/preparando-laeyg-2019-famiglia-clarettiana-in-timor-est\/"},"modified":"2019-02-12T09:43:12","modified_gmt":"2019-02-12T08:43:12","slug":"preparando-laeyg-2019-famiglia-clarettiana-in-timor-est","status":"publish","type":"post","link":"https:\/\/www.claret.org\/it\/preparando-laeyg-2019-famiglia-clarettiana-in-timor-est\/","title":{"rendered":"PREPARANDO L\u2019AEYG 2019 + FAMIGLIA CLARETTIANA IN TIMOR EST"},"content":{"rendered":"<p><strong>Dili, Timor Est.<\/strong> I rappresentanti dei diversi Organismi Maggiori e membri della Famiglia Clarettiana di ASCLA Est si sono incontrati il 12 febbraio 2019 per i preparativi per il prossimo incontro della giovent\u00f9 di ASCLA e conosciuto come AEYG nella Famiglia Claretiana (AEYG 2019 + CF ) che si terr\u00e0 nella Parrocchia di San Giuseppe ad Aimutin, Dili, capitale di Timor Est. Il tema sar\u00e0 &#8220;LA SOLIDARIET\u00c0 DI CRISTO CI CONDUCE &#8230;&#8221; VIENI, VEDI, CONDIVIDI E SEGUIMI &#8220;. Le persone presenti all&#8217;incontro erano:<strong> <\/strong><\/p>\n<ol>\n<li>Emanuel Lelo Talok, CMF (Vicario della Delegazione di Indonesia \u2013 Timor Est)<\/li>\n<li>Yohanes DariSalib Jeramu, CMF (Prefetto della Giovent\u00f9 e della Pastorale delle Vocazioni \u2013 Delegazione di Indonesia-Timor Est)<\/li>\n<li>Martin Ernest Ele, CMF (Prefetto della Giovent\u00f9 e della Pastorale delle Vocazioni \u2013 Provincia delle Filippine)<\/li>\n<li>Bobin Punnackapadavil, CMF (Prefetto della Pastorale della Giovent\u00f9 \u2013 Delegazione dell\u2019Asia dell\u2019Est)<\/li>\n<li>Irenius Neonbanu, CMF (Timor Est \u2013 Delegazione di Indonesia \u2013 Timor Ovest)<\/li>\n<li>Suor Joana Dresler, MC (Rappresentante delle MSAMC)<\/li>\n<li>Suor Marta, MC (Rappresentante delle MSAMC)<\/li>\n<\/ol>\n<p>In precedenza, la famiglia clarettiana indonesiana &#8211; Timor Est aveva tenuto un incontro il 29 e 31 gennaio, in cui erano presenti le suore RMI (Sr. Dina e Sr. Erna), insieme ai PP. Augusto Campos, Nikolaus Ilan e Ferdinandus Melo, CMFF e 45 leader laici della Parrocchia di Aimutin St. Joseph.<\/p>\n<p>Sotto la guida di Padre Louie Guades III, CMF della Provincia delle Filippine, i Superiori e rappresentanti dei diversi rami della Famiglia Clarettiana, cos\u00ec come dopo l&#8217;approvazione dei Superiori Maggiori di ASCLA Est nel 2013, hanno tenuto per la prima volta l&#8217;AEYG + CF a Quezon City, nelle Filippine, nell&#8217;agosto 2015. Era la prima volta che i diversi rami della famiglia Claretiana in Asia (CMF, RMI, MSAMC, Laici Clarettiani) si incontravano e lavoravano in gruppo per intraprendere un percorso con i giovani asiatici. Anche due importanti organizzazioni dell&#8217;ASCLA Ovest si sono unite alla riunione.<\/p>\n<p>L&#8217;idea principale dell&#8217;incontro \u00e8 di unirsi, come \u00e8 stato fatto in occasione della GMG + FC, e di fare eco a ci\u00f2 che \u00e8 accaduto durante la Giornata Mondiale della Giovent\u00f9 (celebrata in qualche parte del mondo che non sia della Regione ASCLA Est) e che non tutti \/ molti possono partecipare a tali eventi internazionali. \u00c8 anche un luogo di formazione, incontro, scambio di fede e cultura per i giovani e per la famiglia clarettiana della regione. Si celebra ogni due anni ed \u00e8 stato progettato per essere celebrato in diversi paesi sotto la cura dell&#8217;ASCLA Est. AEYG 2017 + FC si \u00e8 tenuta a Yogyakarta, in Indonesia, nel 2017, guidata da P. Yohanes DariSalib Jeramu, CMF, insieme ai rappresentanti della Famiglia Clarettiana della Delegazione Indonesia-Timor Est.<\/p>\n<p>&nbsp;<\/p>\n<p>[envira-gallery id=&#8221;41642&#8243;]<\/p>\n<p>&nbsp;<\/p>\n<p>Videos: <a href=\"https:\/\/www.facebook.com\/pg\/aeygcf\/videos\/\" target=\"_blank\" rel=\"noopener nofollow\">https:\/\/www.facebook.com\/pg\/aeygcf\/videos\/<\/a><\/p>\n<p>Facebook Page: <a href=\"https:\/\/www.facebook.com\/aeygcf\/\" target=\"_blank\" rel=\"noopener nofollow\">https:\/\/www.facebook.com\/aeygcf\/<\/a><\/p>\n","protected":false},"excerpt":{"rendered":"<p>Dili, Timor Est. I rappresentanti dei diversi Organismi Maggiori e membri della Famiglia Clarettiana di ASCLA Est si sono incontrati il 12 febbraio 2019 per i preparativi per il prossimo incontro della giovent\u00f9 di ASCLA e conosciuto come AEYG nella Famiglia Claretiana (AEYG 2019 + CF ) che si terr\u00e0 nella Parrocchia di San Giuseppe [&hellip;]<\/p>\n","protected":false},"author":2,"featured_media":41658,"comment_status":"closed","ping_status":"closed","sticky":false,"template":"","format":"standard","meta":{"_et_pb_use_builder":"","_et_pb_old_content":"","_et_gb_content_width":"","footnotes":""},"categories":[195,203,197,213,210,484],"tags":[],"class_list":["post-41774","post","type-post","status-publish","format-standard","has-post-thumbnail","hentry","category-ascla-east-it","category-ave-maria-it","category-east-asia-it","category-fr-rhoel-gallardo-it","category-korea-it","category-pastorale-giovanile-e-vocazioni"],"jetpack_featured_media_url":"https:\/\/i0.wp.com\/www.claret.org\/wp-content\/uploads\/2019\/02\/ASCLAE-20190212-AEYG-2019-CF-Preparations-3.jpg?fit=1728%2C1296&ssl=1","jetpack_sharing_enabled":true,"jetpack_shortlink":"https:\/\/wp.me\/pdaBmi-aRM","jetpack_likes_enabled":true,"_links":{"self":[{"href":"https:\/\/www.claret.org\/it\/wp-json\/wp\/v2\/posts\/41774","targetHints":{"allow":["GET"]}}],"collection":[{"href":"https:\/\/www.claret.org\/it\/wp-json\/wp\/v2\/posts"}],"about":[{"href":"https:\/\/www.claret.org\/it\/wp-json\/wp\/v2\/types\/post"}],"author":[{"embeddable":true,"href":"https:\/\/www.claret.org\/it\/wp-json\/wp\/v2\/users\/2"}],"replies":[{"embeddable":true,"href":"https:\/\/www.claret.org\/it\/wp-json\/wp\/v2\/comments?post=41774"}],"version-history":[{"count":0,"href":"https:\/\/www.claret.org\/it\/wp-json\/wp\/v2\/posts\/41774\/revisions"}],"wp:featuredmedia":[{"embeddable":true,"href":"https:\/\/www.claret.org\/it\/wp-json\/wp\/v2\/media\/41658"}],"wp:attachment":[{"href":"https:\/\/www.claret.org\/it\/wp-json\/wp\/v2\/media?parent=41774"}],"wp:term":[{"taxonomy":"category","embeddable":true,"href":"https:\/\/www.claret.org\/it\/wp-json\/wp\/v2\/categories?post=41774"},{"taxonomy":"post_tag","embeddable":true,"href":"https:\/\/www.claret.org\/it\/wp-json\/wp\/v2\/tags?post=41774"}],"curies":[{"name":"wp","href":"https:\/\/api.w.org\/{rel}","templated":true}]}}