{"id":42964,"date":"2019-03-04T06:03:27","date_gmt":"2019-03-04T05:03:27","guid":{"rendered":"https:\/\/www.claret.org\/continua-la-pianificazione-in-vista-della-creazione-dell-istituto-di-vita-consacrata-per-lamerica\/"},"modified":"2019-03-04T06:03:27","modified_gmt":"2019-03-04T05:03:27","slug":"continua-la-pianificazione-in-vista-della-creazione-dell-istituto-di-vita-consacrata-per-lamerica","status":"publish","type":"post","link":"https:\/\/www.claret.org\/it\/continua-la-pianificazione-in-vista-della-creazione-dell-istituto-di-vita-consacrata-per-lamerica\/","title":{"rendered":"CONTINUA LA PIANIFICAZIONE IN VISTA DELLA CREAZIONE DELL\u2019 ISTITUTO DI VITA CONSACRATA PER L\u2019AMERICA"},"content":{"rendered":"<p><strong>Bogot\u00e1, Colombia.<\/strong> I tre clarettiani incaricati di formare e preparare l&#8217;Istituto di Vita Consacrata per l&#8217;America si sono incontrati il 27 febbraio presso la Curia Provinciale della Provincia Clarettiana della Colombia Orientale &#8211; Ecuador, a Bogot\u00e0, per lavorare insieme sugli Statuti e il Bilancio che li guideranno come gruppo, e verificare il processo di &#8220;uscita&#8221; dell&#8217;Istituto che sta arrivando. Il gruppo \u00e8 composta dai PP. Antonio Santill\u00e1n, CMF (San Jos\u00e9 del Sur), Carlos Julio Rozo, CMF (Colombia Orientale-Ecuador) e Alfredo Plaza, CMF (Colombia &#8211; Venezuela).<\/p>\n","protected":false},"excerpt":{"rendered":"<p>Bogot\u00e1, Colombia. I tre clarettiani incaricati di formare e preparare l&#8217;Istituto di Vita Consacrata per l&#8217;America si sono incontrati il 27 febbraio presso la Curia Provinciale della Provincia Clarettiana della Colombia Orientale &#8211; Ecuador, a Bogot\u00e0, per lavorare insieme sugli Statuti e il Bilancio che li guideranno come gruppo, e verificare il processo di &#8220;uscita&#8221; [&hellip;]<\/p>\n","protected":false},"author":2,"featured_media":42775,"comment_status":"closed","ping_status":"closed","sticky":false,"template":"","format":"standard","meta":{"_et_pb_use_builder":"","_et_pb_old_content":"","_et_gb_content_width":"","footnotes":""},"categories":[421,352],"tags":[],"class_list":["post-42964","post","type-post","status-publish","format-standard","has-post-thumbnail","hentry","category-vita-consacrata","category-micla-it"],"jetpack_featured_media_url":"https:\/\/i0.wp.com\/www.claret.org\/wp-content\/uploads\/2019\/03\/VCIVCA-20190227-Organizando-el-IVCA.jpg?fit=1280%2C960&ssl=1","jetpack_sharing_enabled":true,"jetpack_shortlink":"https:\/\/wp.me\/pdaBmi-baY","jetpack_likes_enabled":true,"_links":{"self":[{"href":"https:\/\/www.claret.org\/it\/wp-json\/wp\/v2\/posts\/42964","targetHints":{"allow":["GET"]}}],"collection":[{"href":"https:\/\/www.claret.org\/it\/wp-json\/wp\/v2\/posts"}],"about":[{"href":"https:\/\/www.claret.org\/it\/wp-json\/wp\/v2\/types\/post"}],"author":[{"embeddable":true,"href":"https:\/\/www.claret.org\/it\/wp-json\/wp\/v2\/users\/2"}],"replies":[{"embeddable":true,"href":"https:\/\/www.claret.org\/it\/wp-json\/wp\/v2\/comments?post=42964"}],"version-history":[{"count":0,"href":"https:\/\/www.claret.org\/it\/wp-json\/wp\/v2\/posts\/42964\/revisions"}],"wp:featuredmedia":[{"embeddable":true,"href":"https:\/\/www.claret.org\/it\/wp-json\/wp\/v2\/media\/42775"}],"wp:attachment":[{"href":"https:\/\/www.claret.org\/it\/wp-json\/wp\/v2\/media?parent=42964"}],"wp:term":[{"taxonomy":"category","embeddable":true,"href":"https:\/\/www.claret.org\/it\/wp-json\/wp\/v2\/categories?post=42964"},{"taxonomy":"post_tag","embeddable":true,"href":"https:\/\/www.claret.org\/it\/wp-json\/wp\/v2\/tags?post=42964"}],"curies":[{"name":"wp","href":"https:\/\/api.w.org\/{rel}","templated":true}]}}