{"id":44482,"date":"2019-04-26T15:33:26","date_gmt":"2019-04-26T13:33:26","guid":{"rendered":"https:\/\/www.claret.org\/celebrazione-della-pasqua-con-migranti-e-rifugiati\/"},"modified":"2019-04-30T05:48:59","modified_gmt":"2019-04-30T03:48:59","slug":"celebrazione-della-pasqua-con-migranti-e-rifugiati","status":"publish","type":"post","link":"https:\/\/www.claret.org\/it\/celebrazione-della-pasqua-con-migranti-e-rifugiati\/","title":{"rendered":"Celebrazione della Pasqua con migranti e rifugiati"},"content":{"rendered":"<strong>Bucheon, Corea del Sud<\/strong>. \u00c8 stato un giorno di gioia per i membri della Comunit\u00e0 dei Migranti St. Claret il fatto di celebrare la Santa Eucaristia con migranti e rifugiati la domenica di Pasqua. C&#8217;erano 85 immigrati e rifugiati provenienti da Filippine, Vietnam, Sri Lanka, Messico, India, Cambogia ed Etiopia. La solenne celebrazione eucaristica \u00e8 iniziata alle 11.30 di domenica 21, presieduta dai sacerdoti della nostra Comunit\u00e0 Migranti di St Claret. Dopo la Santa Eucaristia, c&#8217;\u00e8 stato un delizioso pasto preparato dai volontari clarettiani e dai migranti. \u00c8 stato un momento felice per tutti i membri della comunit\u00e0 di immigrati del St. Claret poter celebrare la Resurrezione di nostro Signore con migranti e rifugiati. La celebrazione della Pasqua \u00e8 stata anche l&#8217;occasione per presentare il nostro centro e il ministero per i migranti del St. Claret a migranti e rifugiati provenienti da diversi paesi, e anche per organizzare i migranti e i rifugiati sparsi nella zona di Bucheon, nella Diocesi di Incheon. Questa iniziativa missionaria clarettiana della Delegazione della Corea \u00e8 stata anche un&#8217;opportunit\u00e0 per migranti e rifugiati per ottenere consulenza gratuita, assistenza pastorale, medica, legale e accesso a un rifugio temporaneo per donne presso il Centro Migranti di St. Claret.","protected":false},"excerpt":{"rendered":"","protected":false},"author":3,"featured_media":44417,"comment_status":"closed","ping_status":"closed","sticky":false,"template":"","format":"standard","meta":{"_et_pb_use_builder":"off","_et_pb_old_content":"","_et_gb_content_width":"","footnotes":""},"categories":[195,210],"tags":[],"class_list":["post-44482","post","type-post","status-publish","format-standard","has-post-thumbnail","hentry","category-ascla-east-it","category-korea-it"],"jetpack_featured_media_url":"https:\/\/i0.wp.com\/www.claret.org\/wp-content\/uploads\/2019\/04\/20190421_121856.jpg?fit=5312%2C2988&ssl=1","jetpack_sharing_enabled":true,"jetpack_shortlink":"https:\/\/wp.me\/pdaBmi-bzs","jetpack_likes_enabled":true,"_links":{"self":[{"href":"https:\/\/www.claret.org\/it\/wp-json\/wp\/v2\/posts\/44482","targetHints":{"allow":["GET"]}}],"collection":[{"href":"https:\/\/www.claret.org\/it\/wp-json\/wp\/v2\/posts"}],"about":[{"href":"https:\/\/www.claret.org\/it\/wp-json\/wp\/v2\/types\/post"}],"author":[{"embeddable":true,"href":"https:\/\/www.claret.org\/it\/wp-json\/wp\/v2\/users\/3"}],"replies":[{"embeddable":true,"href":"https:\/\/www.claret.org\/it\/wp-json\/wp\/v2\/comments?post=44482"}],"version-history":[{"count":0,"href":"https:\/\/www.claret.org\/it\/wp-json\/wp\/v2\/posts\/44482\/revisions"}],"wp:featuredmedia":[{"embeddable":true,"href":"https:\/\/www.claret.org\/it\/wp-json\/wp\/v2\/media\/44417"}],"wp:attachment":[{"href":"https:\/\/www.claret.org\/it\/wp-json\/wp\/v2\/media?parent=44482"}],"wp:term":[{"taxonomy":"category","embeddable":true,"href":"https:\/\/www.claret.org\/it\/wp-json\/wp\/v2\/categories?post=44482"},{"taxonomy":"post_tag","embeddable":true,"href":"https:\/\/www.claret.org\/it\/wp-json\/wp\/v2\/tags?post=44482"}],"curies":[{"name":"wp","href":"https:\/\/api.w.org\/{rel}","templated":true}]}}