{"id":51583,"date":"2013-01-14T17:49:37","date_gmt":"2013-01-14T16:49:37","guid":{"rendered":"https:\/\/www.claret.org\/commissione-per-la-beatificazione-dei-clarettiani-martiri-del-s-xx\/"},"modified":"2013-01-14T17:49:37","modified_gmt":"2013-01-14T16:49:37","slug":"commissione-per-la-beatificazione-dei-clarettiani-martiri-del-s-xx","status":"publish","type":"post","link":"https:\/\/www.claret.org\/it\/commissione-per-la-beatificazione-dei-clarettiani-martiri-del-s-xx\/","title":{"rendered":"Commissione per la beatificazione dei Clarettiani \u201cMartiri del s. XX\u201d"},"content":{"rendered":"<p><strong>Barcelona, Spagna<\/strong>. Il 10 gennaio si \u00e8 riunito a Barcellona, nella comunit\u00e0 della Curia provinciale della Catalogna, la Commissione per la beatificazione dei Martiri clarettiani di  Sig\u00fcenza, Fern\u00e1n Caballero e Tarragona, \u201cMartiri del s. XX\u201d.<\/p>\n<p>Vi hanno assistito i  PP. Josep Armegol e Ramon Olom\u00ed come Delegati per la Provincia di Catalogna; Manuel M\u00aa Carrasco ed Eleuterio L\u00f3pez come Delegati per la Provincia Betica, e Vicente Pecharrom\u00e1n, Postulatore Generale. Sono stati trattati temi referenti a pubblicazioni e propaganda per far conoscere i nostri martiri e motivare la devozione a questi testimoni della fede, e si \u00e8 dato urgenza ai lavori della logistica per la giornata della beatificazione, 27 ottobre, in Tarragona.<\/p>\n","protected":false},"excerpt":{"rendered":"<p>Barcelona, Spagna. Il 10 gennaio si \u00e8 riunito a Barcellona, nella comunit\u00e0 della Curia provinciale della Catalogna, la Commissione per la beatificazione dei Martiri clarettiani di Sig\u00fcenza, Fern\u00e1n Caballero e Tarragona, \u201cMartiri del s. XX\u201d. Vi hanno assistito i PP. Josep Armegol e Ramon Olom\u00ed come Delegati per la Provincia di Catalogna; Manuel M\u00aa Carrasco [&hellip;]<\/p>\n","protected":false},"author":1,"featured_media":51578,"comment_status":"closed","ping_status":"closed","sticky":false,"template":"","format":"standard","meta":{"_et_pb_use_builder":"","_et_pb_old_content":"","_et_gb_content_width":"","footnotes":""},"categories":[1100],"tags":[],"class_list":["post-51583","post","type-post","status-publish","format-standard","has-post-thumbnail","hentry","category-fernan-caballero-it"],"jetpack_featured_media_url":"https:\/\/i0.wp.com\/www.claret.org\/wp-content\/uploads\/2019\/07\/Barcelona_Beastificacion.jpg?fit=450%2C336&ssl=1","jetpack_sharing_enabled":true,"jetpack_shortlink":"https:\/\/wp.me\/pdaBmi-dpZ","jetpack_likes_enabled":true,"_links":{"self":[{"href":"https:\/\/www.claret.org\/it\/wp-json\/wp\/v2\/posts\/51583","targetHints":{"allow":["GET"]}}],"collection":[{"href":"https:\/\/www.claret.org\/it\/wp-json\/wp\/v2\/posts"}],"about":[{"href":"https:\/\/www.claret.org\/it\/wp-json\/wp\/v2\/types\/post"}],"author":[{"embeddable":true,"href":"https:\/\/www.claret.org\/it\/wp-json\/wp\/v2\/users\/1"}],"replies":[{"embeddable":true,"href":"https:\/\/www.claret.org\/it\/wp-json\/wp\/v2\/comments?post=51583"}],"version-history":[{"count":0,"href":"https:\/\/www.claret.org\/it\/wp-json\/wp\/v2\/posts\/51583\/revisions"}],"wp:featuredmedia":[{"embeddable":true,"href":"https:\/\/www.claret.org\/it\/wp-json\/wp\/v2\/media\/51578"}],"wp:attachment":[{"href":"https:\/\/www.claret.org\/it\/wp-json\/wp\/v2\/media?parent=51583"}],"wp:term":[{"taxonomy":"category","embeddable":true,"href":"https:\/\/www.claret.org\/it\/wp-json\/wp\/v2\/categories?post=51583"},{"taxonomy":"post_tag","embeddable":true,"href":"https:\/\/www.claret.org\/it\/wp-json\/wp\/v2\/tags?post=51583"}],"curies":[{"name":"wp","href":"https:\/\/api.w.org\/{rel}","templated":true}]}}