{"id":51712,"date":"2012-12-28T18:58:05","date_gmt":"2012-12-28T17:58:05","guid":{"rendered":"https:\/\/www.claret.org\/nelle-frontiere-della-filosofia-e-della-cultura\/"},"modified":"2012-12-28T18:58:05","modified_gmt":"2012-12-28T17:58:05","slug":"nelle-frontiere-della-filosofia-e-della-cultura","status":"publish","type":"post","link":"https:\/\/www.claret.org\/it\/nelle-frontiere-della-filosofia-e-della-cultura\/","title":{"rendered":"Nelle frontiere della Filosofia e della Cultura"},"content":{"rendered":"<div class=\"field field-name-body field-type-text-with-summary field-label-hidden\">\n<div class=\"field-items\">\n<div class=\"field-item even\">\n<p><strong>Colmenar Viejo, Spagna<\/strong>. Il Sinodo sulla Nuova Evangelizzazione ha chiesto ai religiosi di essere chiaramente disposti a varcare le frontiere geografiche, sociali e culturali dell\u2019evangelizzazione e ad avvicinarsi alle sue nuove prospettive.<\/p>\n<p>Recentemente sono state pubblicate le VIII Giornate della rivista <em>Dialogo Filosofico<\/em> svoltesi poco pi\u00f9 di un anno fa, sotto il titolo \u2018La Prima Filosofia\u2019.<\/p>\n<p>L\u2019edizione in carta ha 312 pagine ed \u00e8 stato pubblicato anche un CD-rom.<\/p>\n<p>La rivista <em>Di\u00e1logo Filos\u00f3fico<\/em>, edita dai clarettiani della Provincia di Santiago, compie gi\u00e0 28 anni di esistenza, ed \u00e8 giunta al n\u00ba 84 nel dicembre  2012.<\/p>\n<p>Oltre alla pubblicazione quadrimestrale, in collaborazione con l\u2019Universit\u00e0 di Salamanca, il Comit\u00e9 della rivista organizza periodicamente le \u201cGiornate del Dialogo Filosofico\u201d che in aprile 2013 giungeranno alla loro IX edizione, abbordando il tema della \u201cFilosofia pratica\u201d.<\/p>\n<p>Nell\u2019organizzazione di queste giornate, richiama l\u2019attenzione la variet\u00e0 di autori e conferenzieri. Vi partecipano universit\u00e0 cattoliche e civili, voci europee e sudamericane, uomini e donne\u2026L\u2019autorit\u00e0 dei membri del Comit\u00e9 Scientifico \u00e8 difficile da mettere in questione.<\/p>\n<\/div>\n<\/div>\n<\/div>\n","protected":false},"excerpt":{"rendered":"<p>Colmenar Viejo, Spagna. Il Sinodo sulla Nuova Evangelizzazione ha chiesto ai religiosi di essere chiaramente disposti a varcare le frontiere geografiche, sociali e culturali dell\u2019evangelizzazione e ad avvicinarsi alle sue nuove prospettive. Recentemente sono state pubblicate le VIII Giornate della rivista Dialogo Filosofico svoltesi poco pi\u00f9 di un anno fa, sotto il titolo \u2018La Prima [&hellip;]<\/p>\n","protected":false},"author":1,"featured_media":51707,"comment_status":"closed","ping_status":"closed","sticky":false,"template":"","format":"standard","meta":{"_et_pb_use_builder":"","_et_pb_old_content":"","_et_gb_content_width":"","footnotes":""},"categories":[338],"tags":[],"class_list":["post-51712","post","type-post","status-publish","format-standard","has-post-thumbnail","hentry","category-santiago-it"],"jetpack_featured_media_url":"https:\/\/i0.wp.com\/www.claret.org\/wp-content\/uploads\/2019\/07\/dialogofilosofico.jpg?fit=300%2C450&ssl=1","jetpack_sharing_enabled":true,"jetpack_shortlink":"https:\/\/wp.me\/pdaBmi-ds4","jetpack_likes_enabled":true,"_links":{"self":[{"href":"https:\/\/www.claret.org\/it\/wp-json\/wp\/v2\/posts\/51712","targetHints":{"allow":["GET"]}}],"collection":[{"href":"https:\/\/www.claret.org\/it\/wp-json\/wp\/v2\/posts"}],"about":[{"href":"https:\/\/www.claret.org\/it\/wp-json\/wp\/v2\/types\/post"}],"author":[{"embeddable":true,"href":"https:\/\/www.claret.org\/it\/wp-json\/wp\/v2\/users\/1"}],"replies":[{"embeddable":true,"href":"https:\/\/www.claret.org\/it\/wp-json\/wp\/v2\/comments?post=51712"}],"version-history":[{"count":0,"href":"https:\/\/www.claret.org\/it\/wp-json\/wp\/v2\/posts\/51712\/revisions"}],"wp:featuredmedia":[{"embeddable":true,"href":"https:\/\/www.claret.org\/it\/wp-json\/wp\/v2\/media\/51707"}],"wp:attachment":[{"href":"https:\/\/www.claret.org\/it\/wp-json\/wp\/v2\/media?parent=51712"}],"wp:term":[{"taxonomy":"category","embeddable":true,"href":"https:\/\/www.claret.org\/it\/wp-json\/wp\/v2\/categories?post=51712"},{"taxonomy":"post_tag","embeddable":true,"href":"https:\/\/www.claret.org\/it\/wp-json\/wp\/v2\/tags?post=51712"}],"curies":[{"name":"wp","href":"https:\/\/api.w.org\/{rel}","templated":true}]}}