{"id":52744,"date":"2012-06-29T12:10:49","date_gmt":"2012-06-29T10:10:49","guid":{"rendered":"https:\/\/www.claret.org\/parrocchia-gestita-dai-clarettiani-ha-procurato-800-posti-di-lavoro\/"},"modified":"2012-06-29T12:10:49","modified_gmt":"2012-06-29T10:10:49","slug":"parrocchia-gestita-dai-clarettiani-ha-procurato-800-posti-di-lavoro","status":"publish","type":"post","link":"https:\/\/www.claret.org\/it\/parrocchia-gestita-dai-clarettiani-ha-procurato-800-posti-di-lavoro\/","title":{"rendered":"Parrocchia gestita dai clarettiani ha procurato 800 posti di lavoro"},"content":{"rendered":"<p><strong>Valenza, Spagna<\/strong>.  La parrocchia di San Vincenzo martire di Valenza, retta dai missionari clarettiani della Provincia di Santiago, dirige un ufficio di collocamento che ha ottenuto pi\u00f9 di 800 posti di lavoro per persone disoccupate, durante i 5 anni dall\u2019inizio del suo funzionamento.<\/p>\n<p>I disoccupati iniziano con una intervista col P. Angelo Sanz Garro, cmf, che ha iniziato questo lavoro, la quale focalizza la situazione personale per determinare l\u2019urgenza di ogni singolo caso.<\/p>\n<p>Dopo la prima intervista i \u201cpronti\u201d si uniscono al gruppo per partecipare alle riunioni dei primi luned\u00ec del mese in cui ricevono orientamenti psicologici. Nello stesso tempo, nei secondi luned\u00ec di ogni mese si fanno conferenze di formazione su temi in relazione all\u2019impiego, e su come comportarsi con persone anziane e handicappate.<\/p>\n<p>Originariamente, l\u2019ufficio di collocamento era destinato agli immigrati, ma a causa della  situazione<br \/>\nattuale sono aumentate notevolmente le domande e continuamente sono sempre pi\u00f9 gli spagnoli che chiedono lavoro. Il profilo maggioritario delle persone del gruppo \u00e8 composto da donne che cercano un impiego nell\u2019assistenza a persone anziane o malati.<\/p>\n<p>L\u2019Ufficio di Collocamento si sta specializzando nell\u2019assistenza ad anziani in situazione di totale dipendenza, perch\u00e9 \u201c\u00e8 il tipo di malato pi\u00f9 difficile da servire e crediamo che abbia pi\u00f9 domande\u201d, assicura il P. Angel. Perci\u00f2, il gruppo mantiene contatti con il \u201cConsiglio del Benessere sociale\u201d, \u201cMedici del Mondo\u201d, la ONG \u201cMovimento per la Pace\u201d ed il \u201cCentro Integrazione\u201d che cura malati di Parkinson ed Alzheimer. Collaborano pure con \u201cCocemfe\u201d, la confederazione delle persone con handicap fisici e mentali, che raccoglie pi\u00f9 di 30 istituzioni.<\/p>\n","protected":false},"excerpt":{"rendered":"<p>Valenza, Spagna. La parrocchia di San Vincenzo martire di Valenza, retta dai missionari clarettiani della Provincia di Santiago, dirige un ufficio di collocamento che ha ottenuto pi\u00f9 di 800 posti di lavoro per persone disoccupate, durante i 5 anni dall\u2019inizio del suo funzionamento. I disoccupati iniziano con una intervista col P. Angelo Sanz Garro, cmf, [&hellip;]<\/p>\n","protected":false},"author":1,"featured_media":52738,"comment_status":"closed","ping_status":"closed","sticky":false,"template":"","format":"standard","meta":{"_et_pb_use_builder":"","_et_pb_old_content":"","_et_gb_content_width":"","footnotes":""},"categories":[1098,338],"tags":[],"class_list":["post-52744","post","type-post","status-publish","format-standard","has-post-thumbnail","hentry","category-parrocchie","category-santiago-it"],"jetpack_featured_media_url":"https:\/\/i0.wp.com\/www.claret.org\/wp-content\/uploads\/2019\/07\/Valencia_Parroq_trabajo.jpg?fit=365%2C273&ssl=1","jetpack_sharing_enabled":true,"jetpack_shortlink":"https:\/\/wp.me\/pdaBmi-dII","jetpack_likes_enabled":true,"_links":{"self":[{"href":"https:\/\/www.claret.org\/it\/wp-json\/wp\/v2\/posts\/52744","targetHints":{"allow":["GET"]}}],"collection":[{"href":"https:\/\/www.claret.org\/it\/wp-json\/wp\/v2\/posts"}],"about":[{"href":"https:\/\/www.claret.org\/it\/wp-json\/wp\/v2\/types\/post"}],"author":[{"embeddable":true,"href":"https:\/\/www.claret.org\/it\/wp-json\/wp\/v2\/users\/1"}],"replies":[{"embeddable":true,"href":"https:\/\/www.claret.org\/it\/wp-json\/wp\/v2\/comments?post=52744"}],"version-history":[{"count":0,"href":"https:\/\/www.claret.org\/it\/wp-json\/wp\/v2\/posts\/52744\/revisions"}],"wp:featuredmedia":[{"embeddable":true,"href":"https:\/\/www.claret.org\/it\/wp-json\/wp\/v2\/media\/52738"}],"wp:attachment":[{"href":"https:\/\/www.claret.org\/it\/wp-json\/wp\/v2\/media?parent=52744"}],"wp:term":[{"taxonomy":"category","embeddable":true,"href":"https:\/\/www.claret.org\/it\/wp-json\/wp\/v2\/categories?post=52744"},{"taxonomy":"post_tag","embeddable":true,"href":"https:\/\/www.claret.org\/it\/wp-json\/wp\/v2\/tags?post=52744"}],"curies":[{"name":"wp","href":"https:\/\/api.w.org\/{rel}","templated":true}]}}