{"id":53097,"date":"2019-07-18T17:33:25","date_gmt":"2019-07-18T15:33:25","guid":{"rendered":"https:\/\/www.claret.org\/p-valentin-ramon-lopez\/"},"modified":"2019-07-18T17:33:25","modified_gmt":"2019-07-18T15:33:25","slug":"p-valentin-ramon-lopez","status":"publish","type":"post","link":"https:\/\/www.claret.org\/it\/p-valentin-ramon-lopez\/","title":{"rendered":"P. VALENT\u00cdN RAM\u00d3N L\u00d3PEZ"},"content":{"rendered":"<p>\u00c8 deceduto il 17 luglio 2019 a San Gabriel, negli Stati Uniti.<\/p>\n<p>Aveva 81 anni.<\/p>\n<p>E lui apparteneva alla Provincia USA-Canada.<\/p>\n<p>Riposi nella Pace del Signore.<\/p>\n","protected":false},"excerpt":{"rendered":"<p>\u00c8 deceduto il 17 luglio 2019 a San Gabriel, negli Stati Uniti. Aveva 81 anni. E lui apparteneva alla Provincia USA-Canada. Riposi nella Pace del Signore.<\/p>\n","protected":false},"author":3,"featured_media":53066,"comment_status":"closed","ping_status":"closed","sticky":false,"template":"","format":"standard","meta":{"_et_pb_use_builder":"","_et_pb_old_content":"","_et_gb_content_width":"","footnotes":""},"categories":[560],"tags":[],"class_list":["post-53097","post","type-post","status-publish","format-standard","has-post-thumbnail","hentry","category-defunti"],"jetpack_featured_media_url":"https:\/\/i0.wp.com\/www.claret.org\/wp-content\/uploads\/2019\/07\/Ram%C3%B3n-L%C3%B3pez.jpg?fit=289%2C288&ssl=1","jetpack_sharing_enabled":true,"jetpack_shortlink":"https:\/\/wp.me\/pdaBmi-dOp","jetpack_likes_enabled":true,"_links":{"self":[{"href":"https:\/\/www.claret.org\/it\/wp-json\/wp\/v2\/posts\/53097","targetHints":{"allow":["GET"]}}],"collection":[{"href":"https:\/\/www.claret.org\/it\/wp-json\/wp\/v2\/posts"}],"about":[{"href":"https:\/\/www.claret.org\/it\/wp-json\/wp\/v2\/types\/post"}],"author":[{"embeddable":true,"href":"https:\/\/www.claret.org\/it\/wp-json\/wp\/v2\/users\/3"}],"replies":[{"embeddable":true,"href":"https:\/\/www.claret.org\/it\/wp-json\/wp\/v2\/comments?post=53097"}],"version-history":[{"count":0,"href":"https:\/\/www.claret.org\/it\/wp-json\/wp\/v2\/posts\/53097\/revisions"}],"wp:featuredmedia":[{"embeddable":true,"href":"https:\/\/www.claret.org\/it\/wp-json\/wp\/v2\/media\/53066"}],"wp:attachment":[{"href":"https:\/\/www.claret.org\/it\/wp-json\/wp\/v2\/media?parent=53097"}],"wp:term":[{"taxonomy":"category","embeddable":true,"href":"https:\/\/www.claret.org\/it\/wp-json\/wp\/v2\/categories?post=53097"},{"taxonomy":"post_tag","embeddable":true,"href":"https:\/\/www.claret.org\/it\/wp-json\/wp\/v2\/tags?post=53097"}],"curies":[{"name":"wp","href":"https:\/\/api.w.org\/{rel}","templated":true}]}}