{"id":53161,"date":"2012-05-15T18:32:05","date_gmt":"2012-05-15T16:32:05","guid":{"rendered":"https:\/\/www.claret.org\/joven-claret-nuova-proposta-per-la-pgv\/"},"modified":"2012-05-15T18:32:05","modified_gmt":"2012-05-15T16:32:05","slug":"joven-claret-nuova-proposta-per-la-pgv","status":"publish","type":"post","link":"https:\/\/www.claret.org\/it\/joven-claret-nuova-proposta-per-la-pgv\/","title":{"rendered":"&#8216;Joven Claret&#8217;: nuova proposta per la PGV"},"content":{"rendered":"<p><strong>Lima, Per\u00fa<\/strong>. I Clarettiani della Provincia di Per\u00f9-Bolivia hanno inaugurato una nuova pagina web. Il suo scopo \u00e8 quello di contribuire efficacemente alla Pastorale Giovanile Clarettiana. L\u2019indirizzo \u00e8: <a href=\"http:\/\/www.jovenclaret.com\/\" rel=\"nofollow noopener\" target=\"_blank\">www.jovenclaret.com<\/a><br \/>\nInsieme alle visite si attendono commenti e suggerimenti che aiutino a migliorarla.<\/p>\n","protected":false},"excerpt":{"rendered":"<p>Lima, Per\u00fa. I Clarettiani della Provincia di Per\u00f9-Bolivia hanno inaugurato una nuova pagina web. Il suo scopo \u00e8 quello di contribuire efficacemente alla Pastorale Giovanile Clarettiana. L\u2019indirizzo \u00e8: www.jovenclaret.com Insieme alle visite si attendono commenti e suggerimenti che aiutino a migliorarla.<\/p>\n","protected":false},"author":1,"featured_media":53155,"comment_status":"closed","ping_status":"closed","sticky":false,"template":"","format":"standard","meta":{"_et_pb_use_builder":"","_et_pb_old_content":"","_et_gb_content_width":"","footnotes":""},"categories":[484,391,434],"tags":[],"class_list":["post-53161","post","type-post","status-publish","format-standard","has-post-thumbnail","hentry","category-pastorale-giovanile-e-vocazioni","category-peru-bolivia-it","category-tic"],"jetpack_featured_media_url":"https:\/\/i0.wp.com\/www.claret.org\/wp-content\/uploads\/2019\/07\/jovenclaret_Peru.jpg?fit=450%2C408&ssl=1","jetpack_sharing_enabled":true,"jetpack_shortlink":"https:\/\/wp.me\/pdaBmi-dPr","jetpack_likes_enabled":true,"_links":{"self":[{"href":"https:\/\/www.claret.org\/it\/wp-json\/wp\/v2\/posts\/53161","targetHints":{"allow":["GET"]}}],"collection":[{"href":"https:\/\/www.claret.org\/it\/wp-json\/wp\/v2\/posts"}],"about":[{"href":"https:\/\/www.claret.org\/it\/wp-json\/wp\/v2\/types\/post"}],"author":[{"embeddable":true,"href":"https:\/\/www.claret.org\/it\/wp-json\/wp\/v2\/users\/1"}],"replies":[{"embeddable":true,"href":"https:\/\/www.claret.org\/it\/wp-json\/wp\/v2\/comments?post=53161"}],"version-history":[{"count":0,"href":"https:\/\/www.claret.org\/it\/wp-json\/wp\/v2\/posts\/53161\/revisions"}],"wp:featuredmedia":[{"embeddable":true,"href":"https:\/\/www.claret.org\/it\/wp-json\/wp\/v2\/media\/53155"}],"wp:attachment":[{"href":"https:\/\/www.claret.org\/it\/wp-json\/wp\/v2\/media?parent=53161"}],"wp:term":[{"taxonomy":"category","embeddable":true,"href":"https:\/\/www.claret.org\/it\/wp-json\/wp\/v2\/categories?post=53161"},{"taxonomy":"post_tag","embeddable":true,"href":"https:\/\/www.claret.org\/it\/wp-json\/wp\/v2\/tags?post=53161"}],"curies":[{"name":"wp","href":"https:\/\/api.w.org\/{rel}","templated":true}]}}