{"id":53835,"date":"2012-02-24T17:56:18","date_gmt":"2012-02-24T16:56:18","guid":{"rendered":"https:\/\/www.claret.org\/varod-inaugura-un-nuovo-centro-di-riabilitazione\/"},"modified":"2012-02-24T17:56:18","modified_gmt":"2012-02-24T16:56:18","slug":"varod-inaugura-un-nuovo-centro-di-riabilitazione","status":"publish","type":"post","link":"https:\/\/www.claret.org\/it\/varod-inaugura-un-nuovo-centro-di-riabilitazione\/","title":{"rendered":"VAROD inaugura un nuovo centro di riabilitazione"},"content":{"rendered":"<div class=\"field field-name-body field-type-text-with-summary field-label-hidden\">\n<div class=\"field-items\">\n<div class=\"field-item even\">\n<p><b>Sri Lanka.<\/b> VAROD (Organizzazione Vanni per la riabilitazione di persone con capacit\u00e0 diverse), ha inaugurato, l\u20198 febbraio scorso, un nuovo centro di cura in Selvapuram, Murikandy.<\/p>\n<p>VAROD \u00e8 una risposta dei clarettiani di questa Delegazione alla situazione postbellica dello Sri Lanka. Il suo lavoro consiste nella riabilitazione e nella promozione delle vittime della guerra e delle persone con capacit\u00e0 differenti.<\/p>\n<p>Il Centro riceve queste persone dai 14 anni e presta il suo aiuto attraverso le CBR (Comunit\u00e0 di Base per la riabilitazione) e del programma KAROD (Organizzazione Killinochchi di riabilitazione per persone con capacit\u00e0 differenti). Dalle sue origini, ha avuto l\u2019appoggio del Vescovo della Diocesi di Mannar, Don Jos\u00e9 Rayappu.<\/p>\n<p>La nuova sede  \u00e8 stata finanziata dal P. Stefan Wolf, cmf, Superiore Provinciale di Germania, da cui dipende la Delegazione dello Sri Lanka. Oltre ai pazienti e al personale volontario, all\u2019inaugurazione erano pure presenti i Padri: Mathew Vatamattam, cmf, Prefetto Generale di Formazione, Joy Mariaratnam, designato recentemente Superiore Delegato di questa missione, Albert J. Arulraja, cmf, Direttore Esecutivo di VAROD e Ronald Sujeevan, cmf, Direttore Aggiunto.<\/p>\n<p><img data-recalc-dims=\"1\" loading=\"lazy\" decoding=\"async\" class=\"smartresize alignright\" src=\"https:\/\/i0.wp.com\/www2.claret.org\/sites\/default\/files\/imagenes\/Noticias\/blessing_5.jpg?resize=450%2C303\" alt=\"blessing_5\" width=\"450\" height=\"303\" title=\"\">Il nuovo Centro sar\u00e0 una unit\u00e0 dipendente  dalla sede principale di Vavuniya e render\u00e0 pi\u00f9 efficiente questo lavoro nei distretti di Kilinochchi e Mullaittivu. Abbraccia un\u2019unit\u00e0 di fisioterapia, due ambulatori ed una sala di classe. Sar\u00e0 costruito col finanziamento della ONG spagnola \u201cMani Unite\u201d.<\/p>\n<p>Negli ultimi anni, VAROD ha prestato cure a quasi 5.000 persone andicappate, nei tre distretti. Molte di esse sono state seguite attraverso programmi di riabilitazione medica, educativa e con mezzi di sussistenza.<\/p>\n<p>VAROD \u00e8 pure una testimonianza di missione condivisa. Due \u2018sorelle della Sacra Famiglia\u2019 stanno aiutando nell\u2019assistenza alla sezione femminile delle bambine. Una \u2018sorella della Santa Croce\u2019 assiste nell\u2019infermeria del Centro di Riabilitazione e  \u201cAmaithithendral\u201d, gruppo di \u2018counseling\u2019 degli \u2018Oblati\u2019, nella consulenza ai gruppi di lavoro.<\/p>\n<\/div>\n<\/div>\n<\/div>\n","protected":false},"excerpt":{"rendered":"<p>Sri Lanka. VAROD (Organizzazione Vanni per la riabilitazione di persone con capacit\u00e0 diverse), ha inaugurato, l\u20198 febbraio scorso, un nuovo centro di cura in Selvapuram, Murikandy. VAROD \u00e8 una risposta dei clarettiani di questa Delegazione alla situazione postbellica dello Sri Lanka. Il suo lavoro consiste nella riabilitazione e nella promozione delle vittime della guerra e [&hellip;]<\/p>\n","protected":false},"author":1,"featured_media":53828,"comment_status":"closed","ping_status":"closed","sticky":false,"template":"","format":"standard","meta":{"_et_pb_use_builder":"","_et_pb_old_content":"","_et_gb_content_width":"","footnotes":""},"categories":[458,244],"tags":[],"class_list":["post-53835","post","type-post","status-publish","format-standard","has-post-thumbnail","hentry","category-la-missione-clarettiana","category-st-joseph-vaz-it"],"jetpack_featured_media_url":"https:\/\/i0.wp.com\/www.claret.org\/wp-content\/uploads\/2019\/07\/blessing1.jpg?fit=450%2C337&ssl=1","jetpack_sharing_enabled":true,"jetpack_shortlink":"https:\/\/wp.me\/pdaBmi-e0j","jetpack_likes_enabled":true,"_links":{"self":[{"href":"https:\/\/www.claret.org\/it\/wp-json\/wp\/v2\/posts\/53835","targetHints":{"allow":["GET"]}}],"collection":[{"href":"https:\/\/www.claret.org\/it\/wp-json\/wp\/v2\/posts"}],"about":[{"href":"https:\/\/www.claret.org\/it\/wp-json\/wp\/v2\/types\/post"}],"author":[{"embeddable":true,"href":"https:\/\/www.claret.org\/it\/wp-json\/wp\/v2\/users\/1"}],"replies":[{"embeddable":true,"href":"https:\/\/www.claret.org\/it\/wp-json\/wp\/v2\/comments?post=53835"}],"version-history":[{"count":0,"href":"https:\/\/www.claret.org\/it\/wp-json\/wp\/v2\/posts\/53835\/revisions"}],"wp:featuredmedia":[{"embeddable":true,"href":"https:\/\/www.claret.org\/it\/wp-json\/wp\/v2\/media\/53828"}],"wp:attachment":[{"href":"https:\/\/www.claret.org\/it\/wp-json\/wp\/v2\/media?parent=53835"}],"wp:term":[{"taxonomy":"category","embeddable":true,"href":"https:\/\/www.claret.org\/it\/wp-json\/wp\/v2\/categories?post=53835"},{"taxonomy":"post_tag","embeddable":true,"href":"https:\/\/www.claret.org\/it\/wp-json\/wp\/v2\/tags?post=53835"}],"curies":[{"name":"wp","href":"https:\/\/api.w.org\/{rel}","templated":true}]}}